{"id":43884,"date":"2015-08-11T12:35:18","date_gmt":"2015-08-11T15:35:18","guid":{"rendered":"http:\/\/www.hoymercedes.com.ar\/principal\/?p=43884"},"modified":"2015-08-13T13:06:18","modified_gmt":"2015-08-13T16:06:18","slug":"video-barrios-completamente-inundados-visto-desde-el-aire","status":"publish","type":"post","link":"https:\/\/www.hoymercedes.com.ar\/principal\/2015\/08\/11\/video-barrios-completamente-inundados-visto-desde-el-aire\/","title":{"rendered":"Video: barrios completamente inundados visto desde el aire"},"content":{"rendered":"<p><em><strong>Desde la Municipalidad dieron a conocen un nuevo relevamiento f\u00edlmico sobre la inundaci\u00f3n grav\u00edsima que est\u00e1 viviendo la ciudad. El mismo fue realizado desde el aire por medio del drome de la Sub Secretar\u00eda de Modernizaci\u00f3n del Estado.<\/strong><\/em><\/p>\n<p>Las im\u00e1genes son impactantes y fueron presentadas por el intendente Carlos Selva junto a Maximiliano Chisnerman, responsable del \u00e1rea acompa\u00f1ados por funcionarios y representantes de diversas instituciones abocadas a asistir a los inundados.<\/p>\n<p>El video:<\/p>\n<p><span class=\"embed-youtube\" style=\"text-align:center; display: block;\"><iframe loading=\"lazy\" class=\"youtube-player\" width=\"1200\" height=\"675\" src=\"https:\/\/www.youtube.com\/embed\/K8QxZEKEkpg?version=3&#038;rel=1&#038;showsearch=0&#038;showinfo=1&#038;iv_load_policy=1&#038;fs=1&#038;hl=es-ES&#038;autohide=2&#038;wmode=transparent\" allowfullscreen=\"true\" style=\"border:0;\" sandbox=\"allow-scripts allow-same-origin allow-popups allow-presentation allow-popups-to-escape-sandbox\"><\/iframe><\/span><\/p>\n<p>&nbsp;<\/p>\n","protected":false},"excerpt":{"rendered":"<p>Desde la Municipalidad dieron a conocen un nuevo relevamiento f\u00edlmico sobre la inundaci\u00f3n grav\u00edsima que est\u00e1 viviendo la ciudad. El &#8230; <a title=\"Video: barrios completamente inundados visto desde el aire\" class=\"read-more\" href=\"https:\/\/www.hoymercedes.com.ar\/principal\/2015\/08\/11\/video-barrios-completamente-inundados-visto-desde-el-aire\/\" aria-label=\"Leer m\u00e1s sobre Video: barrios completamente inundados visto desde el aire\">Leer m\u00e1s<\/a><\/p>\n","protected":false},"author":1,"featured_media":43885,"comment_status":"open","ping_status":"open","sticky":false,"template":"","format":"standard","meta":{"_monsterinsights_skip_tracking":false,"_monsterinsights_sitenote_active":false,"_monsterinsights_sitenote_note":"","_monsterinsights_sitenote_category":0,"jetpack_post_was_ever_published":false,"_jetpack_newsletter_access":"","_jetpack_dont_email_post_to_subs":false,"_jetpack_newsletter_tier_id":0,"_jetpack_memberships_contains_paywalled_content":false,"_jetpack_memberships_contains_paid_content":false,"footnotes":"","jetpack_publicize_message":"","jetpack_publicize_feature_enabled":true,"jetpack_social_post_already_shared":true,"jetpack_social_options":{"image_generator_settings":{"template":"highway","default_image_id":0,"font":"","enabled":false},"version":2},"_wpas_customize_per_network":false},"categories":[11],"tags":[7767,7768],"class_list":["post-43884","post","type-post","status-publish","format-standard","has-post-thumbnail","hentry","category-ciudad","tag-inundacion-2015-mercedes","tag-video-inundacion","generate-columns","tablet-grid-50","mobile-grid-100","grid-parent","grid-50"],"jetpack_publicize_connections":[],"jetpack_featured_media_url":"https:\/\/www.hoymercedes.com.ar\/principal\/wp-content\/uploads\/2015\/08\/video.aire_.drone_.10.08.2015.jpg","wps_subtitle":"Modernizaci\u00f3n del Estado","jetpack_sharing_enabled":true,"_links":{"self":[{"href":"https:\/\/www.hoymercedes.com.ar\/principal\/wp-json\/wp\/v2\/posts\/43884","targetHints":{"allow":["GET"]}}],"collection":[{"href":"https:\/\/www.hoymercedes.com.ar\/principal\/wp-json\/wp\/v2\/posts"}],"about":[{"href":"https:\/\/www.hoymercedes.com.ar\/principal\/wp-json\/wp\/v2\/types\/post"}],"author":[{"embeddable":true,"href":"https:\/\/www.hoymercedes.com.ar\/principal\/wp-json\/wp\/v2\/users\/1"}],"replies":[{"embeddable":true,"href":"https:\/\/www.hoymercedes.com.ar\/principal\/wp-json\/wp\/v2\/comments?post=43884"}],"version-history":[{"count":0,"href":"https:\/\/www.hoymercedes.com.ar\/principal\/wp-json\/wp\/v2\/posts\/43884\/revisions"}],"wp:featuredmedia":[{"embeddable":true,"href":"https:\/\/www.hoymercedes.com.ar\/principal\/wp-json\/wp\/v2\/media\/43885"}],"wp:attachment":[{"href":"https:\/\/www.hoymercedes.com.ar\/principal\/wp-json\/wp\/v2\/media?parent=43884"}],"wp:term":[{"taxonomy":"category","embeddable":true,"href":"https:\/\/www.hoymercedes.com.ar\/principal\/wp-json\/wp\/v2\/categories?post=43884"},{"taxonomy":"post_tag","embeddable":true,"href":"https:\/\/www.hoymercedes.com.ar\/principal\/wp-json\/wp\/v2\/tags?post=43884"}],"curies":[{"name":"wp","href":"https:\/\/api.w.org\/{rel}","templated":true}]}}