{"id":43887,"date":"2015-08-11T14:56:47","date_gmt":"2015-08-11T17:56:47","guid":{"rendered":"http:\/\/www.hoymercedes.com.ar\/principal\/?p=43887"},"modified":"2015-08-13T13:08:07","modified_gmt":"2015-08-13T16:08:07","slug":"ustarroz-destaco-la-solidaridad-de-los-mercedinos-y-dijo-que-la-situacion-es-muy-critica","status":"publish","type":"post","link":"https:\/\/www.hoymercedes.com.ar\/principal\/2015\/08\/11\/ustarroz-destaco-la-solidaridad-de-los-mercedinos-y-dijo-que-la-situacion-es-muy-critica\/","title":{"rendered":"Ustarroz destac\u00f3 \u201cla solidaridad de los mercedinos\u201d y dijo que la situaci\u00f3n \u00abes muy cr\u00edtica\u201d"},"content":{"rendered":"<p><em><strong>El presidente del bloque de concejales y candidato a intendente del Frente Mercedino para la Victoria, Juan Ignacio Ustarroz, asegur\u00f3 que las inundaciones en la ciudad representan \u201cuna situaci\u00f3n muy cr\u00edtica\u201d, aunque \u201cdentro del dolor y de la angustia\u201d rescat\u00f3 tambi\u00e9n \u201cel esp\u00edritu solidario de todos los vecinos de la ciudad\u201d.<\/strong><\/em><\/p>\n<p>\u201cRealmente estamos atravesando una situaci\u00f3n muy cr\u00edtica. Es la peor inundaci\u00f3n de las que yo recuerdo, porque ha afectado a nuevos barrios y, con ello, a much\u00edsimas familias m\u00e1s \u2013dijo-. Hay un marco de dolor y de angustia muy profundo, aunque quiero destacar tambi\u00e9n el esp\u00edritu solidario de todos los vecinos de Mercedes, desde los que se acercan a los distintos lugares para llevar ropa, pa\u00f1ales, alimentos o velas hasta los que ponen sus canoas y entran a los barrios que est\u00e1n bajo el agua\u201d.<\/p>\n<p>Ustarroz participa diariamente de los operativos montados desde el Centro de Referencia del Ministerio de Desarrollo Social de la Naci\u00f3n, con los que se brinda asistencia fundamentalmente a las familias o personas que se quedan en sus casas.<\/p>\n<p>\u201cHay mucha gente que elige quedarse en sus viviendas por temor a los robos, porque aunque parezca incre\u00edble hay quienes se aprovechan de estas tragedias\u201d, explic\u00f3.<\/p>\n<p>Desde el CDR se preparan alrededor de 1.000 viandas calientes que se entregan en botes, canoas y lanchas en los barrios anegados, entre ellos el Marchetti, el Malvinas Argentinas, el G\u00fcemes, el Pe\u00f1aloza o el San Justo, con lo que se complementa el trabajo que viene realizando el municipio en los centros de evacuados.<\/p>\n<p>\u201cEl panorama es desolador y el escenario lamentablemente no es bueno, porque dan m\u00e1s lluvia para los pr\u00f3ximos d\u00edas \u2013cont\u00f3 Juani-. Por eso tenemos que estar todos unidos, trabajando codo a codo, tratando de ayudar a los que m\u00e1s lo necesitan. Ya han llegado recursos al CDR y tambi\u00e9n es inminente el arribo de m\u00e1s recursos por parte del Ministerio de Desarrollo Social de la Provincia de Buenos Aires\u201d.<\/p>\n<p>Ustarroz resalt\u00f3 tambi\u00e9n \u201cel esfuerzo de instituciones como C\u00e1ritas, de las iglesias y de todas las fuerzas para ir sobrellevando esta situaci\u00f3n de la mejor manera posible\u201d.<\/p>\n<p>\u201cUna vez que atravesemos esta emergencia, hay que trabajar fuertemente en las soluciones tanto para la zona ribere\u00f1a como para los barrios m\u00e1s alejados del r\u00edo, que tambi\u00e9n han sufrido la inundaci\u00f3n. Pero ahora es el momento de ayudar y por eso \u2013concluy\u00f3- insisto en agradecer a todos los mercedinos, porque vuelven a dar una enorme muestra de solidaridad hacia los vecinos que lo necesitan\u201d<\/p>\n","protected":false},"excerpt":{"rendered":"<p>El presidente del bloque de concejales y candidato a intendente del Frente Mercedino para la Victoria, Juan Ignacio Ustarroz, asegur\u00f3 &#8230; <a title=\"Ustarroz destac\u00f3 \u201cla solidaridad de los mercedinos\u201d y dijo que la situaci\u00f3n \u00abes muy cr\u00edtica\u201d\" class=\"read-more\" href=\"https:\/\/www.hoymercedes.com.ar\/principal\/2015\/08\/11\/ustarroz-destaco-la-solidaridad-de-los-mercedinos-y-dijo-que-la-situacion-es-muy-critica\/\" aria-label=\"Leer m\u00e1s sobre Ustarroz destac\u00f3 \u201cla solidaridad de los mercedinos\u201d y dijo que la situaci\u00f3n \u00abes muy cr\u00edtica\u201d\">Leer m\u00e1s<\/a><\/p>\n","protected":false},"author":1,"featured_media":35772,"comment_status":"open","ping_status":"open","sticky":false,"template":"","format":"standard","meta":{"_monsterinsights_skip_tracking":false,"_monsterinsights_sitenote_active":false,"_monsterinsights_sitenote_note":"","_monsterinsights_sitenote_category":0,"jetpack_post_was_ever_published":false,"_jetpack_newsletter_access":"","_jetpack_dont_email_post_to_subs":false,"_jetpack_newsletter_tier_id":0,"_jetpack_memberships_contains_paywalled_content":false,"_jetpack_memberships_contains_paid_content":false,"footnotes":"","jetpack_publicize_message":"","jetpack_publicize_feature_enabled":true,"jetpack_social_post_already_shared":true,"jetpack_social_options":{"image_generator_settings":{"template":"highway","default_image_id":0,"font":"","enabled":false},"version":2},"_wpas_customize_per_network":false},"categories":[1],"tags":[5002,585],"class_list":["post-43887","post","type-post","status-publish","format-standard","has-post-thumbnail","hentry","category-opinion","tag-inundados","tag-juan-ustarroz","generate-columns","tablet-grid-50","mobile-grid-100","grid-parent","grid-50"],"jetpack_publicize_connections":[],"jetpack_featured_media_url":"https:\/\/www.hoymercedes.com.ar\/principal\/wp-content\/uploads\/2014\/09\/JuanUstarroz.jpg","wps_subtitle":"Inundaci\u00f3n 2015","jetpack_sharing_enabled":true,"_links":{"self":[{"href":"https:\/\/www.hoymercedes.com.ar\/principal\/wp-json\/wp\/v2\/posts\/43887","targetHints":{"allow":["GET"]}}],"collection":[{"href":"https:\/\/www.hoymercedes.com.ar\/principal\/wp-json\/wp\/v2\/posts"}],"about":[{"href":"https:\/\/www.hoymercedes.com.ar\/principal\/wp-json\/wp\/v2\/types\/post"}],"author":[{"embeddable":true,"href":"https:\/\/www.hoymercedes.com.ar\/principal\/wp-json\/wp\/v2\/users\/1"}],"replies":[{"embeddable":true,"href":"https:\/\/www.hoymercedes.com.ar\/principal\/wp-json\/wp\/v2\/comments?post=43887"}],"version-history":[{"count":0,"href":"https:\/\/www.hoymercedes.com.ar\/principal\/wp-json\/wp\/v2\/posts\/43887\/revisions"}],"wp:featuredmedia":[{"embeddable":true,"href":"https:\/\/www.hoymercedes.com.ar\/principal\/wp-json\/wp\/v2\/media\/35772"}],"wp:attachment":[{"href":"https:\/\/www.hoymercedes.com.ar\/principal\/wp-json\/wp\/v2\/media?parent=43887"}],"wp:term":[{"taxonomy":"category","embeddable":true,"href":"https:\/\/www.hoymercedes.com.ar\/principal\/wp-json\/wp\/v2\/categories?post=43887"},{"taxonomy":"post_tag","embeddable":true,"href":"https:\/\/www.hoymercedes.com.ar\/principal\/wp-json\/wp\/v2\/tags?post=43887"}],"curies":[{"name":"wp","href":"https:\/\/api.w.org\/{rel}","templated":true}]}}