{"id":4392,"date":"2011-05-20T15:12:20","date_gmt":"2011-05-20T15:12:20","guid":{"rendered":"http:\/\/www.hoymercedes.com.ar\/principal\/?p=4392"},"modified":"2011-05-20T15:19:07","modified_gmt":"2011-05-20T15:19:07","slug":"egreso-el-primer-curso-2011-de-conductores-de-patrulleros-y-motocicletas-de-gendarmeria","status":"publish","type":"post","link":"https:\/\/www.hoymercedes.com.ar\/principal\/2011\/05\/20\/egreso-el-primer-curso-2011-de-conductores-de-patrulleros-y-motocicletas-de-gendarmeria\/","title":{"rendered":"Egres\u00f3 el Primer Curso 2011 de conductores de patrulleros y motocicletas de Gendarmer\u00eda"},"content":{"rendered":"<p>Con la presencia del Subdirector nacional de Gendarmer\u00eda Comandante Mayor Juan Obdulio S\u00e1enz se llev\u00f3  a cabo en las instalaciones del Instituto de Capacitaci\u00f3n Especializada el acto de egreso de los participantes del primer curso de este 2011 (ser\u00e1n cinco en total) de capacitaci\u00f3n para conductores de autom\u00f3viles patrulleros (VW POLO) y de motocicletas (Yamaha 900) que pasar\u00e1n a prestar servicio en la custodia y cuidado de las rutas nacionales de la Argentina de acuerdo a una Ley de la Naci\u00f3n que le otorg\u00f3  dicha responsabilidad.<\/p>\n<p>Se hicieronpresentes en el actao realizado en la Plaza de Armas de la Instituci\u00f3n que lleva el nombre del Subalferez Guillermo Nassif muerto en Malvinas el intendente CarlosSelva, el Secretario de Gobierno Sergio L\u00f3pez, el Director de Asuntos Legales Dr .Horacio Deluca, concejales, otros funcionarios, representantes del Poder Judicial Nacional y Provincial, de otras fuerzas de seguridad con asiento en nuestra ciudad, familiares delos cursantes, docentes y personal auxiliar del Instituto de Capacitaci\u00f3n \u201cCabo Juan Adolfo Romero) e invitados especiales.<\/p>\n<p>Durante el acto se hicieron entrega de los certificados correspondientes a los 89 cursantes y las distinciones a aquellos que sobresalieron a lo largo delos cincuenta d\u00edas que dur\u00f3  la capacitaci\u00f3n, siendo el intendente Carlos Selva el encargado de entregar las mismas a los mejores promedios de las dos especialidades que tuvo el curso.<\/p>\n<div align=\"center\">\n<a href=\"https:\/\/www.hoymercedes.com.ar\/principal\/wp-content\/uploads\/2011\/05\/Gendarmer\u00eca001.jpg\"><img loading=\"lazy\" decoding=\"async\" data-attachment-id=\"4394\" data-permalink=\"https:\/\/www.hoymercedes.com.ar\/principal\/2011\/05\/20\/egreso-el-primer-curso-2011-de-conductores-de-patrulleros-y-motocicletas-de-gendarmeria\/gendarmeria001\/#main\" data-orig-file=\"https:\/\/www.hoymercedes.com.ar\/principal\/wp-content\/uploads\/2011\/05\/Gendarmer\u00eca001.jpg\" data-orig-size=\"550,413\" data-comments-opened=\"1\" data-image-meta=\"{&quot;aperture&quot;:&quot;5.2&quot;,&quot;credit&quot;:&quot;&quot;,&quot;camera&quot;:&quot;COOLPIX L10&quot;,&quot;caption&quot;:&quot;&quot;,&quot;created_timestamp&quot;:&quot;1305613884&quot;,&quot;copyright&quot;:&quot;Copyright 2006&quot;,&quot;focal_length&quot;:&quot;18.6&quot;,&quot;iso&quot;:&quot;64&quot;,&quot;shutter_speed&quot;:&quot;0.004&quot;,&quot;title&quot;:&quot;&quot;}\" data-image-title=\"Gendarmer\u00eca001\" data-image-description=\"\" data-image-caption=\"\" data-large-file=\"https:\/\/www.hoymercedes.com.ar\/principal\/wp-content\/uploads\/2011\/05\/Gendarmer\u00eca001.jpg\" class=\"aligncenter size-full wp-image-4394\" title=\"Gendarmer\u00eca001\" src=\"https:\/\/www.hoymercedes.com.ar\/principal\/wp-content\/uploads\/2011\/05\/Gendarmer\u00eca001.jpg\" alt=\"\" width=\"550\" height=\"413\" \/><\/a><\/div>\n<div align=\"center\">\n<a href=\"https:\/\/www.hoymercedes.com.ar\/principal\/wp-content\/uploads\/2011\/05\/Gendarmer\u00eca002.jpg\"><img loading=\"lazy\" decoding=\"async\" data-attachment-id=\"4394\" data-permalink=\"https:\/\/www.hoymercedes.com.ar\/principal\/2011\/05\/20\/egreso-el-primer-curso-2011-de-conductores-de-patrulleros-y-motocicletas-de-gendarmeria\/gendarmeria001\/#main\" data-orig-file=\"https:\/\/www.hoymercedes.com.ar\/principal\/wp-content\/uploads\/2011\/05\/Gendarmer\u00eca001.jpg\" data-orig-size=\"550,413\" data-comments-opened=\"1\" data-image-meta=\"{&quot;aperture&quot;:&quot;5.2&quot;,&quot;credit&quot;:&quot;&quot;,&quot;camera&quot;:&quot;COOLPIX L10&quot;,&quot;caption&quot;:&quot;&quot;,&quot;created_timestamp&quot;:&quot;1305613884&quot;,&quot;copyright&quot;:&quot;Copyright 2006&quot;,&quot;focal_length&quot;:&quot;18.6&quot;,&quot;iso&quot;:&quot;64&quot;,&quot;shutter_speed&quot;:&quot;0.004&quot;,&quot;title&quot;:&quot;&quot;}\" data-image-title=\"Gendarmer\u00eca001\" data-image-description=\"\" data-image-caption=\"\" data-large-file=\"https:\/\/www.hoymercedes.com.ar\/principal\/wp-content\/uploads\/2011\/05\/Gendarmer\u00eca001.jpg\" class=\"aligncenter size-full wp-image-4394\" title=\"Gendarmer\u00eca001\" src=\"https:\/\/www.hoymercedes.com.ar\/principal\/wp-content\/uploads\/2011\/05\/Gendarmer\u00eca002.jpg\" alt=\"\" width=\"550\" height=\"413\" \/><\/a><\/div>\n<div align=\"center\">\n<a href=\"https:\/\/www.hoymercedes.com.ar\/principal\/wp-content\/uploads\/2011\/05\/Gendarmer\u00eca003.jpg\"><img loading=\"lazy\" decoding=\"async\" data-attachment-id=\"4394\" data-permalink=\"https:\/\/www.hoymercedes.com.ar\/principal\/2011\/05\/20\/egreso-el-primer-curso-2011-de-conductores-de-patrulleros-y-motocicletas-de-gendarmeria\/gendarmeria001\/#main\" data-orig-file=\"https:\/\/www.hoymercedes.com.ar\/principal\/wp-content\/uploads\/2011\/05\/Gendarmer\u00eca001.jpg\" data-orig-size=\"550,413\" data-comments-opened=\"1\" data-image-meta=\"{&quot;aperture&quot;:&quot;5.2&quot;,&quot;credit&quot;:&quot;&quot;,&quot;camera&quot;:&quot;COOLPIX L10&quot;,&quot;caption&quot;:&quot;&quot;,&quot;created_timestamp&quot;:&quot;1305613884&quot;,&quot;copyright&quot;:&quot;Copyright 2006&quot;,&quot;focal_length&quot;:&quot;18.6&quot;,&quot;iso&quot;:&quot;64&quot;,&quot;shutter_speed&quot;:&quot;0.004&quot;,&quot;title&quot;:&quot;&quot;}\" data-image-title=\"Gendarmer\u00eca001\" data-image-description=\"\" data-image-caption=\"\" data-large-file=\"https:\/\/www.hoymercedes.com.ar\/principal\/wp-content\/uploads\/2011\/05\/Gendarmer\u00eca001.jpg\" class=\"aligncenter size-full wp-image-4394\" title=\"Gendarmer\u00eca001\" src=\"https:\/\/www.hoymercedes.com.ar\/principal\/wp-content\/uploads\/2011\/05\/Gendarmer\u00eca003.jpg\" alt=\"\" width=\"550\" height=\"413\" \/><\/a><\/div>\n<div align=\"center\">\n<a href=\"https:\/\/www.hoymercedes.com.ar\/principal\/wp-content\/uploads\/2011\/05\/Gendarmer\u00eca004.jpg\"><img loading=\"lazy\" decoding=\"async\" data-attachment-id=\"4394\" data-permalink=\"https:\/\/www.hoymercedes.com.ar\/principal\/2011\/05\/20\/egreso-el-primer-curso-2011-de-conductores-de-patrulleros-y-motocicletas-de-gendarmeria\/gendarmeria001\/#main\" data-orig-file=\"https:\/\/www.hoymercedes.com.ar\/principal\/wp-content\/uploads\/2011\/05\/Gendarmer\u00eca001.jpg\" data-orig-size=\"550,413\" data-comments-opened=\"1\" data-image-meta=\"{&quot;aperture&quot;:&quot;5.2&quot;,&quot;credit&quot;:&quot;&quot;,&quot;camera&quot;:&quot;COOLPIX L10&quot;,&quot;caption&quot;:&quot;&quot;,&quot;created_timestamp&quot;:&quot;1305613884&quot;,&quot;copyright&quot;:&quot;Copyright 2006&quot;,&quot;focal_length&quot;:&quot;18.6&quot;,&quot;iso&quot;:&quot;64&quot;,&quot;shutter_speed&quot;:&quot;0.004&quot;,&quot;title&quot;:&quot;&quot;}\" data-image-title=\"Gendarmer\u00eca001\" data-image-description=\"\" data-image-caption=\"\" data-large-file=\"https:\/\/www.hoymercedes.com.ar\/principal\/wp-content\/uploads\/2011\/05\/Gendarmer\u00eca001.jpg\" class=\"aligncenter size-full wp-image-4394\" title=\"Gendarmer\u00eca001\" src=\"https:\/\/www.hoymercedes.com.ar\/principal\/wp-content\/uploads\/2011\/05\/Gendarmer\u00eca004.jpg\" alt=\"\" width=\"550\" height=\"413\" \/><\/a><\/div>\n<div align=\"center\">\n<a href=\"https:\/\/www.hoymercedes.com.ar\/principal\/wp-content\/uploads\/2011\/05\/Gendarmer\u00eca005.jpg\"><img loading=\"lazy\" decoding=\"async\" data-attachment-id=\"4394\" data-permalink=\"https:\/\/www.hoymercedes.com.ar\/principal\/2011\/05\/20\/egreso-el-primer-curso-2011-de-conductores-de-patrulleros-y-motocicletas-de-gendarmeria\/gendarmeria001\/#main\" data-orig-file=\"https:\/\/www.hoymercedes.com.ar\/principal\/wp-content\/uploads\/2011\/05\/Gendarmer\u00eca001.jpg\" data-orig-size=\"550,413\" data-comments-opened=\"1\" data-image-meta=\"{&quot;aperture&quot;:&quot;5.2&quot;,&quot;credit&quot;:&quot;&quot;,&quot;camera&quot;:&quot;COOLPIX L10&quot;,&quot;caption&quot;:&quot;&quot;,&quot;created_timestamp&quot;:&quot;1305613884&quot;,&quot;copyright&quot;:&quot;Copyright 2006&quot;,&quot;focal_length&quot;:&quot;18.6&quot;,&quot;iso&quot;:&quot;64&quot;,&quot;shutter_speed&quot;:&quot;0.004&quot;,&quot;title&quot;:&quot;&quot;}\" data-image-title=\"Gendarmer\u00eca001\" data-image-description=\"\" data-image-caption=\"\" data-large-file=\"https:\/\/www.hoymercedes.com.ar\/principal\/wp-content\/uploads\/2011\/05\/Gendarmer\u00eca001.jpg\" class=\"aligncenter size-full wp-image-4394\" title=\"Gendarmer\u00eca001\" src=\"https:\/\/www.hoymercedes.com.ar\/principal\/wp-content\/uploads\/2011\/05\/Gendarmer\u00eca005.jpg\" alt=\"\" width=\"550\" height=\"413\" \/><\/a><\/p>\n<div align=\"center\">\n<a href=\"https:\/\/www.hoymercedes.com.ar\/principal\/wp-content\/uploads\/2011\/05\/Gendarmer\u00eca006.jpg\"><img loading=\"lazy\" decoding=\"async\" data-attachment-id=\"4394\" data-permalink=\"https:\/\/www.hoymercedes.com.ar\/principal\/2011\/05\/20\/egreso-el-primer-curso-2011-de-conductores-de-patrulleros-y-motocicletas-de-gendarmeria\/gendarmeria001\/#main\" data-orig-file=\"https:\/\/www.hoymercedes.com.ar\/principal\/wp-content\/uploads\/2011\/05\/Gendarmer\u00eca001.jpg\" data-orig-size=\"550,413\" data-comments-opened=\"1\" data-image-meta=\"{&quot;aperture&quot;:&quot;5.2&quot;,&quot;credit&quot;:&quot;&quot;,&quot;camera&quot;:&quot;COOLPIX L10&quot;,&quot;caption&quot;:&quot;&quot;,&quot;created_timestamp&quot;:&quot;1305613884&quot;,&quot;copyright&quot;:&quot;Copyright 2006&quot;,&quot;focal_length&quot;:&quot;18.6&quot;,&quot;iso&quot;:&quot;64&quot;,&quot;shutter_speed&quot;:&quot;0.004&quot;,&quot;title&quot;:&quot;&quot;}\" data-image-title=\"Gendarmer\u00eca001\" data-image-description=\"\" data-image-caption=\"\" data-large-file=\"https:\/\/www.hoymercedes.com.ar\/principal\/wp-content\/uploads\/2011\/05\/Gendarmer\u00eca001.jpg\" class=\"aligncenter size-full wp-image-4394\" title=\"Gendarmer\u00eca001\" src=\"https:\/\/www.hoymercedes.com.ar\/principal\/wp-content\/uploads\/2011\/05\/Gendarmer\u00eca006.jpg\" alt=\"\" width=\"550\" height=\"413\" \/><\/a><\/div>\n<div align=\"center\">\n<a href=\"https:\/\/www.hoymercedes.com.ar\/principal\/wp-content\/uploads\/2011\/05\/Gendarmer\u00eca007.jpg\"><img loading=\"lazy\" decoding=\"async\" data-attachment-id=\"4394\" data-permalink=\"https:\/\/www.hoymercedes.com.ar\/principal\/2011\/05\/20\/egreso-el-primer-curso-2011-de-conductores-de-patrulleros-y-motocicletas-de-gendarmeria\/gendarmeria001\/#main\" data-orig-file=\"https:\/\/www.hoymercedes.com.ar\/principal\/wp-content\/uploads\/2011\/05\/Gendarmer\u00eca001.jpg\" data-orig-size=\"550,413\" data-comments-opened=\"1\" data-image-meta=\"{&quot;aperture&quot;:&quot;5.2&quot;,&quot;credit&quot;:&quot;&quot;,&quot;camera&quot;:&quot;COOLPIX L10&quot;,&quot;caption&quot;:&quot;&quot;,&quot;created_timestamp&quot;:&quot;1305613884&quot;,&quot;copyright&quot;:&quot;Copyright 2006&quot;,&quot;focal_length&quot;:&quot;18.6&quot;,&quot;iso&quot;:&quot;64&quot;,&quot;shutter_speed&quot;:&quot;0.004&quot;,&quot;title&quot;:&quot;&quot;}\" data-image-title=\"Gendarmer\u00eca001\" data-image-description=\"\" data-image-caption=\"\" data-large-file=\"https:\/\/www.hoymercedes.com.ar\/principal\/wp-content\/uploads\/2011\/05\/Gendarmer\u00eca001.jpg\" class=\"aligncenter size-full wp-image-4394\" title=\"Gendarmer\u00eca001\" src=\"https:\/\/www.hoymercedes.com.ar\/principal\/wp-content\/uploads\/2011\/05\/Gendarmer\u00eca007.jpg\" alt=\"\" width=\"550\" height=\"413\" \/><\/a><\/div>\n<div align=\"center\">\n<a href=\"https:\/\/www.hoymercedes.com.ar\/principal\/wp-content\/uploads\/2011\/05\/Gendarmer\u00eca008.jpg\"><img loading=\"lazy\" decoding=\"async\" data-attachment-id=\"4394\" data-permalink=\"https:\/\/www.hoymercedes.com.ar\/principal\/2011\/05\/20\/egreso-el-primer-curso-2011-de-conductores-de-patrulleros-y-motocicletas-de-gendarmeria\/gendarmeria001\/#main\" data-orig-file=\"https:\/\/www.hoymercedes.com.ar\/principal\/wp-content\/uploads\/2011\/05\/Gendarmer\u00eca001.jpg\" data-orig-size=\"550,413\" data-comments-opened=\"1\" data-image-meta=\"{&quot;aperture&quot;:&quot;5.2&quot;,&quot;credit&quot;:&quot;&quot;,&quot;camera&quot;:&quot;COOLPIX L10&quot;,&quot;caption&quot;:&quot;&quot;,&quot;created_timestamp&quot;:&quot;1305613884&quot;,&quot;copyright&quot;:&quot;Copyright 2006&quot;,&quot;focal_length&quot;:&quot;18.6&quot;,&quot;iso&quot;:&quot;64&quot;,&quot;shutter_speed&quot;:&quot;0.004&quot;,&quot;title&quot;:&quot;&quot;}\" data-image-title=\"Gendarmer\u00eca001\" data-image-description=\"\" data-image-caption=\"\" data-large-file=\"https:\/\/www.hoymercedes.com.ar\/principal\/wp-content\/uploads\/2011\/05\/Gendarmer\u00eca001.jpg\" class=\"aligncenter size-full wp-image-4394\" title=\"Gendarmer\u00eca001\" src=\"https:\/\/www.hoymercedes.com.ar\/principal\/wp-content\/uploads\/2011\/05\/Gendarmer\u00eca008.jpg\" alt=\"\" width=\"550\" height=\"413\" \/><\/a><\/div>\n","protected":false},"excerpt":{"rendered":"<p>Con la presencia del Subdirector nacional de Gendarmer\u00eda Comandante Mayor Juan Obdulio S\u00e1enz se llev\u00f3 a cabo en las instalaciones &#8230; <a title=\"Egres\u00f3 el Primer Curso 2011 de conductores de patrulleros y motocicletas de Gendarmer\u00eda\" class=\"read-more\" href=\"https:\/\/www.hoymercedes.com.ar\/principal\/2011\/05\/20\/egreso-el-primer-curso-2011-de-conductores-de-patrulleros-y-motocicletas-de-gendarmeria\/\" aria-label=\"Leer m\u00e1s sobre Egres\u00f3 el Primer Curso 2011 de conductores de patrulleros y motocicletas de Gendarmer\u00eda\">Leer m\u00e1s<\/a><\/p>\n","protected":false},"author":1,"featured_media":0,"comment_status":"open","ping_status":"open","sticky":false,"template":"","format":"standard","meta":{"_monsterinsights_skip_tracking":false,"_monsterinsights_sitenote_active":false,"_monsterinsights_sitenote_note":"","_monsterinsights_sitenote_category":0,"jetpack_post_was_ever_published":false,"_jetpack_newsletter_access":"","_jetpack_dont_email_post_to_subs":false,"_jetpack_newsletter_tier_id":0,"_jetpack_memberships_contains_paywalled_content":false,"_jetpack_memberships_contains_paid_content":false,"footnotes":"","jetpack_publicize_message":"","jetpack_publicize_feature_enabled":true,"jetpack_social_post_already_shared":false,"jetpack_social_options":{"image_generator_settings":{"template":"highway","default_image_id":0,"font":"","enabled":false},"version":2},"_wpas_customize_per_network":false},"categories":[8],"tags":[820],"class_list":["post-4392","post","type-post","status-publish","format-standard","hentry","category-sociedad","tag-gendarmeria-mercedes","generate-columns","tablet-grid-50","mobile-grid-100","grid-parent","grid-50"],"jetpack_publicize_connections":[],"jetpack_featured_media_url":"","wps_subtitle":"","jetpack_sharing_enabled":true,"_links":{"self":[{"href":"https:\/\/www.hoymercedes.com.ar\/principal\/wp-json\/wp\/v2\/posts\/4392","targetHints":{"allow":["GET"]}}],"collection":[{"href":"https:\/\/www.hoymercedes.com.ar\/principal\/wp-json\/wp\/v2\/posts"}],"about":[{"href":"https:\/\/www.hoymercedes.com.ar\/principal\/wp-json\/wp\/v2\/types\/post"}],"author":[{"embeddable":true,"href":"https:\/\/www.hoymercedes.com.ar\/principal\/wp-json\/wp\/v2\/users\/1"}],"replies":[{"embeddable":true,"href":"https:\/\/www.hoymercedes.com.ar\/principal\/wp-json\/wp\/v2\/comments?post=4392"}],"version-history":[{"count":0,"href":"https:\/\/www.hoymercedes.com.ar\/principal\/wp-json\/wp\/v2\/posts\/4392\/revisions"}],"wp:attachment":[{"href":"https:\/\/www.hoymercedes.com.ar\/principal\/wp-json\/wp\/v2\/media?parent=4392"}],"wp:term":[{"taxonomy":"category","embeddable":true,"href":"https:\/\/www.hoymercedes.com.ar\/principal\/wp-json\/wp\/v2\/categories?post=4392"},{"taxonomy":"post_tag","embeddable":true,"href":"https:\/\/www.hoymercedes.com.ar\/principal\/wp-json\/wp\/v2\/tags?post=4392"}],"curies":[{"name":"wp","href":"https:\/\/api.w.org\/{rel}","templated":true}]}}