{"id":43935,"date":"2015-08-12T20:33:09","date_gmt":"2015-08-12T23:33:09","guid":{"rendered":"http:\/\/www.hoymercedes.com.ar\/principal\/?p=43935"},"modified":"2015-08-14T13:40:02","modified_gmt":"2015-08-14T16:40:02","slug":"de-pedro-anibal-fernandez-selva-y-ustarroz-se-reunieron-por-inundacion","status":"publish","type":"post","link":"https:\/\/www.hoymercedes.com.ar\/principal\/2015\/08\/12\/de-pedro-anibal-fernandez-selva-y-ustarroz-se-reunieron-por-inundacion\/","title":{"rendered":"De Pedro, Anibal Fern\u00e1ndez, Selva y Ustarroz se reunieron por inundaci\u00f3n"},"content":{"rendered":"<p><a href=\"https:\/\/www.hoymercedes.com.ar\/principal\/wp-content\/uploads\/2015\/08\/wado-selva-fernandez-ustarroz-salomone.jpg\"><img loading=\"lazy\" decoding=\"async\" data-attachment-id=\"43936\" data-permalink=\"https:\/\/www.hoymercedes.com.ar\/principal\/2015\/08\/12\/de-pedro-anibal-fernandez-selva-y-ustarroz-se-reunieron-por-inundacion\/wado-selva-fernandez-ustarroz-salomone\/#main\" data-orig-file=\"https:\/\/www.hoymercedes.com.ar\/principal\/wp-content\/uploads\/2015\/08\/wado-selva-fernandez-ustarroz-salomone.jpg\" data-orig-size=\"620,412\" data-comments-opened=\"1\" data-image-meta=\"{&quot;aperture&quot;:&quot;0&quot;,&quot;credit&quot;:&quot;Moreira Mario Hugo&quot;,&quot;camera&quot;:&quot;&quot;,&quot;caption&quot;:&quot;&quot;,&quot;created_timestamp&quot;:&quot;0&quot;,&quot;copyright&quot;:&quot;Moreira Mario Hugo&quot;,&quot;focal_length&quot;:&quot;0&quot;,&quot;iso&quot;:&quot;0&quot;,&quot;shutter_speed&quot;:&quot;0&quot;,&quot;title&quot;:&quot;&quot;,&quot;orientation&quot;:&quot;0&quot;}\" data-image-title=\"wado-selva-fernandez-ustarroz-salomone\" data-image-description=\"\" data-image-caption=\"\" data-large-file=\"https:\/\/www.hoymercedes.com.ar\/principal\/wp-content\/uploads\/2015\/08\/wado-selva-fernandez-ustarroz-salomone.jpg\" class=\"Img2014 aligncenter wp-image-43936 size-full\" title=\"Anibal Fern\u00e1ndez, Wado De Pedro, Carlos Selva, Juan Ustarroz, inundaci\u00f3n 2015\" src=\"https:\/\/www.hoymercedes.com.ar\/principal\/wp-content\/uploads\/2015\/08\/wado-selva-fernandez-ustarroz-salomone.jpg\" alt=\"wado-selva-fernandez-ustarroz-salomone\" width=\"620\" height=\"412\" srcset=\"https:\/\/www.hoymercedes.com.ar\/principal\/wp-content\/uploads\/2015\/08\/wado-selva-fernandez-ustarroz-salomone.jpg 620w, https:\/\/www.hoymercedes.com.ar\/principal\/wp-content\/uploads\/2015\/08\/wado-selva-fernandez-ustarroz-salomone-150x100.jpg 150w, https:\/\/www.hoymercedes.com.ar\/principal\/wp-content\/uploads\/2015\/08\/wado-selva-fernandez-ustarroz-salomone-290x193.jpg 290w, https:\/\/www.hoymercedes.com.ar\/principal\/wp-content\/uploads\/2015\/08\/wado-selva-fernandez-ustarroz-salomone-50x33.jpg 50w\" sizes=\"auto, (max-width: 620px) 100vw, 620px\" \/><\/a><\/p>\n<p><em><strong>El Jefe de Gabinete de Ministros, An\u00edbal Fern\u00e1ndez, y el Secretario General de la Presidencia, Eduardo &#8216;Wado&#8217; de Pedro, se reunieron este mediod\u00eda con el intendente Carlos Selva para analizar la problem\u00e1tica de las inundaciones y coordinar las acciones de asistencia que se viene desarrollando desde los gobiernos nacional y provincial.<\/strong><\/em><\/p>\n<p>De la reuni\u00f3n participaron tambi\u00e9n el presidente del bloque de concejales y candidato a intendente del Frente Mercedino para la Victoria, Juan Ignacio Ustarroz; el secretario de Obras P\u00fablicas de nuestra ciudad, Gustavo Salomone; y el primer candidato a concejal y jefe de la delegaci\u00f3n local del PAMI, Mat\u00edas Dematei.<\/p>\n<p>El encuentro se produjo luego de que el martes llegara tambi\u00e9n el Secretario de Seguridad de la Naci\u00f3n, Sergio Berni, quien sobrevol\u00f3 la zona en helic\u00f3ptero y coordin\u00f3 con Selva el trabajo de botes de Prefectura que ya se encuentran en tareas de asistencia por los distintos barrios de nuestra ciudad afectados por las inundaciones.<\/p>\n<p>Aunque los funcionarios se retiraron de la reuni\u00f3n sin hacer declaraciones, se supo que hablaron de posibles acciones inmediatas para atacar el drama de las inundaciones y de la organizaci\u00f3n para la llegada de otros recursos asistenciales.<\/p>\n<p>Fern\u00e1ndez, candidato a gobernador bonaerense, y el mercedino De Pedro, candidato a primer diputado nacional (ambos por el Frente para la Victoria), recorrieron en helic\u00f3ptero toda la zona inundada y bajaron en las distintas localidades para mantener reuniones con las autoridades de cada municipio.<\/p>\n<p>Desde el gobierno nacional ya se enviaron recursos desde un trabajo interministerial (Desarrollo Social, Defensa, Interior y Salud), y tras una decisi\u00f3n de la Presidenta, Cristina Fern\u00e1ndez de Kirchner, se anunci\u00f3 hoy el refuerzo de los beneficios asistenciales que entrega la ANSES para jubilados, pensionados y quienes cobran asignaciones familiares, la Asignaci\u00f3n Universal por Hijo y la asignaci\u00f3n por embarazo.<\/p>\n","protected":false},"excerpt":{"rendered":"<p>El Jefe de Gabinete de Ministros, An\u00edbal Fern\u00e1ndez, y el Secretario General de la Presidencia, Eduardo &#8216;Wado&#8217; de Pedro, se &#8230; <a title=\"De Pedro, Anibal Fern\u00e1ndez, Selva y Ustarroz se reunieron por inundaci\u00f3n\" class=\"read-more\" href=\"https:\/\/www.hoymercedes.com.ar\/principal\/2015\/08\/12\/de-pedro-anibal-fernandez-selva-y-ustarroz-se-reunieron-por-inundacion\/\" aria-label=\"Leer m\u00e1s sobre De Pedro, Anibal Fern\u00e1ndez, Selva y Ustarroz se reunieron por inundaci\u00f3n\">Leer m\u00e1s<\/a><\/p>\n","protected":false},"author":1,"featured_media":43936,"comment_status":"open","ping_status":"open","sticky":false,"template":"","format":"standard","meta":{"_monsterinsights_skip_tracking":false,"_monsterinsights_sitenote_active":false,"_monsterinsights_sitenote_note":"","_monsterinsights_sitenote_category":0,"jetpack_post_was_ever_published":false,"_jetpack_newsletter_access":"","_jetpack_dont_email_post_to_subs":false,"_jetpack_newsletter_tier_id":0,"_jetpack_memberships_contains_paywalled_content":false,"_jetpack_memberships_contains_paid_content":false,"footnotes":"","jetpack_publicize_message":"","jetpack_publicize_feature_enabled":true,"jetpack_social_post_already_shared":true,"jetpack_social_options":{"image_generator_settings":{"template":"highway","default_image_id":0,"font":"","enabled":false},"version":2},"_wpas_customize_per_network":false},"categories":[8],"tags":[6211,39,7746,585,281],"class_list":["post-43935","post","type-post","status-publish","format-standard","has-post-thumbnail","hentry","category-sociedad","tag-anibal-fernandez","tag-carlos-selva","tag-inundacion-2015","tag-juan-ustarroz","tag-wado-de-pedro","generate-columns","tablet-grid-50","mobile-grid-100","grid-parent","grid-50"],"jetpack_publicize_connections":[],"jetpack_featured_media_url":"https:\/\/www.hoymercedes.com.ar\/principal\/wp-content\/uploads\/2015\/08\/wado-selva-fernandez-ustarroz-salomone.jpg","wps_subtitle":"Crisis del agua 2015","jetpack_sharing_enabled":true,"_links":{"self":[{"href":"https:\/\/www.hoymercedes.com.ar\/principal\/wp-json\/wp\/v2\/posts\/43935","targetHints":{"allow":["GET"]}}],"collection":[{"href":"https:\/\/www.hoymercedes.com.ar\/principal\/wp-json\/wp\/v2\/posts"}],"about":[{"href":"https:\/\/www.hoymercedes.com.ar\/principal\/wp-json\/wp\/v2\/types\/post"}],"author":[{"embeddable":true,"href":"https:\/\/www.hoymercedes.com.ar\/principal\/wp-json\/wp\/v2\/users\/1"}],"replies":[{"embeddable":true,"href":"https:\/\/www.hoymercedes.com.ar\/principal\/wp-json\/wp\/v2\/comments?post=43935"}],"version-history":[{"count":0,"href":"https:\/\/www.hoymercedes.com.ar\/principal\/wp-json\/wp\/v2\/posts\/43935\/revisions"}],"wp:featuredmedia":[{"embeddable":true,"href":"https:\/\/www.hoymercedes.com.ar\/principal\/wp-json\/wp\/v2\/media\/43936"}],"wp:attachment":[{"href":"https:\/\/www.hoymercedes.com.ar\/principal\/wp-json\/wp\/v2\/media?parent=43935"}],"wp:term":[{"taxonomy":"category","embeddable":true,"href":"https:\/\/www.hoymercedes.com.ar\/principal\/wp-json\/wp\/v2\/categories?post=43935"},{"taxonomy":"post_tag","embeddable":true,"href":"https:\/\/www.hoymercedes.com.ar\/principal\/wp-json\/wp\/v2\/tags?post=43935"}],"curies":[{"name":"wp","href":"https:\/\/api.w.org\/{rel}","templated":true}]}}