{"id":43959,"date":"2015-08-13T12:16:18","date_gmt":"2015-08-13T15:16:18","guid":{"rendered":"http:\/\/www.hoymercedes.com.ar\/principal\/?p=43959"},"modified":"2015-08-14T13:49:35","modified_gmt":"2015-08-14T16:49:35","slug":"lucas-fal-en-america-tv-analizando-la-situacion-local-y-regional","status":"publish","type":"post","link":"https:\/\/www.hoymercedes.com.ar\/principal\/2015\/08\/13\/lucas-fal-en-america-tv-analizando-la-situacion-local-y-regional\/","title":{"rendered":"Lucas Fal en Am\u00e9rica TV analizando la situaci\u00f3n local y regional"},"content":{"rendered":"<p><a href=\"https:\/\/www.hoymercedes.com.ar\/principal\/wp-content\/uploads\/2015\/08\/fal-desayunoamericano.jpg\"><img loading=\"lazy\" decoding=\"async\" data-attachment-id=\"43960\" data-permalink=\"https:\/\/www.hoymercedes.com.ar\/principal\/2015\/08\/13\/lucas-fal-en-america-tv-analizando-la-situacion-local-y-regional\/fal-desayunoamericano\/#main\" data-orig-file=\"https:\/\/www.hoymercedes.com.ar\/principal\/wp-content\/uploads\/2015\/08\/fal-desayunoamericano.jpg\" data-orig-size=\"620,444\" data-comments-opened=\"1\" data-image-meta=\"{&quot;aperture&quot;:&quot;0&quot;,&quot;credit&quot;:&quot;&quot;,&quot;camera&quot;:&quot;&quot;,&quot;caption&quot;:&quot;&quot;,&quot;created_timestamp&quot;:&quot;0&quot;,&quot;copyright&quot;:&quot;&quot;,&quot;focal_length&quot;:&quot;0&quot;,&quot;iso&quot;:&quot;0&quot;,&quot;shutter_speed&quot;:&quot;0&quot;,&quot;title&quot;:&quot;&quot;,&quot;orientation&quot;:&quot;0&quot;}\" data-image-title=\"fal-desayunoamericano\" data-image-description=\"\" data-image-caption=\"\" data-large-file=\"https:\/\/www.hoymercedes.com.ar\/principal\/wp-content\/uploads\/2015\/08\/fal-desayunoamericano.jpg\" class=\"Img2014 aligncenter wp-image-43960 size-full\" title=\"Lucas Fal presente en Desayuno Americano con Pamela David\" src=\"https:\/\/www.hoymercedes.com.ar\/principal\/wp-content\/uploads\/2015\/08\/fal-desayunoamericano.jpg\" alt=\"fal-desayunoamericano\" width=\"620\" height=\"444\" srcset=\"https:\/\/www.hoymercedes.com.ar\/principal\/wp-content\/uploads\/2015\/08\/fal-desayunoamericano.jpg 620w, https:\/\/www.hoymercedes.com.ar\/principal\/wp-content\/uploads\/2015\/08\/fal-desayunoamericano-150x107.jpg 150w, https:\/\/www.hoymercedes.com.ar\/principal\/wp-content\/uploads\/2015\/08\/fal-desayunoamericano-290x208.jpg 290w, https:\/\/www.hoymercedes.com.ar\/principal\/wp-content\/uploads\/2015\/08\/fal-desayunoamericano-50x36.jpg 50w\" sizes=\"auto, (max-width: 620px) 100vw, 620px\" \/><\/a><\/p>\n<p>El candidato por el \u201cFrente Cambiemos\u201d y recientemente ganador de la interna, Lucas Fal, estuvo presente en vivo en los estudios de \u201cAm\u00e9rica Tv\u201d en Capital Federal analizando la crisis del agua que est\u00e1 viviendo Mercedes y la regi\u00f3n.<\/p>\n<p>El candidato estuvo con Pamela David y Luis Novaresio en el piso, como se suele decir, de los estudios en vivo de Am\u00e9rica Tv de \u00e9ste jueves en el programa \u201cDesayuno Americano\u201d que ten\u00eda m\u00f3viles en vivo desde las zonas afectadas.<\/p>\n<p>El mercedino expuso all\u00ed la realidad local analizando los problemas existentes que nos llevaron a \u00e9sta situaci\u00f3n a la vez que recordaba la necesidad de ser solidarios.<\/p>\n<p>&nbsp;<\/p>\n","protected":false},"excerpt":{"rendered":"<p>El candidato por el \u201cFrente Cambiemos\u201d y recientemente ganador de la interna, Lucas Fal, estuvo presente en vivo en los &#8230; <a title=\"Lucas Fal en Am\u00e9rica TV analizando la situaci\u00f3n local y regional\" class=\"read-more\" href=\"https:\/\/www.hoymercedes.com.ar\/principal\/2015\/08\/13\/lucas-fal-en-america-tv-analizando-la-situacion-local-y-regional\/\" aria-label=\"Leer m\u00e1s sobre Lucas Fal en Am\u00e9rica TV analizando la situaci\u00f3n local y regional\">Leer m\u00e1s<\/a><\/p>\n","protected":false},"author":1,"featured_media":43960,"comment_status":"open","ping_status":"open","sticky":false,"template":"","format":"standard","meta":{"_monsterinsights_skip_tracking":false,"_monsterinsights_sitenote_active":false,"_monsterinsights_sitenote_note":"","_monsterinsights_sitenote_category":0,"jetpack_post_was_ever_published":false,"_jetpack_newsletter_access":"","_jetpack_dont_email_post_to_subs":false,"_jetpack_newsletter_tier_id":0,"_jetpack_memberships_contains_paywalled_content":false,"_jetpack_memberships_contains_paid_content":false,"footnotes":"","jetpack_publicize_message":"","jetpack_publicize_feature_enabled":true,"jetpack_social_post_already_shared":true,"jetpack_social_options":{"image_generator_settings":{"template":"highway","default_image_id":0,"font":"","enabled":false},"version":2},"_wpas_customize_per_network":false},"categories":[5],"tags":[7775],"class_list":["post-43959","post","type-post","status-publish","format-standard","has-post-thumbnail","hentry","category-politica","tag-lucas-fal-presente-en-desayuno-americano-con-pamela-david","generate-columns","tablet-grid-50","mobile-grid-100","grid-parent","grid-50"],"jetpack_publicize_connections":[],"jetpack_featured_media_url":"https:\/\/www.hoymercedes.com.ar\/principal\/wp-content\/uploads\/2015\/08\/fal-desayunoamericano.jpg","wps_subtitle":"Medios nacionales","jetpack_sharing_enabled":true,"jetpack-related-posts":[{"id":128866,"url":"https:\/\/www.hoymercedes.com.ar\/principal\/2021\/04\/25\/el-centro-de-ingenieros-recuerda-a-lucas-fal\/","url_meta":{"origin":43959,"position":0},"title":"El Centro de Ingenieros recuerda a Lucas Fal","author":"hoymercedes","date":"25 abril, 2021","format":false,"excerpt":"El venidero 29 de abril se cumplen cinco a\u00f1os del fallecimiento del Ingeniero Lucas Fal. Desde el Centro de Ingenieros de Mercedes hicieron p\u00fablico un recuerdo que resalta \"el amor a la familia\", su \"capacidad profesional\" y su \"enorme vocaci\u00f3n de servicio\". Cabe recordar que Lucas Fal falleci\u00f3 en abril\u2026","rel":"","context":"En \u00abSociedad\u00bb","block_context":{"text":"Sociedad","link":"https:\/\/www.hoymercedes.com.ar\/principal\/category\/sociedad\/"},"img":{"alt_text":"","src":"https:\/\/i0.wp.com\/www.hoymercedes.com.ar\/principal\/wp-content\/uploads\/2016\/04\/LucasFal.jpg?resize=350%2C200&ssl=1","width":350,"height":200,"srcset":"https:\/\/i0.wp.com\/www.hoymercedes.com.ar\/principal\/wp-content\/uploads\/2016\/04\/LucasFal.jpg?resize=350%2C200&ssl=1 1x, https:\/\/i0.wp.com\/www.hoymercedes.com.ar\/principal\/wp-content\/uploads\/2016\/04\/LucasFal.jpg?resize=525%2C300&ssl=1 1.5x"},"classes":[]},{"id":109998,"url":"https:\/\/www.hoymercedes.com.ar\/principal\/2020\/04\/29\/ingenieros-recuerdan-a-lucas-fal\/","url_meta":{"origin":43959,"position":1},"title":"Ingenieros recuerdan a Lucas Fal","author":"hoymercedes","date":"29 abril, 2020","format":false,"excerpt":"El Centro de Ingenieros de Mercedes recuerda al Bioingeniero Lucas Fal, fallecido hace cuatro a\u00f1os, meses despu\u00e9s de haber sido candidato a Intendente de la ciudad. Compartimos el recuerdo: Ingeniero Lucas FALEl Centro de Ingenieros de Mercedes ha fijado en su memoria, los d\u00edas 29 de abril, como una fecha\u00a0\u2026","rel":"","context":"En \u00abSociedad\u00bb","block_context":{"text":"Sociedad","link":"https:\/\/www.hoymercedes.com.ar\/principal\/category\/sociedad\/"},"img":{"alt_text":"","src":"https:\/\/i0.wp.com\/www.hoymercedes.com.ar\/principal\/wp-content\/uploads\/2015\/10\/LucasFal-Cambiemos.jpg?resize=350%2C200&ssl=1","width":350,"height":200,"srcset":"https:\/\/i0.wp.com\/www.hoymercedes.com.ar\/principal\/wp-content\/uploads\/2015\/10\/LucasFal-Cambiemos.jpg?resize=350%2C200&ssl=1 1x, https:\/\/i0.wp.com\/www.hoymercedes.com.ar\/principal\/wp-content\/uploads\/2015\/10\/LucasFal-Cambiemos.jpg?resize=525%2C300&ssl=1 1.5x"},"classes":[]},{"id":149697,"url":"https:\/\/www.hoymercedes.com.ar\/principal\/2022\/06\/22\/proponen-que-el-paseo-de-la-juventud-lleve-el-nombre-de-lucas-fal\/","url_meta":{"origin":43959,"position":2},"title":"Proponen que el Paseo de la Juventud lleve el nombre de Lucas Fal","author":"hoymercedes","date":"22 junio, 2022","format":false,"excerpt":"En un proyecto de ordenanza presentado por el bloque Juntos ante el cuerpo del Concejo Deliberante de Mercedes para ser tratado en las pr\u00f3ximas sesiones, los concejales proponen que la calle 8 entre las calles 29 y 17, donde se preve que funcione el Paseo de la Juventud, lleve el\u2026","rel":"","context":"En \u00abHCD Mercedes\u00bb","block_context":{"text":"HCD Mercedes","link":"https:\/\/www.hoymercedes.com.ar\/principal\/category\/hcd-mercedes\/"},"img":{"alt_text":"","src":"https:\/\/i0.wp.com\/www.hoymercedes.com.ar\/principal\/wp-content\/uploads\/2021\/04\/29-lucas-fal.jpeg?resize=350%2C200&ssl=1","width":350,"height":200},"classes":[]},{"id":49363,"url":"https:\/\/www.hoymercedes.com.ar\/principal\/2016\/04\/29\/fallecio-lucas-fal\/","url_meta":{"origin":43959,"position":3},"title":"Falleci\u00f3 Lucas Fal","author":"hoymercedes","date":"29 abril, 2016","format":false,"excerpt":"\u00a0 El dirigente radical Lucas Fal muri\u00f3 este viernes en la ciudad de La Plata a causa de un trastorno severo de car\u00f3tida sufrido el jueves 21. Tras diversas intervenciones quir\u00fargicas, hab\u00eda mostrado una leve mejor\u00eda, aunque el desenlace fue el no esperado. Hondo pesar en la comunidad que llora\u2026","rel":"","context":"En \u00abSociedad\u00bb","block_context":{"text":"Sociedad","link":"https:\/\/www.hoymercedes.com.ar\/principal\/category\/sociedad\/"},"img":{"alt_text":"","src":"https:\/\/i0.wp.com\/www.hoymercedes.com.ar\/principal\/wp-content\/uploads\/2015\/09\/LucasFal-2015.jpg?resize=350%2C200&ssl=1","width":350,"height":200,"srcset":"https:\/\/i0.wp.com\/www.hoymercedes.com.ar\/principal\/wp-content\/uploads\/2015\/09\/LucasFal-2015.jpg?resize=350%2C200&ssl=1 1x, https:\/\/i0.wp.com\/www.hoymercedes.com.ar\/principal\/wp-content\/uploads\/2015\/09\/LucasFal-2015.jpg?resize=525%2C300&ssl=1 1.5x"},"classes":[]},{"id":45551,"url":"https:\/\/www.hoymercedes.com.ar\/principal\/2015\/10\/25\/tras-votar-lucas-fal-satisfecho-con-el-trabajo-realizado\/","url_meta":{"origin":43959,"position":4},"title":"Tras votar: Lucas Fal satisfecho con el trabajo realizado","author":"hoymercedes","date":"25 octubre, 2015","format":false,"excerpt":"\u00a0 El candidato a intendente Lucas Fal vot\u00f3 y luego atendi\u00f3 a la prensa mostrando toda su satisfacci\u00f3n por ser parte de un acto electoral m\u00e1s. En Escuela Normal cerca de las 10.00hs fue donde el representante de Cambiemos sufrag\u00f3. \u201cMucha expectativa\u201d manifest\u00f3 tener y que \u201cvenimos desde hace un\u2026","rel":"","context":"En \u00abQuinta\u00bb","block_context":{"text":"Quinta","link":"https:\/\/www.hoymercedes.com.ar\/principal\/category\/quinta\/"},"img":{"alt_text":"","src":"https:\/\/i0.wp.com\/www.hoymercedes.com.ar\/principal\/wp-content\/uploads\/2015\/10\/lucasfal.jpg?resize=350%2C200&ssl=1","width":350,"height":200,"srcset":"https:\/\/i0.wp.com\/www.hoymercedes.com.ar\/principal\/wp-content\/uploads\/2015\/10\/lucasfal.jpg?resize=350%2C200&ssl=1 1x, https:\/\/i0.wp.com\/www.hoymercedes.com.ar\/principal\/wp-content\/uploads\/2015\/10\/lucasfal.jpg?resize=525%2C300&ssl=1 1.5x"},"classes":[]},{"id":129178,"url":"https:\/\/www.hoymercedes.com.ar\/principal\/2021\/04\/29\/la-jr-recuerda-a-lucas-fal-a-5-anos-de-su-fallecimiento\/","url_meta":{"origin":43959,"position":5},"title":"La JR recuerda a Lucas Fal a 5 a\u00f1os de su fallecimiento","author":"hoymercedes","date":"29 abril, 2021","format":false,"excerpt":"Desde la Juventud Radical de Mercedes recordaron al dirigente radical Lucas Fal que falleci\u00f3 hace 5 a\u00f1os. Como gu\u00eda de la l\u00ednea juvenil, evocan al referente pol\u00edtico con las palabras que los inst\u00f3 a seguir en la militancia de la UCR. \"Nuestro recuerdo a Lucas, quien supo ser gu\u00eda y\u2026","rel":"","context":"En \u00abPol\u00edtica\u00bb","block_context":{"text":"Pol\u00edtica","link":"https:\/\/www.hoymercedes.com.ar\/principal\/category\/politica\/"},"img":{"alt_text":"","src":"https:\/\/i0.wp.com\/www.hoymercedes.com.ar\/principal\/wp-content\/uploads\/2021\/04\/29-lucas-fal-JR.jpeg?resize=350%2C200&ssl=1","width":350,"height":200,"srcset":"https:\/\/i0.wp.com\/www.hoymercedes.com.ar\/principal\/wp-content\/uploads\/2021\/04\/29-lucas-fal-JR.jpeg?resize=350%2C200&ssl=1 1x, https:\/\/i0.wp.com\/www.hoymercedes.com.ar\/principal\/wp-content\/uploads\/2021\/04\/29-lucas-fal-JR.jpeg?resize=525%2C300&ssl=1 1.5x, https:\/\/i0.wp.com\/www.hoymercedes.com.ar\/principal\/wp-content\/uploads\/2021\/04\/29-lucas-fal-JR.jpeg?resize=700%2C400&ssl=1 2x, https:\/\/i0.wp.com\/www.hoymercedes.com.ar\/principal\/wp-content\/uploads\/2021\/04\/29-lucas-fal-JR.jpeg?resize=1050%2C600&ssl=1 3x"},"classes":[]}],"_links":{"self":[{"href":"https:\/\/www.hoymercedes.com.ar\/principal\/wp-json\/wp\/v2\/posts\/43959","targetHints":{"allow":["GET"]}}],"collection":[{"href":"https:\/\/www.hoymercedes.com.ar\/principal\/wp-json\/wp\/v2\/posts"}],"about":[{"href":"https:\/\/www.hoymercedes.com.ar\/principal\/wp-json\/wp\/v2\/types\/post"}],"author":[{"embeddable":true,"href":"https:\/\/www.hoymercedes.com.ar\/principal\/wp-json\/wp\/v2\/users\/1"}],"replies":[{"embeddable":true,"href":"https:\/\/www.hoymercedes.com.ar\/principal\/wp-json\/wp\/v2\/comments?post=43959"}],"version-history":[{"count":0,"href":"https:\/\/www.hoymercedes.com.ar\/principal\/wp-json\/wp\/v2\/posts\/43959\/revisions"}],"wp:featuredmedia":[{"embeddable":true,"href":"https:\/\/www.hoymercedes.com.ar\/principal\/wp-json\/wp\/v2\/media\/43960"}],"wp:attachment":[{"href":"https:\/\/www.hoymercedes.com.ar\/principal\/wp-json\/wp\/v2\/media?parent=43959"}],"wp:term":[{"taxonomy":"category","embeddable":true,"href":"https:\/\/www.hoymercedes.com.ar\/principal\/wp-json\/wp\/v2\/categories?post=43959"},{"taxonomy":"post_tag","embeddable":true,"href":"https:\/\/www.hoymercedes.com.ar\/principal\/wp-json\/wp\/v2\/tags?post=43959"}],"curies":[{"name":"wp","href":"https:\/\/api.w.org\/{rel}","templated":true}]}}