{"id":44003,"date":"2015-08-13T23:57:49","date_gmt":"2015-08-14T02:57:49","guid":{"rendered":"http:\/\/www.hoymercedes.com.ar\/principal\/?p=44003"},"modified":"2015-08-15T17:33:58","modified_gmt":"2015-08-15T20:33:58","slug":"se-viene-un-yacare-suelto-en-general-rodriguez","status":"publish","type":"post","link":"https:\/\/www.hoymercedes.com.ar\/principal\/2015\/08\/13\/se-viene-un-yacare-suelto-en-general-rodriguez\/","title":{"rendered":"Se viene \u201cUn Yacar\u00e9\u201d Suelto en General Rodr\u00edguez\u201d"},"content":{"rendered":"<p><a href=\"https:\/\/www.hoymercedes.com.ar\/principal\/wp-content\/uploads\/2015\/08\/rodriguez.jpg\"><img loading=\"lazy\" decoding=\"async\" data-attachment-id=\"44004\" data-permalink=\"https:\/\/www.hoymercedes.com.ar\/principal\/2015\/08\/13\/se-viene-un-yacare-suelto-en-general-rodriguez\/rodriguez\/#main\" data-orig-file=\"https:\/\/www.hoymercedes.com.ar\/principal\/wp-content\/uploads\/2015\/08\/rodriguez.jpg\" data-orig-size=\"620,348\" data-comments-opened=\"1\" data-image-meta=\"{&quot;aperture&quot;:&quot;0&quot;,&quot;credit&quot;:&quot;Picasa&quot;,&quot;camera&quot;:&quot;&quot;,&quot;caption&quot;:&quot;&quot;,&quot;created_timestamp&quot;:&quot;0&quot;,&quot;copyright&quot;:&quot;&quot;,&quot;focal_length&quot;:&quot;0&quot;,&quot;iso&quot;:&quot;0&quot;,&quot;shutter_speed&quot;:&quot;0&quot;,&quot;title&quot;:&quot;&quot;,&quot;orientation&quot;:&quot;0&quot;}\" data-image-title=\"rodriguez\" data-image-description=\"\" data-image-caption=\"\" data-large-file=\"https:\/\/www.hoymercedes.com.ar\/principal\/wp-content\/uploads\/2015\/08\/rodriguez.jpg\" class=\"Img2014 aligncenter wp-image-44004 size-full\" title=\"Walter Yacar\u00e9 Sequeira\" src=\"https:\/\/www.hoymercedes.com.ar\/principal\/wp-content\/uploads\/2015\/08\/rodriguez.jpg\" alt=\"rodriguez\" width=\"620\" height=\"348\" srcset=\"https:\/\/www.hoymercedes.com.ar\/principal\/wp-content\/uploads\/2015\/08\/rodriguez.jpg 620w, https:\/\/www.hoymercedes.com.ar\/principal\/wp-content\/uploads\/2015\/08\/rodriguez-150x84.jpg 150w, https:\/\/www.hoymercedes.com.ar\/principal\/wp-content\/uploads\/2015\/08\/rodriguez-290x163.jpg 290w, https:\/\/www.hoymercedes.com.ar\/principal\/wp-content\/uploads\/2015\/08\/rodriguez-50x28.jpg 50w\" sizes=\"auto, (max-width: 620px) 100vw, 620px\" \/><\/a><\/p>\n<p><em><strong>El pupilo de \u201cCharly\u201d Rodr\u00edguez estar\u00e1 el pr\u00f3ximo s\u00e1bado 22 en el Club Costa Brava. Ser\u00e1n 6 round ante Cristian Daniel Su\u00e1rez. Se anuncian varios combates amateurs con rodriguenses que son campeones de la Liga Bonaerense. La entrada \u00fanica tendr\u00e1 un costo de 100 pesos.<\/strong><\/em><\/p>\n<p>Tras la posibilidad que no pudo ser meses atr\u00e1s, todo se encamina a que General Rodr\u00edguez est\u00e9 viviendo el pr\u00f3ximo s\u00e1bado 22 una importante velada box\u00edstica profesional y amateur. Ser\u00e1 en el Club Costa Brava de General Rodr\u00edguez (Demaestri y 2 de Abril) con la organizaci\u00f3n de Charly Box Promotions y el local Mariano Livolsi, anunci\u00e1ndose como combate estelar, en el campo rentado, al noqueador mercedino Walter Gabriel Sequeira (28 a\u00f1os) que tiene 14 peleas ganadas, 10 KO, y solo 2 perdidas por puntos. El rival del \u201dYacar\u00e9\u201d ser\u00e1 Cristian Daniel Su\u00e1rez (Billinghrst \u2013 Buenos Aires) de 31 a\u00f1os que llega con 5 presentaciones de la cuales acusa 3 triunfos, un KO a favor y 2 combates perdidos por puntos. Sequeira y Su\u00e1rez han pactado una pelea a 6 round de 3\u2019 x 1\u2019.<br \/>\nLa grilla se completar\u00e1 con amateurs donde se ver\u00e1n varios t\u00edtulos de la Liga Bonaerense: en 64 kg Nicol\u00e1s Cabral (General Rodr\u00edguez) vs. H\u00e9ctor Frank (Trenque Lauquen), 70 kg Juan Ramos (General Rodr\u00edguez) vs. Nicol\u00e1s Sonnante (Charly Box), 64 kg Anal\u00eda Nogueira (General Rodr\u00edguez) vs. Antonela Dema (Charly Box) y el flamante Campe\u00f3n Bonaerense, 64 kg Luis Barrag\u00e1n (General Rodr\u00edguez) vs. Iv\u00e1n Lescano (Casanova). Otro que luce el cintur\u00f3n bonaerense es en 53 kg Sebasti\u00e1n Castillo (General Rodr\u00edguez) vs. Mauro Ram\u00edrez (Florencio Varela), en 61 kg Pedro Jaruchik otro campe\u00f3n de Rodr\u00edguez vs. Luis Romanos (Florencio Varela) y en 66 kg Luciano Goro (General Rodr\u00edguez) vs. Alberto P\u00e9rez (Florencio Varela).<br \/>\nLas entradas tendr\u00e1n un valor de 100 pesos y se podr\u00e1n adquirir el mismo s\u00e1bado 22 desde las 19 horas, en Costa Brava habr\u00e1 servicio de cantina en una noche donde el espect\u00e1culo est\u00e1 garantizado. Adem\u00e1s se espera la presencia del periodista Guillermo Favale, seguidor del boxeo, como otros reconocidos artistas que dir\u00e1n presente en una velada denominada \u201cUn Yacar\u00e9 Suelto en General Rodr\u00edguez\u201d.<\/p>\n<p>Donaciones<br \/>\nEl s\u00e1bado 22 todos aquellos que quieran colaborar con los vecinos de otras ciudades que sufrieron inundaciones lo podr\u00e1s hacer de manera voluntaria, se aceptar\u00e1n alimentos, ropa y calzado. Todo lo que se logre reunir ser\u00e1 distribuido entre los damnificados.<\/p>\n<p>Fotos<br \/>\nsequeira1.jpg<br \/>\nEl \u201cYacar\u00e9\u201d Walter Sequeira.<\/p>\n<p>campeones.jpg<br \/>\nLos tres campeones de General Rodr\u00edguez junto a Mariano Livolsi.<\/p>\n","protected":false},"excerpt":{"rendered":"<p>El pupilo de \u201cCharly\u201d Rodr\u00edguez estar\u00e1 el pr\u00f3ximo s\u00e1bado 22 en el Club Costa Brava. Ser\u00e1n 6 round ante Cristian &#8230; <a title=\"Se viene \u201cUn Yacar\u00e9\u201d Suelto en General Rodr\u00edguez\u201d\" class=\"read-more\" href=\"https:\/\/www.hoymercedes.com.ar\/principal\/2015\/08\/13\/se-viene-un-yacare-suelto-en-general-rodriguez\/\" aria-label=\"Leer m\u00e1s sobre Se viene \u201cUn Yacar\u00e9\u201d Suelto en General Rodr\u00edguez\u201d\">Leer m\u00e1s<\/a><\/p>\n","protected":false},"author":1,"featured_media":44004,"comment_status":"open","ping_status":"open","sticky":false,"template":"","format":"standard","meta":{"_monsterinsights_skip_tracking":false,"_monsterinsights_sitenote_active":false,"_monsterinsights_sitenote_note":"","_monsterinsights_sitenote_category":0,"jetpack_post_was_ever_published":false,"_jetpack_newsletter_access":"","_jetpack_dont_email_post_to_subs":false,"_jetpack_newsletter_tier_id":0,"_jetpack_memberships_contains_paywalled_content":false,"_jetpack_memberships_contains_paid_content":false,"footnotes":"","jetpack_publicize_message":"","jetpack_publicize_feature_enabled":true,"jetpack_social_post_already_shared":true,"jetpack_social_options":{"image_generator_settings":{"template":"highway","default_image_id":0,"font":"","enabled":false},"version":2},"_wpas_customize_per_network":false},"categories":[21],"tags":[3806],"class_list":["post-44003","post","type-post","status-publish","format-standard","has-post-thumbnail","hentry","category-deportes","tag-walter-yacare-sequeira","generate-columns","tablet-grid-50","mobile-grid-100","grid-parent","grid-50"],"jetpack_publicize_connections":[],"jetpack_featured_media_url":"https:\/\/www.hoymercedes.com.ar\/principal\/wp-content\/uploads\/2015\/08\/rodriguez.jpg","wps_subtitle":"Boxeo de alto nivel","jetpack_sharing_enabled":true,"_links":{"self":[{"href":"https:\/\/www.hoymercedes.com.ar\/principal\/wp-json\/wp\/v2\/posts\/44003","targetHints":{"allow":["GET"]}}],"collection":[{"href":"https:\/\/www.hoymercedes.com.ar\/principal\/wp-json\/wp\/v2\/posts"}],"about":[{"href":"https:\/\/www.hoymercedes.com.ar\/principal\/wp-json\/wp\/v2\/types\/post"}],"author":[{"embeddable":true,"href":"https:\/\/www.hoymercedes.com.ar\/principal\/wp-json\/wp\/v2\/users\/1"}],"replies":[{"embeddable":true,"href":"https:\/\/www.hoymercedes.com.ar\/principal\/wp-json\/wp\/v2\/comments?post=44003"}],"version-history":[{"count":0,"href":"https:\/\/www.hoymercedes.com.ar\/principal\/wp-json\/wp\/v2\/posts\/44003\/revisions"}],"wp:featuredmedia":[{"embeddable":true,"href":"https:\/\/www.hoymercedes.com.ar\/principal\/wp-json\/wp\/v2\/media\/44004"}],"wp:attachment":[{"href":"https:\/\/www.hoymercedes.com.ar\/principal\/wp-json\/wp\/v2\/media?parent=44003"}],"wp:term":[{"taxonomy":"category","embeddable":true,"href":"https:\/\/www.hoymercedes.com.ar\/principal\/wp-json\/wp\/v2\/categories?post=44003"},{"taxonomy":"post_tag","embeddable":true,"href":"https:\/\/www.hoymercedes.com.ar\/principal\/wp-json\/wp\/v2\/tags?post=44003"}],"curies":[{"name":"wp","href":"https:\/\/api.w.org\/{rel}","templated":true}]}}