{"id":4405,"date":"2011-05-21T20:42:28","date_gmt":"2011-05-21T20:42:28","guid":{"rendered":"http:\/\/www.hoymercedes.com.ar\/principal\/?p=4405"},"modified":"2011-05-21T20:42:28","modified_gmt":"2011-05-21T20:42:28","slug":"convocan-a-trabajadores-municipales-a-una-marcha-por-paritarias","status":"publish","type":"post","link":"https:\/\/www.hoymercedes.com.ar\/principal\/2011\/05\/21\/convocan-a-trabajadores-municipales-a-una-marcha-por-paritarias\/","title":{"rendered":"Convocan a trabajadores municipales a una marcha por paritarias"},"content":{"rendered":"<p>Mercedes, Mar\u00eda Florencia Balsategui confirm\u00f3 ayer al dialogar con los medios locales que dese la provincia de Buenos Aires, concretamente desde las dos Federaciones de Trabajadores Municipales que existen en la misma se hab\u00eda dispuesto realizar el lunes pr\u00f3ximo marchas en cada uno delos distritos pidiendo por la implementaci\u00f3n de la Ley de Paritaria en todo el \u00e1mbito bonaerense para los trabajadores del sector.<\/p>\n<p>La dirigente gremial precis\u00f3  \u201clos trabajadores municipales de toda la provincia debemos demostrar que estamos todos unidos para la recuperaci\u00f3n de las paritarias.<\/p>\n<p>No tenemos que bajar los brazos porque son muchos a\u00f1os de postergaci\u00f3n en nuestras aspiraciones salariales, aspiraciones de poder percibir un sueldo m\u00ednimo realmente digno que no de l\u00e1stima como los actuales.<\/p>\n<p>Nosotros en Mercedes le pedimos a todos los compa\u00f1eros que este lunes estemos todos juntos realizando marchas en nuestra comuna, la idea para no perjudicar a los vecinos con la falta de prestaci\u00f3n de alg\u00fan servicio y al mismo tiempo para que los muchachos no se vean perjudicados por no cobrar el premio al presentismo, hemos decidido hacer dos marchas, una por la ma\u00f1ana con todos aquellos trabajadores que cumplen tareas desde el mediod\u00eda hacia la noche, la misma ser\u00e1 alrededor de la 9.30 partiendo desde el Sindicato en la calle 10 hasta el Palacio Municipal y la segunda a partir  de las 14,39, es decir una vez que se haya cumplido el horario de ma\u00f1ana con salida tambi\u00e9n desde el Sindicato.<\/p>\n<p>Lamentablemente no solo en Mercedes sino en toda la provincia el sueldo de los municipales es una ofensa para los mismo, no se puede llegar a entender porque motivos las autoridades no prestan la atenci\u00f3n debida, porque se siguen negando a implementar las paritarias con una base igual para todos los municipio y luego que cada uno de ellos discuta como corresponde el resto del salario con sus trabajadores.<\/p>\n<p>Pretendemos con esta medida que se concretar\u00e1 en todos los municipios de la provincia se modifiquen las leyes vigentes que lamentablemente impiden que de pueda realizar una paritaria general y a partir de la misma un acuerdo individual desde los sindicatos con cada uno de los municipios, ahora ser\u00e1n marchas en toda la provincia y si no se obtienen resultados satisfactorios seguramente desde cada una de las dos Federaciones se dispondr\u00e1 para todos los distritos bonaerenses la implementaci\u00f3n de jornadas de paro.<\/p>\n<p>Que los trabajadores municipales de Mercedes participen de esta marcha que estaremos haciendo el lunes es realmente muy importante por lo cual pedimos la colaboraci\u00f3n de todos con su presencia, sean  o no afiliados a nuestro gremio porque ac\u00e1 ya no se trata de identificaciones ni de carteles sino de una lamentable realidad que nos aflige absolutamente a todos los trabajadores municipales de la ciudad, a los que los vecinos est\u00e1n acostumbrados a ver en la recolecci\u00f3n, ellos parque y plazas de la ciudad, en la atenci\u00f3n del alumbrado p\u00fablico, en las oficinas, en las salas de salud, etc., vecinos que sabemos muy bien entienden a la perfecci\u00f3n las necesidades que nosotros estamos pasando con los sueldos actuales.<\/p>\n<p>Creo que todos entienden que nuestra protesta es razonable, que es totalmente leg\u00edtima pero lamentablemente debo reconocer que en muchos casos nosotros mismos, es decir los empleados municipales nos menospreciamos porque no llegamos entender el verdadero valor que tenemos dentro de la comunidad como en realidad somos el \u00fanico sector de los trabajadores que est\u00e1 junto a sus vecinos las 24 horas\u201d.<\/p>\n<p>&nbsp;<\/p>\n","protected":false},"excerpt":{"rendered":"<p>Mercedes, Mar\u00eda Florencia Balsategui confirm\u00f3 ayer al dialogar con los medios locales que dese la provincia de Buenos Aires, concretamente &#8230; <a title=\"Convocan a trabajadores municipales a una marcha por paritarias\" class=\"read-more\" href=\"https:\/\/www.hoymercedes.com.ar\/principal\/2011\/05\/21\/convocan-a-trabajadores-municipales-a-una-marcha-por-paritarias\/\" aria-label=\"Leer m\u00e1s sobre Convocan a trabajadores municipales a una marcha por paritarias\">Leer m\u00e1s<\/a><\/p>\n","protected":false},"author":1,"featured_media":0,"comment_status":"open","ping_status":"open","sticky":false,"template":"","format":"standard","meta":{"_monsterinsights_skip_tracking":false,"_monsterinsights_sitenote_active":false,"_monsterinsights_sitenote_note":"","_monsterinsights_sitenote_category":0,"jetpack_post_was_ever_published":false,"_jetpack_newsletter_access":"","_jetpack_dont_email_post_to_subs":false,"_jetpack_newsletter_tier_id":0,"_jetpack_memberships_contains_paywalled_content":false,"_jetpack_memberships_contains_paid_content":false,"footnotes":"","jetpack_publicize_message":"","jetpack_publicize_feature_enabled":true,"jetpack_social_post_already_shared":false,"jetpack_social_options":{"image_generator_settings":{"template":"highway","default_image_id":0,"font":"","enabled":false},"version":2},"_wpas_customize_per_network":false},"categories":[8],"tags":[821],"class_list":["post-4405","post","type-post","status-publish","format-standard","hentry","category-sociedad","tag-marcha-municipales","generate-columns","tablet-grid-50","mobile-grid-100","grid-parent","grid-50"],"jetpack_publicize_connections":[],"jetpack_featured_media_url":"","wps_subtitle":"","jetpack_sharing_enabled":true,"_links":{"self":[{"href":"https:\/\/www.hoymercedes.com.ar\/principal\/wp-json\/wp\/v2\/posts\/4405","targetHints":{"allow":["GET"]}}],"collection":[{"href":"https:\/\/www.hoymercedes.com.ar\/principal\/wp-json\/wp\/v2\/posts"}],"about":[{"href":"https:\/\/www.hoymercedes.com.ar\/principal\/wp-json\/wp\/v2\/types\/post"}],"author":[{"embeddable":true,"href":"https:\/\/www.hoymercedes.com.ar\/principal\/wp-json\/wp\/v2\/users\/1"}],"replies":[{"embeddable":true,"href":"https:\/\/www.hoymercedes.com.ar\/principal\/wp-json\/wp\/v2\/comments?post=4405"}],"version-history":[{"count":0,"href":"https:\/\/www.hoymercedes.com.ar\/principal\/wp-json\/wp\/v2\/posts\/4405\/revisions"}],"wp:attachment":[{"href":"https:\/\/www.hoymercedes.com.ar\/principal\/wp-json\/wp\/v2\/media?parent=4405"}],"wp:term":[{"taxonomy":"category","embeddable":true,"href":"https:\/\/www.hoymercedes.com.ar\/principal\/wp-json\/wp\/v2\/categories?post=4405"},{"taxonomy":"post_tag","embeddable":true,"href":"https:\/\/www.hoymercedes.com.ar\/principal\/wp-json\/wp\/v2\/tags?post=4405"}],"curies":[{"name":"wp","href":"https:\/\/api.w.org\/{rel}","templated":true}]}}