{"id":4408,"date":"2011-05-21T20:43:50","date_gmt":"2011-05-21T20:43:50","guid":{"rendered":"http:\/\/www.hoymercedes.com.ar\/principal\/?p=4408"},"modified":"2011-05-21T20:45:52","modified_gmt":"2011-05-21T20:45:52","slug":"concurso-provincial-tu-huella-en-el-camino","status":"publish","type":"post","link":"https:\/\/www.hoymercedes.com.ar\/principal\/2011\/05\/21\/concurso-provincial-tu-huella-en-el-camino\/","title":{"rendered":"Concurso Provincial \u00abTu Huella en el Camino\u00bb"},"content":{"rendered":"<p>TECPREMER Asociaci\u00f3n Civil participa a todas las comunidades educativas a presentar trabajos en relaci\u00f3n a la prevenci\u00f3n de hechos de tr\u00e1nsito.<\/p>\n<p>El Concurso Provincial \u00abTu Huella en el Camino\u00bb es una propuesta en conjunto de la Direcci\u00f3n General de Cultura y Educaci\u00f3n, Direcci\u00f3n Provincial de Pol\u00edtica y Seguridad Vial y la Agencia Nacional de Seguridad Vial con el Objetivo de incentivar el trabajo de los alumnos junto a sus docentes y familiares en la b\u00fasqueda de ideas que expresen en forma gr\u00e1fica c\u00f3mo prevenir siniestros de tr\u00e1nsito en la v\u00eda p\u00fablica, en concordancia con la consigna: \u201cSi soy peat\u00f3n, acompa\u00f1ante o conductor, puedo prevenir siniestros de tr\u00e1nsito, de esta manera\u2026\u201d<\/p>\n<p>El Concurso est\u00e1 dirigido a todos los alumnos de Educaci\u00f3n Inicial, Educaci\u00f3n Primaria, Educaci\u00f3n Secundaria,<\/p>\n<p>Educaci\u00f3n Especial, Educaci\u00f3n de Adultos, Educaci\u00f3n Superior y de Centros de Educaci\u00f3n Complementaria de los establecimientos de gesti\u00f3n p\u00fablica y privada de la Provincia de Buenos Aires. Est\u00e1 dividido en dos categor\u00edas: 1)  Alumnos de los niveles Inicial y Primario, Educaci\u00f3n Especial y CEC, deber\u00e1n elaborar afiches siguiendo la consigna y de acuerdo a las pautas establecidas y 2) Los alumnos de los niveles Secundario y Superior, y de Educaci\u00f3n de Adultos, deber\u00e1n elaborar historietas siguiendo la consigna y de acuerdo a las pautas establecidas.<\/p>\n<p>Pautas: La participaci\u00f3n ser\u00e1 en forma individual y podr\u00e1n presentarse tantos alumnos como deseen. Los trabajos deber\u00e1n presentarse en hoja tama\u00f1o: A3 (29,7 x 42cm). Es condici\u00f3n para la admisi\u00f3n acompa\u00f1ar el trabajo con una hoja consignando los siguientes datos: Nombre y apellido del participante- Nombre y direcci\u00f3n de la escuela-<\/p>\n<p>&#8211;  Sala \/ A\u00f1o- Secci\u00f3n \/ Turno- Localidad \/ Distrito- Tel\u00e9fono- Fax (si tiene)- Direcci\u00f3n de e-mail (si tiene)- Firma, aclaraci\u00f3n y sello del director\/a de la escuela<\/p>\n<p>Las escuelas deber\u00e1n seleccionar cinco trabajos y enviar las producciones a la Jefatura Distrital, hasta el 17 de junio de 2011, para quedar seleccionados 20 trabajos por categor\u00eda, siguiendo las instancia Regional  y Provincial ser\u00e1n 5 los finalistas por cada categor\u00eda. Los respectivos premios y menciones a los finalistas se entregar\u00e1n a las escuelas y los alumnos ganadores en la Exposici\u00f3n de Educaci\u00f3n y Seguridad Vial que se desarrollar\u00e1 en el Estadio Ciudad de la Plata (Estadio \u00danico) durante el mes de septiembre, con la presencia de organizaciones e instituciones a nivel federal que trabajan d\u00eda a d\u00eda por bajar los \u00edndices de hechos de tr\u00e1nsito y a favor de la vida.<\/p>\n<p>Contacto: info@tecpremer.org.ar<\/p>\n<p>&nbsp;<\/p>\n","protected":false},"excerpt":{"rendered":"<p>TECPREMER Asociaci\u00f3n Civil participa a todas las comunidades educativas a presentar trabajos en relaci\u00f3n a la prevenci\u00f3n de hechos de &#8230; <a title=\"Concurso Provincial \u00abTu Huella en el Camino\u00bb\" class=\"read-more\" href=\"https:\/\/www.hoymercedes.com.ar\/principal\/2011\/05\/21\/concurso-provincial-tu-huella-en-el-camino\/\" aria-label=\"Leer m\u00e1s sobre Concurso Provincial \u00abTu Huella en el Camino\u00bb\">Leer m\u00e1s<\/a><\/p>\n","protected":false},"author":1,"featured_media":0,"comment_status":"open","ping_status":"open","sticky":false,"template":"","format":"standard","meta":{"_monsterinsights_skip_tracking":false,"_monsterinsights_sitenote_active":false,"_monsterinsights_sitenote_note":"","_monsterinsights_sitenote_category":0,"jetpack_post_was_ever_published":false,"_jetpack_newsletter_access":"","_jetpack_dont_email_post_to_subs":false,"_jetpack_newsletter_tier_id":0,"_jetpack_memberships_contains_paywalled_content":false,"_jetpack_memberships_contains_paid_content":false,"footnotes":"","jetpack_publicize_message":"","jetpack_publicize_feature_enabled":true,"jetpack_social_post_already_shared":false,"jetpack_social_options":{"image_generator_settings":{"template":"highway","default_image_id":0,"font":"","enabled":false},"version":2},"_wpas_customize_per_network":false},"categories":[8],"tags":[822],"class_list":["post-4408","post","type-post","status-publish","format-standard","hentry","category-sociedad","tag-concurso-provincial-tu-huella-en-el-camino","generate-columns","tablet-grid-50","mobile-grid-100","grid-parent","grid-50"],"jetpack_publicize_connections":[],"jetpack_featured_media_url":"","wps_subtitle":"","jetpack_sharing_enabled":true,"_links":{"self":[{"href":"https:\/\/www.hoymercedes.com.ar\/principal\/wp-json\/wp\/v2\/posts\/4408","targetHints":{"allow":["GET"]}}],"collection":[{"href":"https:\/\/www.hoymercedes.com.ar\/principal\/wp-json\/wp\/v2\/posts"}],"about":[{"href":"https:\/\/www.hoymercedes.com.ar\/principal\/wp-json\/wp\/v2\/types\/post"}],"author":[{"embeddable":true,"href":"https:\/\/www.hoymercedes.com.ar\/principal\/wp-json\/wp\/v2\/users\/1"}],"replies":[{"embeddable":true,"href":"https:\/\/www.hoymercedes.com.ar\/principal\/wp-json\/wp\/v2\/comments?post=4408"}],"version-history":[{"count":0,"href":"https:\/\/www.hoymercedes.com.ar\/principal\/wp-json\/wp\/v2\/posts\/4408\/revisions"}],"wp:attachment":[{"href":"https:\/\/www.hoymercedes.com.ar\/principal\/wp-json\/wp\/v2\/media?parent=4408"}],"wp:term":[{"taxonomy":"category","embeddable":true,"href":"https:\/\/www.hoymercedes.com.ar\/principal\/wp-json\/wp\/v2\/categories?post=4408"},{"taxonomy":"post_tag","embeddable":true,"href":"https:\/\/www.hoymercedes.com.ar\/principal\/wp-json\/wp\/v2\/tags?post=4408"}],"curies":[{"name":"wp","href":"https:\/\/api.w.org\/{rel}","templated":true}]}}