{"id":441,"date":"2010-11-19T02:21:21","date_gmt":"2010-11-19T02:21:21","guid":{"rendered":"http:\/\/www.hoymercedes.com.ar\/principal\/?p=441"},"modified":"2010-11-19T02:21:21","modified_gmt":"2010-11-19T02:21:21","slug":"fueron-entregados-siete-microcreditos-y-un-subsidio","status":"publish","type":"post","link":"https:\/\/www.hoymercedes.com.ar\/principal\/2010\/11\/19\/fueron-entregados-siete-microcreditos-y-un-subsidio\/","title":{"rendered":"Fueron entregados siete microcr\u00e9ditos y un subsidio"},"content":{"rendered":"<p style=\"text-align: justify;\">En el despacho del Intendente Carlos Selva aunque si su presencia, desde la Direcci\u00f3n de Planeamiento y Producci\u00f3n se procedi\u00f3 a la entrega de siete microcreditos y un subsidio a productores Ap\u00edcolas de nuestra ciudad por un monto global muy cercano a los veinti\u00fan mil pesos ($ 21.000)<\/p>\n<p style=\"text-align: justify;\">La reuni\u00f3n cont\u00f3 con la presencia de\u00a0 el Secretario de Econom\u00eda Contador Rodolfo Berardo junto a la Secretaria del intendente Isabel Moles,\u00a0 el\u00a0 Director de Planeamiento agrimensor Oscar L\u00f3pez,\u00a0 Fernando Zapata y el representante del INTA Mercedes que siempre se hace presente en este tipo de hechos que tiene que ver de manera directa con la\u00a0\u00a0 actividad productiva del campo.<\/p>\n<p style=\"text-align: justify;\">El Agrimensor L\u00f3pez\u00a0 sostuvo \u201cuna vez m\u00e1s tenemos que agradecer como siempre lo dice el intendente\u00a0 a los productores que siguen teniendo plena confianza en efectuar trabajos articulados con la Direcci\u00f3n de Planeamiento y Producci\u00f3n como ocurre con el sector de la producci\u00f3n ap\u00edcola de nuestro Partido.<\/p>\n<p style=\"text-align: justify;\">Hoy entregamos a siete productores un microcr\u00e9dito destinado exclusivamente a poder incrementar la producci\u00f3n que tienen y adem\u00e1s un subsidio que hab\u00eda quedado pendiente de aquella partida proveniente del Gobierno Nacional que se entreg\u00f3 hace algunos meses.<\/p>\n<p style=\"text-align: justify;\">Nosotros confiamos que estos fondos que estamos entregando realmente sean beneficiosos para aquellos que los reciben, sabemos que estamos en una \u00e9poca del a\u00f1o de plena producci\u00f3n as\u00ed que ya todos tienen el dinero depositado y a disposici\u00f3n para poder comenzar con las tareas previstas.<\/p>\n<p style=\"text-align: justify;\">Desde el municipio se trata de entregar mes a mes este tipo de microcr\u00e9dito que ahora se realimenta con el pago que ustedes, es decir quienes lo reciben, de las cuotas correspondientes a la devoluci\u00f3n del mismo, asi vamos formando una cadena que nos permite con cierta frecuencia poder concretar nuevos microcr\u00e9ditos como en este caso aunque en esta oportunidad hayamos trabajado abarcando a un solo sector , el de la producci\u00f3n de miel.\u201d<\/p>\n<p style=\"text-align: justify;\">Los microcr\u00e9ditos tienen ya estipulado un valor id\u00e9ntico ( $ 2600)\u00a0 para cada productor\u00a0 que lo solicitara\u00a0 especialmente para la adquisici\u00f3n de insumos\u00a0 para poder desarrollar las actividades.<\/p>\n<p style=\"text-align: justify;\">La n\u00f3mina de los beneficiados esta oportunidad es la siguente:<\/p>\n<p style=\"text-align: justify;\">Microcreditos<\/p>\n<p style=\"text-align: justify;\">Norberto Vieytes,\u00a0 Marcos Bori, Juan Alb\u00eda, Carmen Zatko, Guillermo Prunier , Gast\u00f3n Prunier, y\u00a0 N\u00e9stor Cerd\u00e1<\/p>\n<p style=\"text-align: justify;\">Subsidio<\/p>\n<p style=\"text-align: justify;\">Hugo Fab\u00edan Noguera ( $ 2,700).<\/p>\n<p style=\"text-align: justify;\">Al agradecer a las autoridades municipales por la ayuda entregada, los productores que se encontraban presentes manifestaron que en nuestro Partido se debi\u00f3 sufrir en los \u00faltimos dos a\u00f1os primero por una gran sequ\u00eda y luego por una enfermedad epid\u00e9mica que obligo a realizar un verdadero trabajo sanitario conjunto entre todas la parte involucrada en la Apicultura\u00a0 para evitar males mayores. Ahora ingresamos a la etapa plena de producci\u00f3n y tambi\u00e9n de la multiplicaci\u00f3n de abejas, por tal motivo debemos reforzar los insumos que tenemos para poner toda la fuerza necesaria en la pr\u00f3xima campa\u00f1a.\u201d.<\/p>\n","protected":false},"excerpt":{"rendered":"<p>En el despacho del Intendente Carlos Selva aunque si su presencia, desde la Direcci\u00f3n de Planeamiento y Producci\u00f3n se procedi\u00f3 &#8230; <a title=\"Fueron entregados siete microcr\u00e9ditos y un subsidio\" class=\"read-more\" href=\"https:\/\/www.hoymercedes.com.ar\/principal\/2010\/11\/19\/fueron-entregados-siete-microcreditos-y-un-subsidio\/\" aria-label=\"Leer m\u00e1s sobre Fueron entregados siete microcr\u00e9ditos y un subsidio\">Leer m\u00e1s<\/a><\/p>\n","protected":false},"author":1,"featured_media":0,"comment_status":"open","ping_status":"open","sticky":false,"template":"","format":"standard","meta":{"_monsterinsights_skip_tracking":false,"_monsterinsights_sitenote_active":false,"_monsterinsights_sitenote_note":"","_monsterinsights_sitenote_category":0,"jetpack_post_was_ever_published":false,"_jetpack_newsletter_access":"","_jetpack_dont_email_post_to_subs":false,"_jetpack_newsletter_tier_id":0,"_jetpack_memberships_contains_paywalled_content":false,"_jetpack_memberships_contains_paid_content":false,"footnotes":"","jetpack_publicize_message":"","jetpack_publicize_feature_enabled":true,"jetpack_social_post_already_shared":false,"jetpack_social_options":{"image_generator_settings":{"template":"highway","default_image_id":0,"font":"","enabled":false},"version":2},"_wpas_customize_per_network":false},"categories":[30],"tags":[107],"class_list":["post-441","post","type-post","status-publish","format-standard","hentry","category-municipio","tag-microcreditos-municipales","generate-columns","tablet-grid-50","mobile-grid-100","grid-parent","grid-50"],"jetpack_publicize_connections":[],"jetpack_featured_media_url":"","wps_subtitle":"","jetpack_sharing_enabled":true,"_links":{"self":[{"href":"https:\/\/www.hoymercedes.com.ar\/principal\/wp-json\/wp\/v2\/posts\/441","targetHints":{"allow":["GET"]}}],"collection":[{"href":"https:\/\/www.hoymercedes.com.ar\/principal\/wp-json\/wp\/v2\/posts"}],"about":[{"href":"https:\/\/www.hoymercedes.com.ar\/principal\/wp-json\/wp\/v2\/types\/post"}],"author":[{"embeddable":true,"href":"https:\/\/www.hoymercedes.com.ar\/principal\/wp-json\/wp\/v2\/users\/1"}],"replies":[{"embeddable":true,"href":"https:\/\/www.hoymercedes.com.ar\/principal\/wp-json\/wp\/v2\/comments?post=441"}],"version-history":[{"count":0,"href":"https:\/\/www.hoymercedes.com.ar\/principal\/wp-json\/wp\/v2\/posts\/441\/revisions"}],"wp:attachment":[{"href":"https:\/\/www.hoymercedes.com.ar\/principal\/wp-json\/wp\/v2\/media?parent=441"}],"wp:term":[{"taxonomy":"category","embeddable":true,"href":"https:\/\/www.hoymercedes.com.ar\/principal\/wp-json\/wp\/v2\/categories?post=441"},{"taxonomy":"post_tag","embeddable":true,"href":"https:\/\/www.hoymercedes.com.ar\/principal\/wp-json\/wp\/v2\/tags?post=441"}],"curies":[{"name":"wp","href":"https:\/\/api.w.org\/{rel}","templated":true}]}}