{"id":44116,"date":"2015-08-20T11:01:00","date_gmt":"2015-08-20T14:01:00","guid":{"rendered":"http:\/\/www.hoymercedes.com.ar\/principal\/?p=44116"},"modified":"2015-08-20T21:52:43","modified_gmt":"2015-08-21T00:52:43","slug":"marcelo-denapole-no-entramos-en-corrillos-baratos-no-se-baja-ninguna-candidatura-ni-se-regalan-los-votos","status":"publish","type":"post","link":"https:\/\/www.hoymercedes.com.ar\/principal\/2015\/08\/20\/marcelo-denapole-no-entramos-en-corrillos-baratos-no-se-baja-ninguna-candidatura-ni-se-regalan-los-votos\/","title":{"rendered":"Marcelo Denapole: \u201cNo entramos en corrillos baratos, no se baja ninguna candidatura ni se regalan los votos\u201d"},"content":{"rendered":"<p>&nbsp;<\/p>\n<p><a href=\"https:\/\/www.hoymercedes.com.ar\/principal\/wp-content\/uploads\/2015\/08\/marcelodenapole-malenamassa.jpg\"><img loading=\"lazy\" decoding=\"async\" data-attachment-id=\"44117\" data-permalink=\"https:\/\/www.hoymercedes.com.ar\/principal\/2015\/08\/20\/marcelo-denapole-no-entramos-en-corrillos-baratos-no-se-baja-ninguna-candidatura-ni-se-regalan-los-votos\/marcelodenapole-malenamassa\/#main\" data-orig-file=\"https:\/\/www.hoymercedes.com.ar\/principal\/wp-content\/uploads\/2015\/08\/marcelodenapole-malenamassa.jpg\" data-orig-size=\"620,413\" data-comments-opened=\"1\" data-image-meta=\"{&quot;aperture&quot;:&quot;5.3&quot;,&quot;credit&quot;:&quot;&quot;,&quot;camera&quot;:&quot;NIKON D3100&quot;,&quot;caption&quot;:&quot;&quot;,&quot;created_timestamp&quot;:&quot;1438482890&quot;,&quot;copyright&quot;:&quot;&quot;,&quot;focal_length&quot;:&quot;46&quot;,&quot;iso&quot;:&quot;1250&quot;,&quot;shutter_speed&quot;:&quot;0.016666666666667&quot;,&quot;title&quot;:&quot;&quot;,&quot;orientation&quot;:&quot;0&quot;}\" data-image-title=\"marcelodenapole-malenamassa\" data-image-description=\"\" data-image-caption=\"\" data-large-file=\"https:\/\/www.hoymercedes.com.ar\/principal\/wp-content\/uploads\/2015\/08\/marcelodenapole-malenamassa.jpg\" class=\"Img2014 aligncenter wp-image-44117 size-full\" title=\"Marcelo Denapole, Malesa Galmarini de Massa, Frente Renovador Mercedes\" src=\"https:\/\/www.hoymercedes.com.ar\/principal\/wp-content\/uploads\/2015\/08\/marcelodenapole-malenamassa.jpg\" alt=\"marcelodenapole-malenamassa\" width=\"620\" height=\"413\" srcset=\"https:\/\/www.hoymercedes.com.ar\/principal\/wp-content\/uploads\/2015\/08\/marcelodenapole-malenamassa.jpg 620w, https:\/\/www.hoymercedes.com.ar\/principal\/wp-content\/uploads\/2015\/08\/marcelodenapole-malenamassa-150x100.jpg 150w, https:\/\/www.hoymercedes.com.ar\/principal\/wp-content\/uploads\/2015\/08\/marcelodenapole-malenamassa-290x193.jpg 290w, https:\/\/www.hoymercedes.com.ar\/principal\/wp-content\/uploads\/2015\/08\/marcelodenapole-malenamassa-50x33.jpg 50w\" sizes=\"auto, (max-width: 620px) 100vw, 620px\" \/><\/a><\/p>\n<p><em><strong>El candidato a intendente del Frente Renovador, ingeniero Marcelo Den\u00e1pole, sali\u00f3 fuertemente a asegurar que no va a bajar su candidatura. \u201cNo s\u00f3lo eso, sino que vamos a ganas las elecciones en octubre\u201d.<\/strong><\/em><\/p>\n<p>Den\u00e1pole agreg\u00f3 que \u201cel Frente Renovador es el \u00fanico que puede ganarle a La C\u00e1mpora en Mercedes. Si yo me bajara, le estar\u00edamos regalando la ciudad y Mercedes ser\u00eda el bot\u00edn de guerra. Es l\u00f3gico si, que Lucas Fal haya hecho una muy buena elecci\u00f3n, pero no le queda resto para ganar, vamos a elegir al intendente que va a gobernar Mercedes por los pr\u00f3ximos cuatro a\u00f1os, y para eso, entre otras cosas, se necesita experiencia. Y nosotros la tenemos\u201d.<\/p>\n<p><strong>La crisis<\/strong><\/p>\n<p>El presidente del Concejo Deliberante y candidato a intendente coment\u00f3, en relaci\u00f3n a la actual crisis, que el aspecto organizativo fue excelente y manifest\u00f3: \u201cLejos de toda la tristeza que me dio por la gente he estado trabajando codo a codo con las fuerzas vivas, los militantes, los funcionarios, los vecinos y creo que ante una situaci\u00f3n como esta, ante las crisis se prueban las estructuras municipales en gesti\u00f3n y respuesta. Creo que ninguna fuerza pol\u00edtica tiene esa posibilidad de respuesta a los problemas. Es muy f\u00e1cil hablar y salir sin experiencia a pretender manejar Mercedes, pero, es una ciudad muy complicada. Cada vez la demanda de la gente es mayor. Se viven crisis como la del transporte, en su momento de la recolecci\u00f3n, ahora la inundaci\u00f3n. Somos los \u00fanicos que tenemos la espalda suficiente para aguantar la situaci\u00f3n y salir realmente airosos. Para salir adelante, tratando de dar respuesta al vecino, contenerlo, la solidaridad para estar al lado de ellos y es por ello que me sent\u00ed tan orgulloso que semejante crisis haya podido ser contenida y canalizada por las v\u00edas institucionales\u201d<\/p>\n<p><strong>Ir por m\u00e1s\u2026<\/strong><\/p>\n<p>El candidato expres\u00f3 que tiene la certeza de que se seguir\u00e1 creciendo como fuerza pol\u00edtica, convencido de la victoria: \u201cEn principio se cumpli\u00f3 el objetivo, por el nivel de gesti\u00f3n y de trabajo que se ha venido haciendo y por el hecho de tener experiencia en el manejo del municipio con ideas innovadoras, creo que deber\u00edamos haber tenido un mayor acompa\u00f1amiento. Con respecto a algunas cosas que se hablan te respondo con una frase del Mart\u00edn Fierro, yo que soy medio paisano: \u201cno me aparto de la huella ni aunque vengan degollando\u201d, es decir, tengo muy firmes mis\u00a0 convicciones y el respaldo de mis compa\u00f1eros como para pretender hacer desde esos corrillos que se hacen desde la pol\u00edtica barata, en el hecho de decir que uno le puede dar los votos a uno o a otros\u201d<\/p>\n<p><strong>Bajarse, jam\u00e1s\u2026<\/strong><\/p>\n<p>\u201cDe ninguna forma, porque considero que los \u00fanicos capaces de solucionar las cosas somos los peronistas. Creo que ser\u00eda una falta de respeto a la gente. Nadie manda sobre el voto de la gente. Nos presentamos porque estamos convencidos de que podemos manejar este municipio de la mejor manera. No veo la preparaci\u00f3n de otras fuerzas donde algunos candidatos no conocen los barrios. Ni eso. No saben el mercado laboral, las entidades, las organizaciones\u201d sostuvo remarcando que: \u201csoy respetuoso del voto de la gente, pero, creo que ahora debemos votar en serio, ahora se elige intendente, no el pasaje de pre candidato a candidato. Los intendentes son la primera trinchera ante los problemas sociales, clim\u00e1ticos, sanitarios, laborales. Sabemos administrar, haremos los cambios necesarios, pero hemos probado saber lo que hacemos. En mi caso fui director de planeamiento, de producci\u00f3n, concejal, presidente del concejo, intendente interino, estamos a la altura de las circunstancias de manejar la intendencia, que no vaya a ser que por una bronca le regalemos a gente sin experiencia la posibilidad de manejar este dif\u00edcil barco que es la Municipalidad de Mercedes\u201d, sostuvo contundentemente el candidato a intendente del Frente Renovador Mercedes.<\/p>\n","protected":false},"excerpt":{"rendered":"<p>&nbsp; El candidato a intendente del Frente Renovador, ingeniero Marcelo Den\u00e1pole, sali\u00f3 fuertemente a asegurar que no va a bajar &#8230; <a title=\"Marcelo Denapole: \u201cNo entramos en corrillos baratos, no se baja ninguna candidatura ni se regalan los votos\u201d\" class=\"read-more\" href=\"https:\/\/www.hoymercedes.com.ar\/principal\/2015\/08\/20\/marcelo-denapole-no-entramos-en-corrillos-baratos-no-se-baja-ninguna-candidatura-ni-se-regalan-los-votos\/\" aria-label=\"Leer m\u00e1s sobre Marcelo Denapole: \u201cNo entramos en corrillos baratos, no se baja ninguna candidatura ni se regalan los votos\u201d\">Leer m\u00e1s<\/a><\/p>\n","protected":false},"author":1,"featured_media":44117,"comment_status":"open","ping_status":"open","sticky":false,"template":"","format":"standard","meta":{"_monsterinsights_skip_tracking":false,"_monsterinsights_sitenote_active":false,"_monsterinsights_sitenote_note":"","_monsterinsights_sitenote_category":0,"jetpack_post_was_ever_published":false,"_jetpack_newsletter_access":"","_jetpack_dont_email_post_to_subs":false,"_jetpack_newsletter_tier_id":0,"_jetpack_memberships_contains_paywalled_content":false,"_jetpack_memberships_contains_paid_content":false,"footnotes":"","jetpack_publicize_message":"","jetpack_publicize_feature_enabled":true,"jetpack_social_post_already_shared":true,"jetpack_social_options":{"image_generator_settings":{"template":"highway","default_image_id":0,"font":"","enabled":false},"version":2},"_wpas_customize_per_network":false},"categories":[5],"tags":[3647,7821,436],"class_list":["post-44116","post","type-post","status-publish","format-standard","has-post-thumbnail","hentry","category-politica","tag-frente-renovador-mercedes","tag-malesa-galmarini-de-massa","tag-marcelo-denapole","generate-columns","tablet-grid-50","mobile-grid-100","grid-parent","grid-50"],"jetpack_publicize_connections":[],"jetpack_featured_media_url":"https:\/\/www.hoymercedes.com.ar\/principal\/wp-content\/uploads\/2015\/08\/marcelodenapole-malenamassa.jpg","wps_subtitle":"Frente Renovador - Elecciones 2015","jetpack_sharing_enabled":true,"jetpack-related-posts":[{"id":124403,"url":"https:\/\/www.hoymercedes.com.ar\/principal\/2021\/02\/05\/marcelo-denapole-dejo-la-direccion-de-produccion\/","url_meta":{"origin":44116,"position":0},"title":"Marcelo Den\u00e1pole dej\u00f3 la Direcci\u00f3n de Producci\u00f3n","author":"hoymercedes","date":"5 febrero, 2021","format":false,"excerpt":"Con la jubilaci\u00f3n docente en su poder, Marcelo Den\u00e1pole decidi\u00f3 tambi\u00e9n dejar la funci\u00f3n p\u00fablica en el Municipio de Mercedes. Casi 20 a\u00f1os trabaj\u00f3 en la comuna con cargos en el Ejecutivo y en el Legislativo. No obstante, anticip\u00f3 que no dejar\u00e1 la vida pol\u00edtica ni su tarea como Ingeniero\u2026","rel":"","context":"En \u00abPol\u00edtica\u00bb","block_context":{"text":"Pol\u00edtica","link":"https:\/\/www.hoymercedes.com.ar\/principal\/category\/politica\/"},"img":{"alt_text":"","src":"https:\/\/i0.wp.com\/www.hoymercedes.com.ar\/principal\/wp-content\/uploads\/2015\/07\/MarceloDenapole.jpg?resize=350%2C200&ssl=1","width":350,"height":200,"srcset":"https:\/\/i0.wp.com\/www.hoymercedes.com.ar\/principal\/wp-content\/uploads\/2015\/07\/MarceloDenapole.jpg?resize=350%2C200&ssl=1 1x, https:\/\/i0.wp.com\/www.hoymercedes.com.ar\/principal\/wp-content\/uploads\/2015\/07\/MarceloDenapole.jpg?resize=525%2C300&ssl=1 1.5x"},"classes":[]},{"id":43168,"url":"https:\/\/www.hoymercedes.com.ar\/principal\/2015\/07\/18\/pitu-flores-apoya-a-denapole-para-ganarle-al-kirchnerismo-debemos-estar-unidos-y-aca-lo-demostramos\/","url_meta":{"origin":44116,"position":1},"title":"Pitu Flores apoya a Denapole:  \u201cPara ganarle al kirchnerismo, debemos estar unidos, y ac\u00e1 lo demostramos\u201d","author":"hoymercedes","date":"18 julio, 2015","format":false,"excerpt":"El ex referente Macrista en nuestra ciudad, Eduardo \u201cPitu\u201d Flores, decididamente apoy\u00f3 la pre candidatura de Marcelo Den\u00e1pole del Frente Renovador. \u201cDen\u00e1pole encarna el cambio, pero el Cambio Justo en Mercedes\u201d. Jorge Espa\u00f1a, asegur\u00f3 que \u201cel kirchnerismo puede hacer un desastre en la ciudad\u201d. En tanto, Marcelo Den\u00e1pole, con la\u2026","rel":"","context":"En \u00abPol\u00edtica\u00bb","block_context":{"text":"Pol\u00edtica","link":"https:\/\/www.hoymercedes.com.ar\/principal\/category\/politica\/"},"img":{"alt_text":"","src":"https:\/\/i0.wp.com\/www.hoymercedes.com.ar\/principal\/wp-content\/uploads\/2015\/07\/Denapole-Flores-Espa%C3%B1a-PRO-FrenteRenovador.jpg?resize=350%2C200&ssl=1","width":350,"height":200,"srcset":"https:\/\/i0.wp.com\/www.hoymercedes.com.ar\/principal\/wp-content\/uploads\/2015\/07\/Denapole-Flores-Espa%C3%B1a-PRO-FrenteRenovador.jpg?resize=350%2C200&ssl=1 1x, https:\/\/i0.wp.com\/www.hoymercedes.com.ar\/principal\/wp-content\/uploads\/2015\/07\/Denapole-Flores-Espa%C3%B1a-PRO-FrenteRenovador.jpg?resize=525%2C300&ssl=1 1.5x"},"classes":[]},{"id":42886,"url":"https:\/\/www.hoymercedes.com.ar\/principal\/2015\/07\/05\/denapole-desde-el-frente-renovador-acelera-la-campana-a-la-intendente\/","url_meta":{"origin":44116,"position":2},"title":"Denapole, desde el Frente Renovador, acelera la campa\u00f1a a la intendente","author":"hoymercedes","date":"5 julio, 2015","format":false,"excerpt":"Se lanz\u00f3 la campa\u00f1a en las calles del Frente Renovador. Marcelo Den\u00e1pole y su lista de concejales y consejeros escolares, fueron parte de las mesas de divulgaci\u00f3n pol\u00edtica y mantuvieron contactos con los mercedinos haci\u00e9ndole llegar las propuestas. Tanto el precandidato a intendente, como Carlos Milhomme, explicaron por qu\u00e9 son\u2026","rel":"","context":"En \u00abPol\u00edtica\u00bb","block_context":{"text":"Pol\u00edtica","link":"https:\/\/www.hoymercedes.com.ar\/principal\/category\/politica\/"},"img":{"alt_text":"","src":"https:\/\/i0.wp.com\/www.hoymercedes.com.ar\/principal\/wp-content\/uploads\/2015\/07\/Denapole-Campa%C3%B1a.jpg?resize=350%2C200&ssl=1","width":350,"height":200,"srcset":"https:\/\/i0.wp.com\/www.hoymercedes.com.ar\/principal\/wp-content\/uploads\/2015\/07\/Denapole-Campa%C3%B1a.jpg?resize=350%2C200&ssl=1 1x, https:\/\/i0.wp.com\/www.hoymercedes.com.ar\/principal\/wp-content\/uploads\/2015\/07\/Denapole-Campa%C3%B1a.jpg?resize=525%2C300&ssl=1 1.5x"},"classes":[]},{"id":43566,"url":"https:\/\/www.hoymercedes.com.ar\/principal\/2015\/08\/02\/denapole-y-el-frente-renovador-cerraran-su-campana-el-proximo-jueves\/","url_meta":{"origin":44116,"position":3},"title":"Denapole y el Frente Renovador cerrar\u00e1n su campa\u00f1a el pr\u00f3ximo jueves","author":"hoymercedes","date":"2 agosto, 2015","format":false,"excerpt":"Este jueves, el Frente Renovador va a cerrar su campa\u00f1a electoral de cara a las PASO, a las 20 horas en el club Estudiantes, y aseguran, ser\u00e1 multitudinario. Con seguridad habr\u00e1 invitados especiales, discursos, y todo lo necesario para pasar un buen momento \u201ctodos juntos\u201d. El precandidato en primer t\u00e9rmino\u2026","rel":"","context":"En \u00abCiudad\u00bb","block_context":{"text":"Ciudad","link":"https:\/\/www.hoymercedes.com.ar\/principal\/category\/ciudad\/"},"img":{"alt_text":"","src":"https:\/\/i0.wp.com\/www.hoymercedes.com.ar\/principal\/wp-content\/uploads\/2015\/08\/selva-denapole.jpg?resize=350%2C200&ssl=1","width":350,"height":200,"srcset":"https:\/\/i0.wp.com\/www.hoymercedes.com.ar\/principal\/wp-content\/uploads\/2015\/08\/selva-denapole.jpg?resize=350%2C200&ssl=1 1x, https:\/\/i0.wp.com\/www.hoymercedes.com.ar\/principal\/wp-content\/uploads\/2015\/08\/selva-denapole.jpg?resize=525%2C300&ssl=1 1.5x"},"classes":[]},{"id":44373,"url":"https:\/\/www.hoymercedes.com.ar\/principal\/2015\/09\/03\/pitu-flores-fuertes-criticas-y-campana-con-frente-renovador\/","url_meta":{"origin":44116,"position":4},"title":"Pitu Flores: fuertes cr\u00edticas y campa\u00f1a con Frente Renovador","author":"hoymercedes","date":"3 septiembre, 2015","format":false,"excerpt":"Eduardo \u201cPitu\u201d Flores, que supo moverse con fuerza en el espacio del PRO en Mercedes y en la Provincia desde hace un tiempo manifest\u00f3 su distanciamiento del partido que conduce Mauricio Macri para acompa\u00f1ar la candidatura de Marcelo Denapole. Ahora, a la decisi\u00f3n, le suma el cierre de los espacios\u2026","rel":"","context":"En \u00abPol\u00edtica\u00bb","block_context":{"text":"Pol\u00edtica","link":"https:\/\/www.hoymercedes.com.ar\/principal\/category\/politica\/"},"img":{"alt_text":"","src":"https:\/\/i0.wp.com\/www.hoymercedes.com.ar\/principal\/wp-content\/uploads\/2015\/09\/pituflores.jpg?resize=350%2C200&ssl=1","width":350,"height":200,"srcset":"https:\/\/i0.wp.com\/www.hoymercedes.com.ar\/principal\/wp-content\/uploads\/2015\/09\/pituflores.jpg?resize=350%2C200&ssl=1 1x, https:\/\/i0.wp.com\/www.hoymercedes.com.ar\/principal\/wp-content\/uploads\/2015\/09\/pituflores.jpg?resize=525%2C300&ssl=1 1.5x"},"classes":[]},{"id":44813,"url":"https:\/\/www.hoymercedes.com.ar\/principal\/2015\/09\/24\/milhomme-estan-muy-preocupados-por-el-crecimiento-del-frente-renovador-con-marcelo-denapole\/","url_meta":{"origin":44116,"position":5},"title":"Milhomme: \u00abEst\u00e1n muy preocupados por el crecimiento del Frente Renovador con Marcelo Den\u00e1pole\u00bb","author":"hoymercedes","date":"24 septiembre, 2015","format":false,"excerpt":"Por: Carlos A. Milhomme \u00a0 Es evidente que la preocupaci\u00f3n de las dem\u00e1s fuerzas pol\u00edticas por el crecimiento en intenci\u00f3n de voto del Frente Renovador va creciendo d\u00eda a d\u00eda. Las publicaciones que intentan generar una corriente de opini\u00f3n marcando una polarizaci\u00f3n entre el \u201cFrente para la Victoria\u201d y \u201cCambiemos\u201d,\u2026","rel":"","context":"En \u00abOpini\u00f3n\u00bb","block_context":{"text":"Opini\u00f3n","link":"https:\/\/www.hoymercedes.com.ar\/principal\/category\/opinion\/"},"img":{"alt_text":"","src":"https:\/\/i0.wp.com\/www.hoymercedes.com.ar\/principal\/wp-content\/uploads\/2015\/08\/carlos-milhomme.jpg?resize=350%2C200&ssl=1","width":350,"height":200,"srcset":"https:\/\/i0.wp.com\/www.hoymercedes.com.ar\/principal\/wp-content\/uploads\/2015\/08\/carlos-milhomme.jpg?resize=350%2C200&ssl=1 1x, https:\/\/i0.wp.com\/www.hoymercedes.com.ar\/principal\/wp-content\/uploads\/2015\/08\/carlos-milhomme.jpg?resize=525%2C300&ssl=1 1.5x"},"classes":[]}],"_links":{"self":[{"href":"https:\/\/www.hoymercedes.com.ar\/principal\/wp-json\/wp\/v2\/posts\/44116","targetHints":{"allow":["GET"]}}],"collection":[{"href":"https:\/\/www.hoymercedes.com.ar\/principal\/wp-json\/wp\/v2\/posts"}],"about":[{"href":"https:\/\/www.hoymercedes.com.ar\/principal\/wp-json\/wp\/v2\/types\/post"}],"author":[{"embeddable":true,"href":"https:\/\/www.hoymercedes.com.ar\/principal\/wp-json\/wp\/v2\/users\/1"}],"replies":[{"embeddable":true,"href":"https:\/\/www.hoymercedes.com.ar\/principal\/wp-json\/wp\/v2\/comments?post=44116"}],"version-history":[{"count":0,"href":"https:\/\/www.hoymercedes.com.ar\/principal\/wp-json\/wp\/v2\/posts\/44116\/revisions"}],"wp:featuredmedia":[{"embeddable":true,"href":"https:\/\/www.hoymercedes.com.ar\/principal\/wp-json\/wp\/v2\/media\/44117"}],"wp:attachment":[{"href":"https:\/\/www.hoymercedes.com.ar\/principal\/wp-json\/wp\/v2\/media?parent=44116"}],"wp:term":[{"taxonomy":"category","embeddable":true,"href":"https:\/\/www.hoymercedes.com.ar\/principal\/wp-json\/wp\/v2\/categories?post=44116"},{"taxonomy":"post_tag","embeddable":true,"href":"https:\/\/www.hoymercedes.com.ar\/principal\/wp-json\/wp\/v2\/tags?post=44116"}],"curies":[{"name":"wp","href":"https:\/\/api.w.org\/{rel}","templated":true}]}}