{"id":4413,"date":"2011-05-22T01:12:09","date_gmt":"2011-05-22T01:12:09","guid":{"rendered":"http:\/\/www.hoymercedes.com.ar\/principal\/?p=4413"},"modified":"2011-05-22T01:15:17","modified_gmt":"2011-05-22T01:15:17","slug":"crece-la-convocatoria-para-la-4%c2%ba-edicion-del-futbol-solidario","status":"publish","type":"post","link":"https:\/\/www.hoymercedes.com.ar\/principal\/2011\/05\/22\/crece-la-convocatoria-para-la-4%c2%ba-edicion-del-futbol-solidario\/","title":{"rendered":"Crece la convocatoria para la 4\u00ba edici\u00f3n del F\u00fatbol Solidario"},"content":{"rendered":"<figure id=\"attachment_4416\" aria-describedby=\"caption-attachment-4416\" style=\"width: 290px\" class=\"wp-caption alignleft\"><a href=\"https:\/\/www.hoymercedes.com.ar\/principal\/wp-content\/uploads\/2011\/05\/futbolsolidarioII1.jpg\"><img loading=\"lazy\" decoding=\"async\" data-attachment-id=\"4416\" data-permalink=\"https:\/\/www.hoymercedes.com.ar\/principal\/2011\/05\/22\/crece-la-convocatoria-para-la-4%c2%ba-edicion-del-futbol-solidario\/futbolsolidarioii-2\/#main\" data-orig-file=\"https:\/\/www.hoymercedes.com.ar\/principal\/wp-content\/uploads\/2011\/05\/futbolsolidarioII1.jpg\" data-orig-size=\"300,150\" data-comments-opened=\"1\" data-image-meta=\"{&quot;aperture&quot;:&quot;3.5&quot;,&quot;credit&quot;:&quot;&quot;,&quot;camera&quot;:&quot;KODAK EASYSHARE Z915 DIGITAL CAMERA&quot;,&quot;caption&quot;:&quot;&quot;,&quot;created_timestamp&quot;:&quot;1235470890&quot;,&quot;copyright&quot;:&quot;&quot;,&quot;focal_length&quot;:&quot;6.2&quot;,&quot;iso&quot;:&quot;100&quot;,&quot;shutter_speed&quot;:&quot;0.025&quot;,&quot;title&quot;:&quot;&quot;}\" data-image-title=\"futbolsolidarioII\" data-image-description=\"&lt;p&gt;Los organizadores muestra los guantes de Mike Tayso y la camiseta de Independiente&lt;\/p&gt;\n\" data-image-caption=\"\" data-large-file=\"https:\/\/www.hoymercedes.com.ar\/principal\/wp-content\/uploads\/2011\/05\/futbolsolidarioII1.jpg\" class=\"size-full wp-image-4416\" title=\"futbolsolidarioII\" src=\"https:\/\/www.hoymercedes.com.ar\/principal\/wp-content\/uploads\/2011\/05\/futbolsolidarioII1.jpg\" alt=\"\" width=\"300\" height=\"150\" \/><\/a><figcaption id=\"caption-attachment-4416\" class=\"wp-caption-text\">Los organizadores muestra los guantes de Mike Tayson y la camiseta de Independiente. <\/figcaption><\/figure>\n<p>Ser\u00e1 en el Estadio de la Liga Mercedina. Est\u00e1n en venta las entradas anticipadas. Estar\u00edan presentes: Ayala, Yacob, Mouche y Palacio. Adem\u00e1s Lito Cruz, Nico V\u00e1zquez, Gonzalito (CQC) y Dar\u00edo Lopilato. Biglia, Silvestre y Lertora confirmados.<\/p>\n<p>Una vez m\u00e1s la ciudad de Mercedes se vestir\u00e1 de fiesta y solidaridad, en esta oportunidad ser\u00e1  para la 4\u00ba edici\u00f3n del denominado F\u00fatbol Solidario, el cual tendr\u00e1 lugar el pr\u00f3ximo domingo 26 de junio desde las 12.30 horas en el Estadio de la Liga Mercedina de Futbol. Habr\u00e1 un preliminar de escuelas de futbol de la ciudad y una participaci\u00f3n de los teatristas independientes de la mano de Lito Cruz y Fabi\u00e1n Morales.<\/p>\n<p>Para tal ocasi\u00f3n los organizadores tomaron la decisi\u00f3n de colaborar con tres instituciones de la ciudad. Se destaca el Cuartel de Bomberos Voluntario de Mercedes y el CEPT N\u00ba 4, este \u00faltimo destinado al alumno Franco Cernada \u201cuna gran persona y un gran deportista que sufri\u00f3 un accidente trabajando en el campo, donde le amputaron una pierna\u201d dijo comprometido con la causa el docente del joven Mariano P\u00e9rez; tambi\u00e9n dir\u00e1 presente la Fundaci\u00f3n Lucas (Lujan Camino Solidario) de Lucas Castroman y colaborando con el evento la Fundaci\u00f3n Ideas del Sur.<\/p>\n<p><strong>Organizaci\u00f3n<\/strong><\/p>\n<p>Desde hace un tiempo un grupo de mercedinos comprometido, con responsabilidades dentro y fuera del Partido, se est\u00e1 reuniendo con el objetivo colaborar con quienes m\u00e1s lo necesitan. Este equipo est\u00e1 integrado por Mariano Elizondo (gerente general de Ideas del Sur, productora de Marcelo Tinelli); Mart\u00edn Elizondo (Funcionario de la Provincia de Salta); Lucas Castroman (jugador profesional); Fernando Moner (ex jugador profesional) y Pablo Vera De Bonis (Jefe de Protocolo, Ceremonial y Relaciones Instituciones de la Municipalidad de Mercedes). En todo momento recibieron el apoyo incondicional del Intendente Municipal, Carlos Selva a trav\u00e9s de las \u00e1reas de gobierno de Deportes, Turismo y Prensa.<\/p>\n<p><strong>Subasta<\/strong><\/p>\n<p>Adem\u00e1s, debido al gran esfuerzo de los organizadores, habr\u00e1 una subasta especial destinada al Hospital Blas L. Dubarry; ser\u00e1 el mi\u00e9rcoles 22 de junio a las 20 horas en el Sal\u00f3n de Fiestas Indira. Para dicho momento contar\u00e1n con guantes firmados especialmente para la ocasi\u00f3n por el boxeador Mike Tayson, una camiseta del tenista Rafael Nadal, una de Diego Maradona, tambi\u00e9n de Lionel Messi y de los equipos de primera divisi\u00f3n firmados por todos sus jugadores (Boca, Racing, Independiente, San Lorenzo, V\u00e9lez, Estudiantes y otros).<\/p>\n<p><strong>Convocados<\/strong><\/p>\n<p>La convocatoria para jugar el partido principal est\u00e1 dando sus frutos. Esta el momento desde el \u00e1mbito futbol\u00edstico estar\u00eda: \u201cEl chino\u201d Tapia, \u201cEl rat\u00f3n\u201d Ayala, Claudio Yacob, Pablo Mouche, Pablo Migliore, \u201cPochi\u201d Ch\u00e1vez y Rodrigo Palacio entre otros; adem\u00e1s de los mercedinos Lucas y Cristian Biglia, Mat\u00edas Silvestre, Emanuel Culio, Federico Lertora, Rodrigo Gauna y Fernando Moner.<\/p>\n<p>Desde el punto art\u00edstico, acompa\u00f1ar\u00edan: Lito Cruz, Nico V\u00e1zquez, Dario Lopilato, Gonzalito y \u201cEl Pelado\u201d de CQC y gran cantidad de integrantes del equipo de Showmatch conducido por Marcelo Tinelli. En el plano pol\u00edtico estar\u00e1n los Secretario de Deportes y Turismo de la Provincia de Buenos Aires, Alejandro Rodr\u00edguez e Ignacio Crotto respectivamente; tambi\u00e9n fue invitado y posiblemente participe el Gobernador de la Provincia de Buenos Aires, Daniel Scioli.<\/p>\n<p><strong>Entradas<\/strong><\/p>\n<p>Las entradas anticipadas tienen con valor simb\u00f3lico de $ 10 y ya est\u00e1n a la venta. Los puntos elegidos hasta el momento: Cuartel de Bomberos, CEPT N\u00ba 4, Hospital Blas L. Dubarry, Municipalidad de Mercedes (Direcci\u00f3n de Turismo), Consejo Escolar, C\u00e1mara Econ\u00f3mica Mercedina, Bar El Cabildo, La Catedral de Siempre, Chelen y Tiempo de Papel; en pocos d\u00edas acordar\u00e1n con el Colegio de Farmac\u00e9utico del Partido para la venta en todas las Farmacias. Durante el d\u00eda del evento las entradas tendr\u00e1n un valor mayor.<\/p>\n<p><span style=\"color: #888888;\">Fuente: organizaci\u00f3n<\/span><\/p>\n<p>&nbsp;<\/p>\n","protected":false},"excerpt":{"rendered":"<p>Ser\u00e1 en el Estadio de la Liga Mercedina. Est\u00e1n en venta las entradas anticipadas. Estar\u00edan presentes: Ayala, Yacob, Mouche y &#8230; <a title=\"Crece la convocatoria para la 4\u00ba edici\u00f3n del F\u00fatbol Solidario\" class=\"read-more\" href=\"https:\/\/www.hoymercedes.com.ar\/principal\/2011\/05\/22\/crece-la-convocatoria-para-la-4%c2%ba-edicion-del-futbol-solidario\/\" aria-label=\"Leer m\u00e1s sobre Crece la convocatoria para la 4\u00ba edici\u00f3n del F\u00fatbol Solidario\">Leer m\u00e1s<\/a><\/p>\n","protected":false},"author":1,"featured_media":0,"comment_status":"open","ping_status":"open","sticky":false,"template":"","format":"standard","meta":{"_monsterinsights_skip_tracking":false,"_monsterinsights_sitenote_active":false,"_monsterinsights_sitenote_note":"","_monsterinsights_sitenote_category":0,"jetpack_post_was_ever_published":false,"_jetpack_newsletter_access":"","_jetpack_dont_email_post_to_subs":false,"_jetpack_newsletter_tier_id":0,"_jetpack_memberships_contains_paywalled_content":false,"_jetpack_memberships_contains_paid_content":false,"footnotes":"","jetpack_publicize_message":"","jetpack_publicize_feature_enabled":true,"jetpack_social_post_already_shared":false,"jetpack_social_options":{"image_generator_settings":{"template":"highway","default_image_id":0,"font":"","enabled":false},"version":2},"_wpas_customize_per_network":false},"categories":[8],"tags":[800],"class_list":["post-4413","post","type-post","status-publish","format-standard","hentry","category-sociedad","tag-futbol-solidario","generate-columns","tablet-grid-50","mobile-grid-100","grid-parent","grid-50"],"jetpack_publicize_connections":[],"jetpack_featured_media_url":"","wps_subtitle":"","jetpack_sharing_enabled":true,"_links":{"self":[{"href":"https:\/\/www.hoymercedes.com.ar\/principal\/wp-json\/wp\/v2\/posts\/4413","targetHints":{"allow":["GET"]}}],"collection":[{"href":"https:\/\/www.hoymercedes.com.ar\/principal\/wp-json\/wp\/v2\/posts"}],"about":[{"href":"https:\/\/www.hoymercedes.com.ar\/principal\/wp-json\/wp\/v2\/types\/post"}],"author":[{"embeddable":true,"href":"https:\/\/www.hoymercedes.com.ar\/principal\/wp-json\/wp\/v2\/users\/1"}],"replies":[{"embeddable":true,"href":"https:\/\/www.hoymercedes.com.ar\/principal\/wp-json\/wp\/v2\/comments?post=4413"}],"version-history":[{"count":0,"href":"https:\/\/www.hoymercedes.com.ar\/principal\/wp-json\/wp\/v2\/posts\/4413\/revisions"}],"wp:attachment":[{"href":"https:\/\/www.hoymercedes.com.ar\/principal\/wp-json\/wp\/v2\/media?parent=4413"}],"wp:term":[{"taxonomy":"category","embeddable":true,"href":"https:\/\/www.hoymercedes.com.ar\/principal\/wp-json\/wp\/v2\/categories?post=4413"},{"taxonomy":"post_tag","embeddable":true,"href":"https:\/\/www.hoymercedes.com.ar\/principal\/wp-json\/wp\/v2\/tags?post=4413"}],"curies":[{"name":"wp","href":"https:\/\/api.w.org\/{rel}","templated":true}]}}