{"id":44184,"date":"2015-08-23T19:30:22","date_gmt":"2015-08-23T22:30:22","guid":{"rendered":"http:\/\/www.hoymercedes.com.ar\/principal\/?p=44184"},"modified":"2015-08-25T21:34:10","modified_gmt":"2015-08-26T00:34:10","slug":"denapole-y-un-rol-activo-en-el-operativo-pos-inundaciones","status":"publish","type":"post","link":"https:\/\/www.hoymercedes.com.ar\/principal\/2015\/08\/23\/denapole-y-un-rol-activo-en-el-operativo-pos-inundaciones\/","title":{"rendered":"Den\u00e1pole y un rol activo en el operativo pos inundaciones"},"content":{"rendered":"<p><a href=\"https:\/\/www.hoymercedes.com.ar\/principal\/wp-content\/uploads\/2015\/08\/denapole.gowland.jpg\"><img loading=\"lazy\" decoding=\"async\" data-attachment-id=\"44185\" data-permalink=\"https:\/\/www.hoymercedes.com.ar\/principal\/2015\/08\/23\/denapole-y-un-rol-activo-en-el-operativo-pos-inundaciones\/denapole-gowland\/#main\" data-orig-file=\"https:\/\/www.hoymercedes.com.ar\/principal\/wp-content\/uploads\/2015\/08\/denapole.gowland.jpg\" data-orig-size=\"620,465\" data-comments-opened=\"1\" data-image-meta=\"{&quot;aperture&quot;:&quot;3.5&quot;,&quot;credit&quot;:&quot;&quot;,&quot;camera&quot;:&quot;COOLPIX S2700&quot;,&quot;caption&quot;:&quot;&quot;,&quot;created_timestamp&quot;:&quot;1440171414&quot;,&quot;copyright&quot;:&quot;&quot;,&quot;focal_length&quot;:&quot;4.6&quot;,&quot;iso&quot;:&quot;80&quot;,&quot;shutter_speed&quot;:&quot;0.005&quot;,&quot;title&quot;:&quot;&quot;,&quot;orientation&quot;:&quot;0&quot;}\" data-image-title=\"denapole.gowland\" data-image-description=\"\" data-image-caption=\"\" data-large-file=\"https:\/\/www.hoymercedes.com.ar\/principal\/wp-content\/uploads\/2015\/08\/denapole.gowland.jpg\" class=\"Img2014 aligncenter wp-image-44185 size-full\" title=\"Marcelo Den\u00e1pole\" src=\"https:\/\/www.hoymercedes.com.ar\/principal\/wp-content\/uploads\/2015\/08\/denapole.gowland.jpg\" alt=\"denapole.gowland\" width=\"620\" height=\"465\" srcset=\"https:\/\/www.hoymercedes.com.ar\/principal\/wp-content\/uploads\/2015\/08\/denapole.gowland.jpg 620w, https:\/\/www.hoymercedes.com.ar\/principal\/wp-content\/uploads\/2015\/08\/denapole.gowland-150x113.jpg 150w, https:\/\/www.hoymercedes.com.ar\/principal\/wp-content\/uploads\/2015\/08\/denapole.gowland-290x218.jpg 290w, https:\/\/www.hoymercedes.com.ar\/principal\/wp-content\/uploads\/2015\/08\/denapole.gowland-50x38.jpg 50w\" sizes=\"auto, (max-width: 620px) 100vw, 620px\" \/><\/a><\/p>\n<p><em><strong>El presidente del Concejo recorri\u00f3 los barrios afectados. \u00abLa gente nos eligi\u00f3 para estar al lado y eso hacemos\u00bb, dijo. Adem\u00e1s destac\u00f3 que el di\u00e1logo y la experiencia en gesti\u00f3n son fundamentales en el futuro.<\/strong><\/em><\/p>\n<p>El presidente del Concejo Deliberante Marcelo Den\u00e1pole estuvo participando activamente del operativo pos inundaciones en los barrios de Mercedes y ayudando a las familias m\u00e1s perjudicadas por el temporal.<\/p>\n<p>Para Marcelo Den\u00e1pole las obligaciones del d\u00eda a d\u00eda como uno de los l\u00edderes del oficialismo lo tienen muy atareado. No anda en chicanas, chimentos, elucubraciones u operaciones pol\u00edticas. \u00abTenemos un lazo con la gente que nos dio la responsabilidad de gobernar esta ciudad. Nosotros el domingo de las elecciones no and\u00e1bamos viendo a qui\u00e9n llev\u00e1bamos a votar sino que ya est\u00e1bamos asistiendo a vecinos inundados. Esa es la gran diferencia que tenemos con los dem\u00e1s\u00bb, asegur\u00f3 el concejal y l\u00edder de la bancada oficialista.<\/p>\n<p>La \u00faltima semana la situaci\u00f3n estuvo abocada al apoyo de aquellas familias que con la crecida del r\u00edo hab\u00edan sido v\u00edctimas de la peor inundaci\u00f3n de los \u00faltimos 30 a\u00f1os. \u00abEstamos haciendo un gran trabajo de contenci\u00f3n y ayuda para las familias afectadas por las inundaciones. El regreso a casa siempre es complicado en estas circunstancias, y ah\u00ed es donde tenemos que estar nosotros como Estado y es donde estamos. Con el apoyo de los aspirantes a la Polic\u00eda Local llegamos con alimentos, agua, cloro y pa\u00f1ales a familias de Marchetti, San Justo, Pe\u00f1aloza y Malvinas Argentinas\u00bb, sostuvo el presidente del Concejo.<\/p>\n<p>El aporte del Estado municipal estuvo acompa\u00f1ado del apoyo de instituciones privadas y hasta municipios amigos, como es el caso de Sam Miguel, que pasado viernes envi\u00f3 una sala m\u00f3vil de salud que estuvo al servicio de los vecinos en Agote y Gowland. \u00abFue una gran iniciativa que surge del gran v\u00ednculo que tienen nuestro intendente Selva y Joaqu\u00edn De la Torre el de San Miguel. Estuvieron asistiendo a vecinos en las dos localidades, porque no nos olvidamos de los dem\u00e1s mercedinos que necesitan de nuestra gesti\u00f3n\u00bb, afirm\u00f3 Den\u00e1pole en su visita a la sociedad de fomento de Gowland, donde charl\u00f3 con el flamante presidente \u00abChino\u00bb Medina.<\/p>\n<p>Selva eligi\u00f3 a Den\u00e1pole porque entiende que el presidente del Concejo Deliberante re\u00fane ciertas condiciones esenciales para ejercer el cargo de intendente: su experiencia en la gesti\u00f3n y la capacidad de di\u00e1logo que ha demostrado en el recinto. \u00abMe ha tocado conducir un Concejo con muchas diferencias pol\u00edticas entre los bloques y siempre he actuado de manera ecu\u00e1nime. El di\u00e1logo es la principal herramienta de transformaci\u00f3n en los tiempos que se vienen, como pas\u00f3 en el Concejo en estos d\u00edas donde aprobamos entre todos el nuevo tarifario para la emergencia del transporte. Por eso es que decimos que gobernar la ciudad no es para improvisados sino para gente que est\u00e1 en contacto cotidiano con los problemas de la gente y que sabe c\u00f3mo se puede hacer. Ese camino es el que vamos a recorrer\u00bb, sentenci\u00f3 Marcelo Den\u00e1pole, presidente del Concejo Deliberante.<\/p>\n","protected":false},"excerpt":{"rendered":"<p>El presidente del Concejo recorri\u00f3 los barrios afectados. \u00abLa gente nos eligi\u00f3 para estar al lado y eso hacemos\u00bb, dijo. &#8230; <a title=\"Den\u00e1pole y un rol activo en el operativo pos inundaciones\" class=\"read-more\" href=\"https:\/\/www.hoymercedes.com.ar\/principal\/2015\/08\/23\/denapole-y-un-rol-activo-en-el-operativo-pos-inundaciones\/\" aria-label=\"Leer m\u00e1s sobre Den\u00e1pole y un rol activo en el operativo pos inundaciones\">Leer m\u00e1s<\/a><\/p>\n","protected":false},"author":1,"featured_media":44185,"comment_status":"open","ping_status":"open","sticky":false,"template":"","format":"standard","meta":{"_monsterinsights_skip_tracking":false,"_monsterinsights_sitenote_active":false,"_monsterinsights_sitenote_note":"","_monsterinsights_sitenote_category":0,"jetpack_post_was_ever_published":false,"_jetpack_newsletter_access":"","_jetpack_dont_email_post_to_subs":false,"_jetpack_newsletter_tier_id":0,"_jetpack_memberships_contains_paywalled_content":false,"_jetpack_memberships_contains_paid_content":false,"footnotes":"","jetpack_publicize_message":"","jetpack_publicize_feature_enabled":true,"jetpack_social_post_already_shared":true,"jetpack_social_options":{"image_generator_settings":{"template":"highway","default_image_id":0,"font":"","enabled":false},"version":2},"_wpas_customize_per_network":false},"categories":[5],"tags":[7834,436],"class_list":["post-44184","post","type-post","status-publish","format-standard","has-post-thumbnail","hentry","category-politica","tag-denapole-y-un-rol-activo-en-el-operativo-pos-inundaciones","tag-marcelo-denapole","generate-columns","tablet-grid-50","mobile-grid-100","grid-parent","grid-50"],"jetpack_publicize_connections":[],"jetpack_featured_media_url":"https:\/\/www.hoymercedes.com.ar\/principal\/wp-content\/uploads\/2015\/08\/denapole.gowland.jpg","wps_subtitle":"La crisis pos descenso del agua","jetpack_sharing_enabled":true,"jetpack-related-posts":[{"id":124403,"url":"https:\/\/www.hoymercedes.com.ar\/principal\/2021\/02\/05\/marcelo-denapole-dejo-la-direccion-de-produccion\/","url_meta":{"origin":44184,"position":0},"title":"Marcelo Den\u00e1pole dej\u00f3 la Direcci\u00f3n de Producci\u00f3n","author":"hoymercedes","date":"5 febrero, 2021","format":false,"excerpt":"Con la jubilaci\u00f3n docente en su poder, Marcelo Den\u00e1pole decidi\u00f3 tambi\u00e9n dejar la funci\u00f3n p\u00fablica en el Municipio de Mercedes. Casi 20 a\u00f1os trabaj\u00f3 en la comuna con cargos en el Ejecutivo y en el Legislativo. No obstante, anticip\u00f3 que no dejar\u00e1 la vida pol\u00edtica ni su tarea como Ingeniero\u2026","rel":"","context":"En \u00abPol\u00edtica\u00bb","block_context":{"text":"Pol\u00edtica","link":"https:\/\/www.hoymercedes.com.ar\/principal\/category\/politica\/"},"img":{"alt_text":"","src":"https:\/\/i0.wp.com\/www.hoymercedes.com.ar\/principal\/wp-content\/uploads\/2015\/07\/MarceloDenapole.jpg?resize=350%2C200&ssl=1","width":350,"height":200,"srcset":"https:\/\/i0.wp.com\/www.hoymercedes.com.ar\/principal\/wp-content\/uploads\/2015\/07\/MarceloDenapole.jpg?resize=350%2C200&ssl=1 1x, https:\/\/i0.wp.com\/www.hoymercedes.com.ar\/principal\/wp-content\/uploads\/2015\/07\/MarceloDenapole.jpg?resize=525%2C300&ssl=1 1.5x"},"classes":[]},{"id":44275,"url":"https:\/\/www.hoymercedes.com.ar\/principal\/2015\/08\/29\/reconocimientos-para-aspirantes-que-trabajaron-en-las-inundaciones\/","url_meta":{"origin":44184,"position":1},"title":"Reconocimientos para aspirantes que trabajaron en las inundaciones","author":"hoymercedes","date":"29 agosto, 2015","format":false,"excerpt":"El viernes por la tarde el intendente Carlos Selva entreg\u00f3 un reconocimiento a m\u00e1s de 150 aspirantes a la Polic\u00eda Local que trabajaron en el operativo de las inundaciones que asolaron la ciudad en las \u00faltimas semanas. En el \u00faltimo proceso de inundaci\u00f3n de la ciudad por el desborde del\u2026","rel":"","context":"En \u00abMunicipio\u00bb","block_context":{"text":"Municipio","link":"https:\/\/www.hoymercedes.com.ar\/principal\/category\/municipio\/"},"img":{"alt_text":"","src":"https:\/\/i0.wp.com\/www.hoymercedes.com.ar\/principal\/wp-content\/uploads\/2015\/08\/reconocimiento.policialocal.jpg?resize=350%2C200&ssl=1","width":350,"height":200,"srcset":"https:\/\/i0.wp.com\/www.hoymercedes.com.ar\/principal\/wp-content\/uploads\/2015\/08\/reconocimiento.policialocal.jpg?resize=350%2C200&ssl=1 1x, https:\/\/i0.wp.com\/www.hoymercedes.com.ar\/principal\/wp-content\/uploads\/2015\/08\/reconocimiento.policialocal.jpg?resize=525%2C300&ssl=1 1.5x"},"classes":[]},{"id":37047,"url":"https:\/\/www.hoymercedes.com.ar\/principal\/2014\/10\/21\/denapole-hoy-la-gente-le-tiene-miedo-a-la-inflacion-que-crece-y-se-come-el-salario\/","url_meta":{"origin":44184,"position":2},"title":"Den\u00e1pole: \u201cHoy la gente le tiene miedo a la inflaci\u00f3n que crece y se come el salario\u201d","author":"hoymercedes","date":"21 octubre, 2014","format":false,"excerpt":"El presidente del Concejo Deliberante de Mercedes Marcelo Den\u00e1pole particip\u00f3 la semana pasada del acto por el D\u00eda de la Lealtad junto al diputado nacional Sergio Massa y destac\u00f3 la figura del l\u00edder del Frente Renovador: \u201cEs quien debe conducir el pa\u00eds en los pr\u00f3ximos a\u00f1os\u201d. Marcelo Den\u00e1pole tuvo la\u2026","rel":"","context":"En \u00abSociedad\u00bb","block_context":{"text":"Sociedad","link":"https:\/\/www.hoymercedes.com.ar\/principal\/category\/sociedad\/"},"img":{"alt_text":"denapole-massa","src":"https:\/\/i0.wp.com\/www.hoymercedes.com.ar\/principal\/wp-content\/uploads\/2014\/10\/denapole-massa.jpg?resize=350%2C200","width":350,"height":200,"srcset":"https:\/\/i0.wp.com\/www.hoymercedes.com.ar\/principal\/wp-content\/uploads\/2014\/10\/denapole-massa.jpg?resize=350%2C200 1x, https:\/\/i0.wp.com\/www.hoymercedes.com.ar\/principal\/wp-content\/uploads\/2014\/10\/denapole-massa.jpg?resize=525%2C300 1.5x"},"classes":[]},{"id":34303,"url":"https:\/\/www.hoymercedes.com.ar\/principal\/2014\/06\/27\/denapole-entrego-reconocimiento-al-dr-carlos-bueno\/","url_meta":{"origin":44184,"position":3},"title":"Denapole entreg\u00f3 reconocimiento al Dr. Carlos Bueno","author":"hoymercedes","date":"27 junio, 2014","format":false,"excerpt":"El presidente del Concejo Deliberante de nuestra ciudad fue parte del acto vivido durante \u00e9ste viernes en el hospital Blas L. Dubarry donde se reinaugur\u00f3 el tercer piso del nosocomio al cual se le coloc\u00f3 el nombre, y homenaje\u00f3, Dr. Carlos Bueno. Marcelo Denapole lo hizo en representaci\u00f3n del intendente\u2026","rel":"","context":"En \u00abPol\u00edtica\u00bb","block_context":{"text":"Pol\u00edtica","link":"https:\/\/www.hoymercedes.com.ar\/principal\/category\/politica\/"},"img":{"alt_text":"Denapole-Bueno-Colli","src":"https:\/\/i0.wp.com\/www.hoymercedes.com.ar\/principal\/wp-content\/uploads\/2014\/06\/Denapole-Bueno-Colli.jpg?resize=350%2C200","width":350,"height":200,"srcset":"https:\/\/i0.wp.com\/www.hoymercedes.com.ar\/principal\/wp-content\/uploads\/2014\/06\/Denapole-Bueno-Colli.jpg?resize=350%2C200 1x, https:\/\/i0.wp.com\/www.hoymercedes.com.ar\/principal\/wp-content\/uploads\/2014\/06\/Denapole-Bueno-Colli.jpg?resize=525%2C300 1.5x"},"classes":[]},{"id":103258,"url":"https:\/\/www.hoymercedes.com.ar\/principal\/2019\/12\/02\/acto-de-egreso-de-las-secundaria-de-la-unidad-n-5\/","url_meta":{"origin":44184,"position":4},"title":"Acto de egreso de las secundaria de la Unidad N\u00b0 5","author":"hoymercedes","date":"2 diciembre, 2019","format":false,"excerpt":"Este viernes 29 se realiz\u00f3 el acto de egreso de 42 alumnos del\u00a0Centro Educativo Nivel Secundario N\u00ba 452\u00a0(ex Escuela Secundaria N\u00ba 2) en su modalidad adultos, siendo toda la ceremonia muy emotiva. Luego de la instancia protocolar de cambio de banderas\u00a0e himno, fue el turno de las palabras de despedidas\u2026","rel":"","context":"En \u00abEducaci\u00f3n\u00bb","block_context":{"text":"Educaci\u00f3n","link":"https:\/\/www.hoymercedes.com.ar\/principal\/category\/educacion\/"},"img":{"alt_text":"","src":"https:\/\/i0.wp.com\/www.hoymercedes.com.ar\/principal\/wp-content\/uploads\/2019\/12\/egreso-u51.jpg?resize=350%2C200&ssl=1","width":350,"height":200,"srcset":"https:\/\/i0.wp.com\/www.hoymercedes.com.ar\/principal\/wp-content\/uploads\/2019\/12\/egreso-u51.jpg?resize=350%2C200&ssl=1 1x, https:\/\/i0.wp.com\/www.hoymercedes.com.ar\/principal\/wp-content\/uploads\/2019\/12\/egreso-u51.jpg?resize=525%2C300&ssl=1 1.5x, https:\/\/i0.wp.com\/www.hoymercedes.com.ar\/principal\/wp-content\/uploads\/2019\/12\/egreso-u51.jpg?resize=700%2C400&ssl=1 2x"},"classes":[]},{"id":67469,"url":"https:\/\/www.hoymercedes.com.ar\/principal\/2017\/09\/21\/marcelo-denapole-vuelve-a-la-direccion-de-produccion\/","url_meta":{"origin":44184,"position":5},"title":"Marcelo Den\u00e1pole vuelve a la Direcci\u00f3n de Producci\u00f3n","author":"hoymercedes","date":"21 septiembre, 2017","format":false,"excerpt":"El Intendente Juan Ignacio Ustarroz confirm\u00f3 como nuevo funcionario al ex candidato a Intendente por el Frente Renovador, ingeniero agr\u00f3nomo Marcelo Den\u00e1pole. Por su parte, el abogado Sim\u00f3n Bruschi que ocupo la direcci\u00f3n de producci\u00f3n pasar\u00e1 al \u00e1rea de Legales. A trav\u00e9s de una conferencia de prensa, el Intendente Municipal\u2026","rel":"","context":"En \u00abMunicipio\u00bb","block_context":{"text":"Municipio","link":"https:\/\/www.hoymercedes.com.ar\/principal\/category\/municipio\/"},"img":{"alt_text":"","src":"https:\/\/i0.wp.com\/www.hoymercedes.com.ar\/principal\/wp-content\/uploads\/2017\/09\/21-muni-produccion-1.jpg?resize=350%2C200&ssl=1","width":350,"height":200,"srcset":"https:\/\/i0.wp.com\/www.hoymercedes.com.ar\/principal\/wp-content\/uploads\/2017\/09\/21-muni-produccion-1.jpg?resize=350%2C200&ssl=1 1x, https:\/\/i0.wp.com\/www.hoymercedes.com.ar\/principal\/wp-content\/uploads\/2017\/09\/21-muni-produccion-1.jpg?resize=525%2C300&ssl=1 1.5x"},"classes":[]}],"_links":{"self":[{"href":"https:\/\/www.hoymercedes.com.ar\/principal\/wp-json\/wp\/v2\/posts\/44184","targetHints":{"allow":["GET"]}}],"collection":[{"href":"https:\/\/www.hoymercedes.com.ar\/principal\/wp-json\/wp\/v2\/posts"}],"about":[{"href":"https:\/\/www.hoymercedes.com.ar\/principal\/wp-json\/wp\/v2\/types\/post"}],"author":[{"embeddable":true,"href":"https:\/\/www.hoymercedes.com.ar\/principal\/wp-json\/wp\/v2\/users\/1"}],"replies":[{"embeddable":true,"href":"https:\/\/www.hoymercedes.com.ar\/principal\/wp-json\/wp\/v2\/comments?post=44184"}],"version-history":[{"count":0,"href":"https:\/\/www.hoymercedes.com.ar\/principal\/wp-json\/wp\/v2\/posts\/44184\/revisions"}],"wp:featuredmedia":[{"embeddable":true,"href":"https:\/\/www.hoymercedes.com.ar\/principal\/wp-json\/wp\/v2\/media\/44185"}],"wp:attachment":[{"href":"https:\/\/www.hoymercedes.com.ar\/principal\/wp-json\/wp\/v2\/media?parent=44184"}],"wp:term":[{"taxonomy":"category","embeddable":true,"href":"https:\/\/www.hoymercedes.com.ar\/principal\/wp-json\/wp\/v2\/categories?post=44184"},{"taxonomy":"post_tag","embeddable":true,"href":"https:\/\/www.hoymercedes.com.ar\/principal\/wp-json\/wp\/v2\/tags?post=44184"}],"curies":[{"name":"wp","href":"https:\/\/api.w.org\/{rel}","templated":true}]}}