{"id":44199,"date":"2015-08-24T09:52:28","date_gmt":"2015-08-24T12:52:28","guid":{"rendered":"http:\/\/www.hoymercedes.com.ar\/principal\/?p=44199"},"modified":"2015-08-25T21:58:22","modified_gmt":"2015-08-26T00:58:22","slug":"importante-avance-para-la-llegada-de-una-unidad-del-hospital-italiano-a-mercedes","status":"publish","type":"post","link":"https:\/\/www.hoymercedes.com.ar\/principal\/2015\/08\/24\/importante-avance-para-la-llegada-de-una-unidad-del-hospital-italiano-a-mercedes\/","title":{"rendered":"Importante avance para la llegada de una unidad del Hospital Italiano a Mercedes"},"content":{"rendered":"<p><a href=\"https:\/\/www.hoymercedes.com.ar\/principal\/wp-content\/uploads\/2015\/08\/ustarroz-hospitalitaliano.jpg\"><img loading=\"lazy\" decoding=\"async\" data-attachment-id=\"44200\" data-permalink=\"https:\/\/www.hoymercedes.com.ar\/principal\/2015\/08\/24\/importante-avance-para-la-llegada-de-una-unidad-del-hospital-italiano-a-mercedes\/ustarroz-hospitalitaliano\/#main\" data-orig-file=\"https:\/\/www.hoymercedes.com.ar\/principal\/wp-content\/uploads\/2015\/08\/ustarroz-hospitalitaliano.jpg\" data-orig-size=\"620,414\" data-comments-opened=\"1\" data-image-meta=\"{&quot;aperture&quot;:&quot;0&quot;,&quot;credit&quot;:&quot;&quot;,&quot;camera&quot;:&quot;&quot;,&quot;caption&quot;:&quot;&quot;,&quot;created_timestamp&quot;:&quot;0&quot;,&quot;copyright&quot;:&quot;&quot;,&quot;focal_length&quot;:&quot;0&quot;,&quot;iso&quot;:&quot;0&quot;,&quot;shutter_speed&quot;:&quot;0&quot;,&quot;title&quot;:&quot;&quot;,&quot;orientation&quot;:&quot;0&quot;}\" data-image-title=\"ustarroz-hospitalitaliano\" data-image-description=\"\" data-image-caption=\"\" data-large-file=\"https:\/\/www.hoymercedes.com.ar\/principal\/wp-content\/uploads\/2015\/08\/ustarroz-hospitalitaliano.jpg\" class=\"Img2014 aligncenter wp-image-44200 size-full\" src=\"https:\/\/www.hoymercedes.com.ar\/principal\/wp-content\/uploads\/2015\/08\/ustarroz-hospitalitaliano.jpg\" alt=\"ustarroz-hospitalitaliano\" width=\"620\" height=\"414\" srcset=\"https:\/\/www.hoymercedes.com.ar\/principal\/wp-content\/uploads\/2015\/08\/ustarroz-hospitalitaliano.jpg 620w, https:\/\/www.hoymercedes.com.ar\/principal\/wp-content\/uploads\/2015\/08\/ustarroz-hospitalitaliano-150x100.jpg 150w, https:\/\/www.hoymercedes.com.ar\/principal\/wp-content\/uploads\/2015\/08\/ustarroz-hospitalitaliano-290x194.jpg 290w, https:\/\/www.hoymercedes.com.ar\/principal\/wp-content\/uploads\/2015\/08\/ustarroz-hospitalitaliano-50x33.jpg 50w\" sizes=\"auto, (max-width: 620px) 100vw, 620px\" \/><\/a><\/p>\n<p><em><strong>Un viejo sue\u00f1o del m\u00e1ximo referente de la Agrupaci\u00f3n Arturo Jauretche, Mariano Castelucci, recuper\u00f3 su fuerza original y dio un importante avance: en una gesti\u00f3n en conjunto con el Frente Mercedino para la Victoria, se tramita la llegada a nuestra ciudad de una Unidad Perif\u00e9rica del prestigioso Hospital Italiano.<\/strong><\/em><\/p>\n<p>La semana pasada se realiz\u00f3 la primera reuni\u00f3n. Junto con Castelucci estuvieron el candidato a intendente y presidente del bloque de concejales del FMpV, Juan Ignacio Ustarroz; y el Secretario General de la Presidencia, Eduardo \u2018Wado\u2019 de Pedro.<\/p>\n<p>Por el lado del hospital Italiano asistieron los principales responsables, entre ellos el presidente del consejo directivo, Franco Livini; el director de gesti\u00f3n, Horacio Guevara; y el vicedirector m\u00e9dico del Plan de Salud, Marcelo Marchetti.<\/p>\n<p>Del encuentro particip\u00f3 adem\u00e1s el director de la delegaci\u00f3n local del PAMI y primer candidato a concejal del Frente Mercedino, Mat\u00edas Dematei.<\/p>\n<p>\u201cEsta idea surgi\u00f3 en 2005 pero finalmente no tuvo el eco esperado en las instancias siguientes y se fue apagando. Ahora lo hablamos con Juani, surgi\u00f3 la posibilidad de retomar las gestiones para motorizar el proyecto y ya tuvimos la primera reuni\u00f3n con las autoridades del hospital, lo que en lo personal me da mucha satisfacci\u00f3n y me genera una gran expectativa\u201d, cont\u00f3 Castelucci, exsecretario privado de la intendencia.<\/p>\n<p>\u201cLa presencia de \u2018Wado\u2019, adem\u00e1s, nos da el impulso que se necesita para que la iniciativa se pueda ir desarrollando, pueda ir avanzando \u2013agreg\u00f3-. Esta semana nos visitar\u00e1n los m\u00e9dicos y las autoridades del Italiano para dar un nuevo paso en el proyecto, que en Mercedes est\u00e1 a cargo del doctor N\u00e9stor Pisapia\u201d.<\/p>\n<p>Castelucci, a la vez, destac\u00f3 \u201cel gesto de apertura\u201d de Juani y sus equipos \u201cpara sumar propuestas que son de otros espacios pol\u00edticos, porque es necesario anteponer el bien del conjunto, articular los esfuerzos para la llegada de beneficios colectivos\u201d.<\/p>\n<p>Ustarroz, por su parte, le agradeci\u00f3 a Castelucci \u201cla posibilidad de trabajar en conjunto, m\u00e1s all\u00e1 de los colores partidarios, en pos del bien com\u00fan y pensando en los vecinos\u201d.<\/p>\n<p>\u201cNosotros promovemos la participaci\u00f3n, la reflexi\u00f3n y el debate porque estamos convencidos de que es el mejor camino para perfeccionar una idea \u2013agreg\u00f3 Juani-. El ejemplo concreto fueron los Foros organizados en distintas \u00e1reas, donde especialistas, profesionales y vecinos en general intervinieron para generar proyectos integrales y beneficiosos para el conjunto de la ciudad. Y ahora Mariano tiene un gesto de grandeza y amplitud al permitirnos gestionar en conjunto esta posibilidad\u201d.<\/p>\n<p>A trav\u00e9s de sus equipos t\u00e9cnicos, el Frente Mercedino organiz\u00f3 foros de Educaci\u00f3n, Cultura, Seguridad y Seguridad Vial, Deporte, Salud, Planificaci\u00f3n y Servicios P\u00fablicos y Producci\u00f3n y Empleo desde donde surgi\u00f3 una gran parte de los proyectos que Ustarroz, el candidato ganador de las PASO, presenta como su plan de gobierno.<\/p>\n<p>Respecto de esta iniciativa puntual, la de la llegada de una Unidad Perif\u00e9rica del Hospital Italiano, Juani expres\u00f3: \u201cTenemos mucha confianza en que se concrete y ser\u00eda un gran paso para la salud de los mercedinos contar con la presencia de una instituci\u00f3n tan prestigiosa como es el Italiano. El proyecto de Mariano es muy importante y a nosotros nos da mucha satisfacci\u00f3n poder sumarnos, trabajar en conjunto\u201d.<\/p>\n<p>\u201cLa salud de todos los vecinos de Mercedes es una prioridad para nosotros -concluy\u00f3 Ustarroz-. La\u00a0renovaci\u00f3n completa del hospital Blas Lorenzo Dubarry, con la incorporaci\u00f3n de un gran recurso t\u00e9cnico y humano, es una s\u00edntesis de nuestra idea, pero trabajamos desde una mirada integral y con el horizonte de garantizar este derecho esencial que es tener acceso a la salud\u00bb.<\/p>\n","protected":false},"excerpt":{"rendered":"<p>Un viejo sue\u00f1o del m\u00e1ximo referente de la Agrupaci\u00f3n Arturo Jauretche, Mariano Castelucci, recuper\u00f3 su fuerza original y dio un &#8230; <a title=\"Importante avance para la llegada de una unidad del Hospital Italiano a Mercedes\" class=\"read-more\" href=\"https:\/\/www.hoymercedes.com.ar\/principal\/2015\/08\/24\/importante-avance-para-la-llegada-de-una-unidad-del-hospital-italiano-a-mercedes\/\" aria-label=\"Leer m\u00e1s sobre Importante avance para la llegada de una unidad del Hospital Italiano a Mercedes\">Leer m\u00e1s<\/a><\/p>\n","protected":false},"author":1,"featured_media":44200,"comment_status":"open","ping_status":"open","sticky":false,"template":"","format":"standard","meta":{"_monsterinsights_skip_tracking":false,"_monsterinsights_sitenote_active":false,"_monsterinsights_sitenote_note":"","_monsterinsights_sitenote_category":0,"jetpack_post_was_ever_published":false,"_jetpack_newsletter_access":"","_jetpack_dont_email_post_to_subs":false,"_jetpack_newsletter_tier_id":0,"_jetpack_memberships_contains_paywalled_content":false,"_jetpack_memberships_contains_paid_content":false,"footnotes":"","jetpack_publicize_message":"","jetpack_publicize_feature_enabled":true,"jetpack_social_post_already_shared":true,"jetpack_social_options":{"image_generator_settings":{"template":"highway","default_image_id":0,"font":"","enabled":false},"version":2},"_wpas_customize_per_network":false},"categories":[8],"tags":[7836,7134,281],"class_list":["post-44199","post","type-post","status-publish","format-standard","has-post-thumbnail","hentry","category-sociedad","tag-importante-avance-para-la-llegada-de-una-unidad-del-hospital-italiano-a-mercedes","tag-justarroz","tag-wado-de-pedro","generate-columns","tablet-grid-50","mobile-grid-100","grid-parent","grid-50"],"jetpack_publicize_connections":[],"jetpack_featured_media_url":"https:\/\/www.hoymercedes.com.ar\/principal\/wp-content\/uploads\/2015\/08\/ustarroz-hospitalitaliano.jpg","wps_subtitle":"Beneficio social ","jetpack_sharing_enabled":true,"_links":{"self":[{"href":"https:\/\/www.hoymercedes.com.ar\/principal\/wp-json\/wp\/v2\/posts\/44199","targetHints":{"allow":["GET"]}}],"collection":[{"href":"https:\/\/www.hoymercedes.com.ar\/principal\/wp-json\/wp\/v2\/posts"}],"about":[{"href":"https:\/\/www.hoymercedes.com.ar\/principal\/wp-json\/wp\/v2\/types\/post"}],"author":[{"embeddable":true,"href":"https:\/\/www.hoymercedes.com.ar\/principal\/wp-json\/wp\/v2\/users\/1"}],"replies":[{"embeddable":true,"href":"https:\/\/www.hoymercedes.com.ar\/principal\/wp-json\/wp\/v2\/comments?post=44199"}],"version-history":[{"count":0,"href":"https:\/\/www.hoymercedes.com.ar\/principal\/wp-json\/wp\/v2\/posts\/44199\/revisions"}],"wp:featuredmedia":[{"embeddable":true,"href":"https:\/\/www.hoymercedes.com.ar\/principal\/wp-json\/wp\/v2\/media\/44200"}],"wp:attachment":[{"href":"https:\/\/www.hoymercedes.com.ar\/principal\/wp-json\/wp\/v2\/media?parent=44199"}],"wp:term":[{"taxonomy":"category","embeddable":true,"href":"https:\/\/www.hoymercedes.com.ar\/principal\/wp-json\/wp\/v2\/categories?post=44199"},{"taxonomy":"post_tag","embeddable":true,"href":"https:\/\/www.hoymercedes.com.ar\/principal\/wp-json\/wp\/v2\/tags?post=44199"}],"curies":[{"name":"wp","href":"https:\/\/api.w.org\/{rel}","templated":true}]}}