{"id":4420,"date":"2011-05-22T18:52:32","date_gmt":"2011-05-22T18:52:32","guid":{"rendered":"http:\/\/www.hoymercedes.com.ar\/principal\/?p=4420"},"modified":"2011-05-22T18:52:32","modified_gmt":"2011-05-22T18:52:32","slug":"gran-convocatoria-del-fmpv-en-el-comunicaciones-%e2%80%9ctenemos-la-conviccion-de-que-mercedes-tiene-una-oportunidad-unica%e2%80%9d","status":"publish","type":"post","link":"https:\/\/www.hoymercedes.com.ar\/principal\/2011\/05\/22\/gran-convocatoria-del-fmpv-en-el-comunicaciones-%e2%80%9ctenemos-la-conviccion-de-que-mercedes-tiene-una-oportunidad-unica%e2%80%9d\/","title":{"rendered":"Gran convocatoria del FMPV en el Comunicaciones:   \u201cTenemos la convicci\u00f3n de que Mercedes tiene una oportunidad \u00fanica\u201d"},"content":{"rendered":"<figure id=\"attachment_4422\" aria-describedby=\"caption-attachment-4422\" style=\"width: 290px\" class=\"wp-caption alignleft\"><a href=\"https:\/\/www.hoymercedes.com.ar\/principal\/wp-content\/uploads\/2011\/05\/cena-comunicaciones.jpg\"><img loading=\"lazy\" decoding=\"async\" data-attachment-id=\"4422\" data-permalink=\"https:\/\/www.hoymercedes.com.ar\/principal\/2011\/05\/22\/gran-convocatoria-del-fmpv-en-el-comunicaciones-%e2%80%9ctenemos-la-conviccion-de-que-mercedes-tiene-una-oportunidad-unica%e2%80%9d\/attachment\/4422\/#main\" data-orig-file=\"https:\/\/www.hoymercedes.com.ar\/principal\/wp-content\/uploads\/2011\/05\/cena-comunicaciones.jpg\" data-orig-size=\"314,235\" data-comments-opened=\"1\" data-image-meta=\"{&quot;aperture&quot;:&quot;3.2&quot;,&quot;credit&quot;:&quot;&quot;,&quot;camera&quot;:&quot;SAMSUNG ES15 \/ VLUU ES15 \/ SAMSUNG SL30&quot;,&quot;caption&quot;:&quot;&quot;,&quot;created_timestamp&quot;:&quot;1258872757&quot;,&quot;copyright&quot;:&quot;COPYRIGHT, 2009&quot;,&quot;focal_length&quot;:&quot;6.3&quot;,&quot;iso&quot;:&quot;400&quot;,&quot;shutter_speed&quot;:&quot;0.125&quot;,&quot;title&quot;:&quot;&lt;SAMSUNG DIGITAL CAMERA&gt;&quot;}\" data-image-title=\"Cena Frente Mercdino para la Victoria\" data-image-description=\"&lt;p&gt;Cena Frente Mercdino para la Victoria&lt;\/p&gt;\n\" data-image-caption=\"&lt;p&gt;Cena Frente Mercdino para la Victoria&lt;\/p&gt;\n\" data-large-file=\"https:\/\/www.hoymercedes.com.ar\/principal\/wp-content\/uploads\/2011\/05\/cena-comunicaciones.jpg\" class=\"size-medium wp-image-4422\" title=\"Cena Frente Mercdino para la Victoria\" src=\"https:\/\/www.hoymercedes.com.ar\/principal\/wp-content\/uploads\/2011\/05\/cena-comunicaciones-300x224.jpg\" alt=\"Cena Frente Mercdino para la Victoria\" width=\"300\" height=\"224\" srcset=\"https:\/\/www.hoymercedes.com.ar\/principal\/wp-content\/uploads\/2011\/05\/cena-comunicaciones-300x224.jpg 300w, https:\/\/www.hoymercedes.com.ar\/principal\/wp-content\/uploads\/2011\/05\/cena-comunicaciones.jpg 314w\" sizes=\"auto, (max-width: 300px) 100vw, 300px\" \/><\/a><figcaption id=\"caption-attachment-4422\" class=\"wp-caption-text\">Cena Frente Mercdino para la Victoria<\/figcaption><\/figure>\n<p>Cerca de 700 personas de acercaron al gimnasio del Club Comunicaciones en una cena organizada por el Frente Mercedino Para la Victoria, en la que se convoc\u00f3 a la poblaci\u00f3n que supera los 40 a\u00f1os. Juan Ustarroz habl\u00f3 y dijo que \u201cel Frente Mercedino es la agrupaci\u00f3n que m\u00e1s convoca\u201d.<\/p>\n<p>El Frente Mercedino Para la Victoria realiz\u00f3 una cena el viernes por la noche en el gimnasio del Club Comunicaciones en apoyo al precandidato a intendente Juan Ignacio Ustarroz y convoc\u00f3 a un numeroso p\u00fablico. M\u00e1s de 700 personas se hicieron presentes con la fuerte idea de buscar el impulso que Mercedes anhela.<\/p>\n<p>Juan Ustarroz, uno de los oradores de la noche, dijo que \u201choy el Frente Mercedino es la agrupaci\u00f3n que m\u00e1s gente convoca, porque tenemos la convicci\u00f3n de que la ciudad de Mercedes tiene una oportunidad \u00fanica\u201d.<\/p>\n<p>La idea de los organizadores de la tallarinada fue la de convocar a aqu\u00e9llas personas de mas de 45 a\u00f1os y el resultado obtenido fue altamente gratificante para el FMPV, ya que concurri\u00f3 una gran masa de gente, a tal punto de no alcanzar la cancha de b\u00e1squet del Comunicaciones y tener que utilizar el resto de las instalaciones de la sede de la instituci\u00f3n.<\/p>\n<p>&nbsp;<\/p>\n<p>Ustarroz, cuando agradeci\u00f3  la presencia del p\u00fablico, dijo que \u201ctodos somos parte de este proyecto colectivo para sacar adelante la ciudad\u201d y agreg\u00f3 que \u201cen diciembre est\u00e1bamos all\u00e1 adelante en el Club Comunicaciones y era el punto de partida, hoy veo que somos una gran familia y se sigue sumando gente para respaldar este proyecto, que nos da fuerza para caminar los barrios y seguir hablando con todos, industriales, agropecuarios, obreros, empleados municipales, gente sin empleo. Nosotros apostamos a un modelo de ciudad donde el eje central sea el trabajo, que es la mayor herramienta de inclusi\u00f3n\u201d, a\u00f1adi\u00f3.<\/p>\n<p>&nbsp;<\/p>\n<p>El precandidato, que esta semana recibi\u00f3 el apoyo del gobernador de la provincia de Buenos Aires, Daniel Scioli, remarc\u00f3 las posibilidades que tiene la ciudad y el material bruto de Mercedes que hay que explotar para poder construir \u201centre todos\u201d una ciudad modelo como ocurri\u00f3 en Chivilcoy o Tigre, lugares muy observados por los mercedinos por su notable crecimiento en estos \u00faltimos a\u00f1os.<\/p>\n<p>\u201cSabemos que en Mercedes falta much\u00edsimo y que se puede mucho m\u00e1s y que hay gente comprometida con la ciudad. Si a esto le sumamos la preocupaci\u00f3n del Estado por mejorar todos los \u00edndices de la ciudad, vamos a hacer un gran gobierno\u201d, remarc\u00f3 Ustarroz.<\/p>\n<p>Por \u00faltimo, habl\u00f3 tambi\u00e9n sobre el rol protag\u00f3nico que el Gobierno Nacional le dio a la juventud, y agreg\u00f3 que se necesita el aporte de \u201clos m\u00e1s grandes por su experiencia, su recorrido por la ciudad, porque entre todas las generaciones vamos a sacar adelante nuestra Mercedes y hacerla una ciudad modelo. La juventud no es algo et\u00e1reo, sino es lo que tenemos todos nosotros, que es entusiasmo\u201d, finaliz\u00f3.<\/p>\n<p>&nbsp;<\/p>\n<p>Otro de los que tambi\u00e9n disert\u00f3  fue el referente de la Agrupaci\u00f3n Celeste y Blanca, Edgardo Gorosterraz\u00fa, quien, al igual que Eduardo Cerulli, se alegr\u00f3 por ver muchas caras nuevas y de la \u201coportunidad \u00fanica que vive la ciudad\u201d y lo llam\u00f3 a Juani como \u201cel candidato de la Casa Rosada\u201d.<\/p>\n<p>Por \u00faltimo, invit\u00f3 a que \u201clos que peinan canas\u201d acompa\u00f1en a Juani y aporten \u201cla experiencia que nos ha dado los a\u00f1os\u201d y agreg\u00f3 que \u201ceste proyecto abarca a todos los estratos sociales, no s\u00f3lo a todas las edades. Queremos que en Mercedes haya trabajo, que todos est\u00e9n en el mercado laboral, que todos puedan comprar una vivienda digna y hacer de Mercedes, a trav\u00e9s de nuevas industrias, una ciudad segura, limpia, sin corrupci\u00f3n y pujante, es por eso que invitamos a todos los que no son peronistas a estar con nosotros, porque los vamos a tratar de igual a igual y los vamos a escuchar\u201d, finaliz\u00f3.<\/p>\n<p>&nbsp;<\/p>\n","protected":false},"excerpt":{"rendered":"<p>Cerca de 700 personas de acercaron al gimnasio del Club Comunicaciones en una cena organizada por el Frente Mercedino Para &#8230; <a title=\"Gran convocatoria del FMPV en el Comunicaciones:   \u201cTenemos la convicci\u00f3n de que Mercedes tiene una oportunidad \u00fanica\u201d\" class=\"read-more\" href=\"https:\/\/www.hoymercedes.com.ar\/principal\/2011\/05\/22\/gran-convocatoria-del-fmpv-en-el-comunicaciones-%e2%80%9ctenemos-la-conviccion-de-que-mercedes-tiene-una-oportunidad-unica%e2%80%9d\/\" aria-label=\"Leer m\u00e1s sobre Gran convocatoria del FMPV en el Comunicaciones:   \u201cTenemos la convicci\u00f3n de que Mercedes tiene una oportunidad \u00fanica\u201d\">Leer m\u00e1s<\/a><\/p>\n","protected":false},"author":1,"featured_media":0,"comment_status":"open","ping_status":"open","sticky":false,"template":"","format":"standard","meta":{"_monsterinsights_skip_tracking":false,"_monsterinsights_sitenote_active":false,"_monsterinsights_sitenote_note":"","_monsterinsights_sitenote_category":0,"jetpack_post_was_ever_published":false,"_jetpack_newsletter_access":"","_jetpack_dont_email_post_to_subs":false,"_jetpack_newsletter_tier_id":0,"_jetpack_memberships_contains_paywalled_content":false,"_jetpack_memberships_contains_paid_content":false,"footnotes":"","jetpack_publicize_message":"","jetpack_publicize_feature_enabled":true,"jetpack_social_post_already_shared":false,"jetpack_social_options":{"image_generator_settings":{"template":"highway","default_image_id":0,"font":"","enabled":false},"version":2},"_wpas_customize_per_network":false},"categories":[5],"tags":[379],"class_list":["post-4420","post","type-post","status-publish","format-standard","hentry","category-politica","tag-frente-mercedino-para-la-victoria","generate-columns","tablet-grid-50","mobile-grid-100","grid-parent","grid-50"],"jetpack_publicize_connections":[],"jetpack_featured_media_url":"","wps_subtitle":"","jetpack_sharing_enabled":true,"_links":{"self":[{"href":"https:\/\/www.hoymercedes.com.ar\/principal\/wp-json\/wp\/v2\/posts\/4420","targetHints":{"allow":["GET"]}}],"collection":[{"href":"https:\/\/www.hoymercedes.com.ar\/principal\/wp-json\/wp\/v2\/posts"}],"about":[{"href":"https:\/\/www.hoymercedes.com.ar\/principal\/wp-json\/wp\/v2\/types\/post"}],"author":[{"embeddable":true,"href":"https:\/\/www.hoymercedes.com.ar\/principal\/wp-json\/wp\/v2\/users\/1"}],"replies":[{"embeddable":true,"href":"https:\/\/www.hoymercedes.com.ar\/principal\/wp-json\/wp\/v2\/comments?post=4420"}],"version-history":[{"count":0,"href":"https:\/\/www.hoymercedes.com.ar\/principal\/wp-json\/wp\/v2\/posts\/4420\/revisions"}],"wp:attachment":[{"href":"https:\/\/www.hoymercedes.com.ar\/principal\/wp-json\/wp\/v2\/media?parent=4420"}],"wp:term":[{"taxonomy":"category","embeddable":true,"href":"https:\/\/www.hoymercedes.com.ar\/principal\/wp-json\/wp\/v2\/categories?post=4420"},{"taxonomy":"post_tag","embeddable":true,"href":"https:\/\/www.hoymercedes.com.ar\/principal\/wp-json\/wp\/v2\/tags?post=4420"}],"curies":[{"name":"wp","href":"https:\/\/api.w.org\/{rel}","templated":true}]}}