{"id":44215,"date":"2015-08-24T23:04:04","date_gmt":"2015-08-25T02:04:04","guid":{"rendered":"http:\/\/www.hoymercedes.com.ar\/principal\/?p=44215"},"modified":"2015-08-25T21:19:48","modified_gmt":"2015-08-26T00:19:48","slug":"dan-inicio-a-las-obras-de-mejora-de-la-cuenca-del-rio-lujan","status":"publish","type":"post","link":"https:\/\/www.hoymercedes.com.ar\/principal\/2015\/08\/24\/dan-inicio-a-las-obras-de-mejora-de-la-cuenca-del-rio-lujan\/","title":{"rendered":"Dan inicio a las obras de mejora de la cuenca del R\u00edo Luj\u00e1n"},"content":{"rendered":"<p><a href=\"https:\/\/www.hoymercedes.com.ar\/principal\/wp-content\/uploads\/2015\/08\/m\u00e1quinas-riolujan.jpg\"><img loading=\"lazy\" decoding=\"async\" data-attachment-id=\"44216\" data-permalink=\"https:\/\/www.hoymercedes.com.ar\/principal\/2015\/08\/24\/dan-inicio-a-las-obras-de-mejora-de-la-cuenca-del-rio-lujan\/maquinas-riolujan\/#main\" data-orig-file=\"https:\/\/www.hoymercedes.com.ar\/principal\/wp-content\/uploads\/2015\/08\/m\u00e1quinas-riolujan.jpg\" data-orig-size=\"620,349\" data-comments-opened=\"1\" data-image-meta=\"{&quot;aperture&quot;:&quot;0&quot;,&quot;credit&quot;:&quot;&quot;,&quot;camera&quot;:&quot;&quot;,&quot;caption&quot;:&quot;&quot;,&quot;created_timestamp&quot;:&quot;0&quot;,&quot;copyright&quot;:&quot;&quot;,&quot;focal_length&quot;:&quot;0&quot;,&quot;iso&quot;:&quot;0&quot;,&quot;shutter_speed&quot;:&quot;0&quot;,&quot;title&quot;:&quot;&quot;,&quot;orientation&quot;:&quot;0&quot;}\" data-image-title=\"m\u00e1quinas-riolujan\" data-image-description=\"\" data-image-caption=\"\" data-large-file=\"https:\/\/www.hoymercedes.com.ar\/principal\/wp-content\/uploads\/2015\/08\/m\u00e1quinas-riolujan.jpg\" class=\"Img2014 aligncenter wp-image-44216 size-full\" title=\"Obras R\u00edo Luj\u00e1n\" src=\"https:\/\/www.hoymercedes.com.ar\/principal\/wp-content\/uploads\/2015\/08\/m\u00e1quinas-riolujan.jpg\" alt=\"m\u00e1quinas-riolujan\" width=\"620\" height=\"349\" srcset=\"https:\/\/www.hoymercedes.com.ar\/principal\/wp-content\/uploads\/2015\/08\/m\u00e1quinas-riolujan.jpg 620w, https:\/\/www.hoymercedes.com.ar\/principal\/wp-content\/uploads\/2015\/08\/m\u00e1quinas-riolujan-150x84.jpg 150w, https:\/\/www.hoymercedes.com.ar\/principal\/wp-content\/uploads\/2015\/08\/m\u00e1quinas-riolujan-290x163.jpg 290w, https:\/\/www.hoymercedes.com.ar\/principal\/wp-content\/uploads\/2015\/08\/m\u00e1quinas-riolujan-50x28.jpg 50w\" sizes=\"auto, (max-width: 620px) 100vw, 620px\" \/><\/a><\/p>\n<p><em><strong>Las tan necesarias obras de mejora de la cuenca del R\u00edo Luj\u00e1n empezaron este lunes. En rigor se retoman dado que hace casi un a\u00f1o atr\u00e1s Mercedes vivi\u00f3 un intento de correcci\u00f3n que evitara desborder o al menos los limitara. En la zona del Parque Municipal se vio el primer d\u00eda de trabajo de la m\u00e1quina enviada por Hidr\u00e1ulica de la Provincia de Buenos Aires.<\/strong><\/em><\/p>\n<p>El Ingeniero Salomone, Secretario de Obras P\u00fablicas de la Municipalidad, en su habital di\u00e1logo con la poblaci\u00f3n por medio de las redes inform\u00f3 la noticia y expuso la primera imagen.<\/p>\n<p>La noticia se convirti\u00f3 en un dato positivo dado que las obras son indispensables para empezar a evitar una nueva crisis como la que vivi\u00f3 y vive nuestra ciudad tras el impresionante e hist\u00f3rico avance de las aguas del R\u00edo sobre la zona urbanizada.<\/p>\n<p>&nbsp;<\/p>\n","protected":false},"excerpt":{"rendered":"<p>Las tan necesarias obras de mejora de la cuenca del R\u00edo Luj\u00e1n empezaron este lunes. En rigor se retoman dado &#8230; <a title=\"Dan inicio a las obras de mejora de la cuenca del R\u00edo Luj\u00e1n\" class=\"read-more\" href=\"https:\/\/www.hoymercedes.com.ar\/principal\/2015\/08\/24\/dan-inicio-a-las-obras-de-mejora-de-la-cuenca-del-rio-lujan\/\" aria-label=\"Leer m\u00e1s sobre Dan inicio a las obras de mejora de la cuenca del R\u00edo Luj\u00e1n\">Leer m\u00e1s<\/a><\/p>\n","protected":false},"author":1,"featured_media":44216,"comment_status":"open","ping_status":"open","sticky":false,"template":"","format":"standard","meta":{"_monsterinsights_skip_tracking":false,"_monsterinsights_sitenote_active":false,"_monsterinsights_sitenote_note":"","_monsterinsights_sitenote_category":0,"jetpack_post_was_ever_published":false,"_jetpack_newsletter_access":"","_jetpack_dont_email_post_to_subs":false,"_jetpack_newsletter_tier_id":0,"_jetpack_memberships_contains_paywalled_content":false,"_jetpack_memberships_contains_paid_content":false,"footnotes":"","jetpack_publicize_message":"","jetpack_publicize_feature_enabled":true,"jetpack_social_post_already_shared":true,"jetpack_social_options":{"image_generator_settings":{"template":"highway","default_image_id":0,"font":"","enabled":false},"version":2},"_wpas_customize_per_network":false},"categories":[30],"tags":[7840],"class_list":["post-44215","post","type-post","status-publish","format-standard","has-post-thumbnail","hentry","category-municipio","tag-dan-inicio-a-las-obras-de-mejora-de-la-cuenca-del-rio-lujan","generate-columns","tablet-grid-50","mobile-grid-100","grid-parent","grid-50"],"jetpack_publicize_connections":[],"jetpack_featured_media_url":"https:\/\/www.hoymercedes.com.ar\/principal\/wp-content\/uploads\/2015\/08\/m\u00e1quinas-riolujan.jpg","wps_subtitle":"Hidr\u00e1ulica provincial ","jetpack_sharing_enabled":true,"_links":{"self":[{"href":"https:\/\/www.hoymercedes.com.ar\/principal\/wp-json\/wp\/v2\/posts\/44215","targetHints":{"allow":["GET"]}}],"collection":[{"href":"https:\/\/www.hoymercedes.com.ar\/principal\/wp-json\/wp\/v2\/posts"}],"about":[{"href":"https:\/\/www.hoymercedes.com.ar\/principal\/wp-json\/wp\/v2\/types\/post"}],"author":[{"embeddable":true,"href":"https:\/\/www.hoymercedes.com.ar\/principal\/wp-json\/wp\/v2\/users\/1"}],"replies":[{"embeddable":true,"href":"https:\/\/www.hoymercedes.com.ar\/principal\/wp-json\/wp\/v2\/comments?post=44215"}],"version-history":[{"count":0,"href":"https:\/\/www.hoymercedes.com.ar\/principal\/wp-json\/wp\/v2\/posts\/44215\/revisions"}],"wp:featuredmedia":[{"embeddable":true,"href":"https:\/\/www.hoymercedes.com.ar\/principal\/wp-json\/wp\/v2\/media\/44216"}],"wp:attachment":[{"href":"https:\/\/www.hoymercedes.com.ar\/principal\/wp-json\/wp\/v2\/media?parent=44215"}],"wp:term":[{"taxonomy":"category","embeddable":true,"href":"https:\/\/www.hoymercedes.com.ar\/principal\/wp-json\/wp\/v2\/categories?post=44215"},{"taxonomy":"post_tag","embeddable":true,"href":"https:\/\/www.hoymercedes.com.ar\/principal\/wp-json\/wp\/v2\/tags?post=44215"}],"curies":[{"name":"wp","href":"https:\/\/api.w.org\/{rel}","templated":true}]}}