{"id":44238,"date":"2015-08-26T21:37:14","date_gmt":"2015-08-27T00:37:14","guid":{"rendered":"http:\/\/www.hoymercedes.com.ar\/principal\/?p=44238"},"modified":"2015-08-27T22:23:54","modified_gmt":"2015-08-28T01:23:54","slug":"golpe-comando-roban-en-pares-tv-productora-de-la-ciudad-de-lujan","status":"publish","type":"post","link":"https:\/\/www.hoymercedes.com.ar\/principal\/2015\/08\/26\/golpe-comando-roban-en-pares-tv-productora-de-la-ciudad-de-lujan\/","title":{"rendered":"Golpe comando: roban en \u00abPares Tv\u00bb, productora de la ciudad de Luj\u00e1n"},"content":{"rendered":"<p><a href=\"https:\/\/www.hoymercedes.com.ar\/principal\/wp-content\/uploads\/2015\/08\/roboparestv.jpg\"><img loading=\"lazy\" decoding=\"async\" data-attachment-id=\"44239\" data-permalink=\"https:\/\/www.hoymercedes.com.ar\/principal\/2015\/08\/26\/golpe-comando-roban-en-pares-tv-productora-de-la-ciudad-de-lujan\/roboparestv\/#main\" data-orig-file=\"https:\/\/www.hoymercedes.com.ar\/principal\/wp-content\/uploads\/2015\/08\/roboparestv.jpg\" data-orig-size=\"620,415\" data-comments-opened=\"1\" data-image-meta=\"{&quot;aperture&quot;:&quot;0&quot;,&quot;credit&quot;:&quot;&quot;,&quot;camera&quot;:&quot;&quot;,&quot;caption&quot;:&quot;&quot;,&quot;created_timestamp&quot;:&quot;0&quot;,&quot;copyright&quot;:&quot;&quot;,&quot;focal_length&quot;:&quot;0&quot;,&quot;iso&quot;:&quot;0&quot;,&quot;shutter_speed&quot;:&quot;0&quot;,&quot;title&quot;:&quot;&quot;,&quot;orientation&quot;:&quot;0&quot;}\" data-image-title=\"roboparestv\" data-image-description=\"\" data-image-caption=\"\" data-large-file=\"https:\/\/www.hoymercedes.com.ar\/principal\/wp-content\/uploads\/2015\/08\/roboparestv.jpg\" class=\"Img2014 aligncenter wp-image-44239 size-full\" title=\"Robo en ParesTv \" src=\"https:\/\/www.hoymercedes.com.ar\/principal\/wp-content\/uploads\/2015\/08\/roboparestv.jpg\" alt=\"roboparestv\" width=\"620\" height=\"415\" srcset=\"https:\/\/www.hoymercedes.com.ar\/principal\/wp-content\/uploads\/2015\/08\/roboparestv.jpg 620w, https:\/\/www.hoymercedes.com.ar\/principal\/wp-content\/uploads\/2015\/08\/roboparestv-150x100.jpg 150w, https:\/\/www.hoymercedes.com.ar\/principal\/wp-content\/uploads\/2015\/08\/roboparestv-290x194.jpg 290w, https:\/\/www.hoymercedes.com.ar\/principal\/wp-content\/uploads\/2015\/08\/roboparestv-50x33.jpg 50w\" sizes=\"auto, (max-width: 620px) 100vw, 620px\" \/><\/a><\/p>\n<p><em><strong>En la vecina ciudad de Luj\u00e1n se produjo un asalto de tipo comando a una de las productoras de contenidos televisivos y medi\u00e1ticos m\u00e1s importante de la regi\u00f3n. Fueron 6 los delincuentes que ingresaron al estudio de televisi\u00f3n de \u00abPares Tv\u00bb en el barrio La Palomita y robaron numerosos y valiosos elementos t\u00e9cnicos y de trabajo.<\/strong><\/em><\/p>\n<p>La productora estaba en esos momentos produciendo un documental para la TV P\u00fablica. Se estima lo robado ronda los 200.000 pesos.<\/p>\n<p>El hecho sucedi\u00f3 alrededor de las 11.30hs. Dos autom\u00f3viles permit\u00edan la movilidad de los delincuentes. Un VW Gol y un VW Fox. A mano armada incluso obligaron a un vecino a ingresar a su domicilio y mantenerse all\u00ed mientras efectuaban al lado el acto delictivo.<\/p>\n<p>A los trabajadores los obligaron a mantenerse en el interior de la casona donde est\u00e1 el estudio, tirados en el piso y con la tensi\u00f3n l\u00f3gica del acontecimiento siendo tambi\u00e9n golpeados.<\/p>\n<p>Micr\u00f3fonos, equipos de sonido, c\u00e1maras de \u00faltima generaci\u00f3n se llevaron de la Red de Productores Independientes que estaban grabando para la Tv P\u00fablica. Tambi\u00e9n las billeteras y elementos de valor que ten\u00edan los trabajadores.<\/p>\n<p>Uno de los delincuentes olvid\u00f3 un arma 9mm que termin\u00f3 siendo secuestrada por la Polic\u00eda de Luj\u00e1n quedando como elemento de prueba. La polic\u00eda tambi\u00e9n investiga si no estuvieron los delincuentes vinculados a un robo en J\u00e1uregui unas horas antes.<\/p>\n<p>La polic\u00eda tiene en su poder las im\u00e1genes de las c\u00e1maras de seguridad de la zona.<\/p>\n<p><span class=\"embed-youtube\" style=\"text-align:center; display: block;\"><iframe loading=\"lazy\" class=\"youtube-player\" width=\"1200\" height=\"675\" src=\"https:\/\/www.youtube.com\/embed\/9PqjKShe9Cg?version=3&#038;rel=1&#038;showsearch=0&#038;showinfo=1&#038;iv_load_policy=1&#038;fs=1&#038;hl=es-ES&#038;autohide=2&#038;wmode=transparent\" allowfullscreen=\"true\" style=\"border:0;\" sandbox=\"allow-scripts allow-same-origin allow-popups allow-presentation allow-popups-to-escape-sandbox\"><\/iframe><\/span><\/p>\n","protected":false},"excerpt":{"rendered":"<p>En la vecina ciudad de Luj\u00e1n se produjo un asalto de tipo comando a una de las productoras de contenidos &#8230; <a title=\"Golpe comando: roban en \u00abPares Tv\u00bb, productora de la ciudad de Luj\u00e1n\" class=\"read-more\" href=\"https:\/\/www.hoymercedes.com.ar\/principal\/2015\/08\/26\/golpe-comando-roban-en-pares-tv-productora-de-la-ciudad-de-lujan\/\" aria-label=\"Leer m\u00e1s sobre Golpe comando: roban en \u00abPares Tv\u00bb, productora de la ciudad de Luj\u00e1n\">Leer m\u00e1s<\/a><\/p>\n","protected":false},"author":1,"featured_media":44239,"comment_status":"open","ping_status":"open","sticky":false,"template":"","format":"standard","meta":{"_monsterinsights_skip_tracking":false,"_monsterinsights_sitenote_active":false,"_monsterinsights_sitenote_note":"","_monsterinsights_sitenote_category":0,"jetpack_post_was_ever_published":false,"_jetpack_newsletter_access":"","_jetpack_dont_email_post_to_subs":false,"_jetpack_newsletter_tier_id":0,"_jetpack_memberships_contains_paywalled_content":false,"_jetpack_memberships_contains_paid_content":false,"footnotes":"","jetpack_publicize_message":"","jetpack_publicize_feature_enabled":true,"jetpack_social_post_already_shared":true,"jetpack_social_options":{"image_generator_settings":{"template":"highway","default_image_id":0,"font":"","enabled":false},"version":2},"_wpas_customize_per_network":false},"categories":[85],"tags":[7845],"class_list":["post-44238","post","type-post","status-publish","format-standard","has-post-thumbnail","hentry","category-policial","tag-roban-en-parestv","generate-columns","tablet-grid-50","mobile-grid-100","grid-parent","grid-50"],"jetpack_publicize_connections":[],"jetpack_featured_media_url":"https:\/\/www.hoymercedes.com.ar\/principal\/wp-content\/uploads\/2015\/08\/roboparestv.jpg","wps_subtitle":"Delincuencia y golpe comando","jetpack_sharing_enabled":true,"_links":{"self":[{"href":"https:\/\/www.hoymercedes.com.ar\/principal\/wp-json\/wp\/v2\/posts\/44238","targetHints":{"allow":["GET"]}}],"collection":[{"href":"https:\/\/www.hoymercedes.com.ar\/principal\/wp-json\/wp\/v2\/posts"}],"about":[{"href":"https:\/\/www.hoymercedes.com.ar\/principal\/wp-json\/wp\/v2\/types\/post"}],"author":[{"embeddable":true,"href":"https:\/\/www.hoymercedes.com.ar\/principal\/wp-json\/wp\/v2\/users\/1"}],"replies":[{"embeddable":true,"href":"https:\/\/www.hoymercedes.com.ar\/principal\/wp-json\/wp\/v2\/comments?post=44238"}],"version-history":[{"count":0,"href":"https:\/\/www.hoymercedes.com.ar\/principal\/wp-json\/wp\/v2\/posts\/44238\/revisions"}],"wp:featuredmedia":[{"embeddable":true,"href":"https:\/\/www.hoymercedes.com.ar\/principal\/wp-json\/wp\/v2\/media\/44239"}],"wp:attachment":[{"href":"https:\/\/www.hoymercedes.com.ar\/principal\/wp-json\/wp\/v2\/media?parent=44238"}],"wp:term":[{"taxonomy":"category","embeddable":true,"href":"https:\/\/www.hoymercedes.com.ar\/principal\/wp-json\/wp\/v2\/categories?post=44238"},{"taxonomy":"post_tag","embeddable":true,"href":"https:\/\/www.hoymercedes.com.ar\/principal\/wp-json\/wp\/v2\/tags?post=44238"}],"curies":[{"name":"wp","href":"https:\/\/api.w.org\/{rel}","templated":true}]}}