{"id":44244,"date":"2015-08-27T21:22:23","date_gmt":"2015-08-28T00:22:23","guid":{"rendered":"http:\/\/www.hoymercedes.com.ar\/principal\/?p=44244"},"modified":"2015-08-30T22:05:04","modified_gmt":"2015-08-31T01:05:04","slug":"petty-laporta-pide-por-el-mal-estado-de-la-calle-30-bis-en-su-prolongacion-hasta-gowland","status":"publish","type":"post","link":"https:\/\/www.hoymercedes.com.ar\/principal\/2015\/08\/27\/petty-laporta-pide-por-el-mal-estado-de-la-calle-30-bis-en-su-prolongacion-hasta-gowland\/","title":{"rendered":"\u201cPetty\u201d Laporta pide por el mal estado de la calle 30 bis en su prolongaci\u00f3n hasta Gowland"},"content":{"rendered":"<p><a href=\"https:\/\/www.hoymercedes.com.ar\/principal\/wp-content\/uploads\/2015\/08\/pettyfal.jpg\"><img loading=\"lazy\" decoding=\"async\" data-attachment-id=\"44245\" data-permalink=\"https:\/\/www.hoymercedes.com.ar\/principal\/2015\/08\/27\/petty-laporta-pide-por-el-mal-estado-de-la-calle-30-bis-en-su-prolongacion-hasta-gowland\/pettyfal\/#main\" data-orig-file=\"https:\/\/www.hoymercedes.com.ar\/principal\/wp-content\/uploads\/2015\/08\/pettyfal.jpg\" data-orig-size=\"620,368\" data-comments-opened=\"1\" data-image-meta=\"{&quot;aperture&quot;:&quot;0&quot;,&quot;credit&quot;:&quot;&quot;,&quot;camera&quot;:&quot;&quot;,&quot;caption&quot;:&quot;&quot;,&quot;created_timestamp&quot;:&quot;0&quot;,&quot;copyright&quot;:&quot;&quot;,&quot;focal_length&quot;:&quot;0&quot;,&quot;iso&quot;:&quot;0&quot;,&quot;shutter_speed&quot;:&quot;0&quot;,&quot;title&quot;:&quot;&quot;,&quot;orientation&quot;:&quot;0&quot;}\" data-image-title=\"pettyfal\" data-image-description=\"\" data-image-caption=\"\" data-large-file=\"https:\/\/www.hoymercedes.com.ar\/principal\/wp-content\/uploads\/2015\/08\/pettyfal.jpg\" class=\"Img2014 aligncenter wp-image-44245 size-full\" title=\"Pety Laporta, Lucas Fal\" src=\"https:\/\/www.hoymercedes.com.ar\/principal\/wp-content\/uploads\/2015\/08\/pettyfal.jpg\" alt=\"pettyfal\" width=\"620\" height=\"368\" srcset=\"https:\/\/www.hoymercedes.com.ar\/principal\/wp-content\/uploads\/2015\/08\/pettyfal.jpg 620w, https:\/\/www.hoymercedes.com.ar\/principal\/wp-content\/uploads\/2015\/08\/pettyfal-150x89.jpg 150w, https:\/\/www.hoymercedes.com.ar\/principal\/wp-content\/uploads\/2015\/08\/pettyfal-290x172.jpg 290w, https:\/\/www.hoymercedes.com.ar\/principal\/wp-content\/uploads\/2015\/08\/pettyfal-50x30.jpg 50w\" sizes=\"auto, (max-width: 620px) 100vw, 620px\" \/><\/a><\/p>\n<p><em><strong>\u00a0<\/strong><\/em><\/p>\n<p><em><strong>La vecina de Gowland y Agote, quien adem\u00e1s es candidata a concejal en cuarto termino por el Frente Cambiemos, mediante una petici\u00f3n particular, solicito ante el Concejo Deliberante, la mejora de la calle 30 bis desde la Ruta provincial 41 hasta su intersecci\u00f3n con la calle que conduce hacia la estancia \u201cEl Recuerdo\u201d y desde la calle 519\u00a0 desde 30 bis.<\/strong><\/em><\/p>\n<p>La edil mandato cumplido Aida Laporta, quien desde hace a\u00f1os est\u00e1 preocupada por las diferentes zonas rurales de la Ciudad, expres\u00f3 que \u201c tomando en consideraci\u00f3n lo dificultoso que se hace el poder transitar por dicha calle y m\u00e1s a\u00fan luego de las \u00faltimas lluvias que ha sufrido nuestro partido, y debido m\u00e1s aun por la falta de mantenimiento, recorriendo la zona he encontrado alcantarillas rotas, zanjas tapadas, sumado a ello la frondosa arboleda que impide el buen secado de las calles, es que solicitamos que se realicen los trabajos de mantenimiento de las calles, como as\u00ed tambi\u00e9n la limpieza de las zanjas y la limpieza de las zanjas que se encuentran cubiertas de basura. Por otro lado en la recorrida que pude hacer se observa que han cortado algunas ramas pero quien lo hizo no se encarg\u00f3 de sacarlas del lugar, dej\u00e1ndolas a la vera del camino lo que causa no solo un estorbo para la visi\u00f3n sino que tambi\u00e9n junta m\u00e1s basura a la existente\u201d<\/p>\n<p>Por otro lado, Petty, dijo que \u201cesta falta de mantenimiento de calles no es nada nuevo, por ejemplo ac\u00e1 en la prolongaci\u00f3n de la calle 30 bis hay basura y ramas desde febrero que nunca se juntaron, espero que los concejales tomen este proyecto y que el departamento ejecutivo realice el mantenimiento,\u00a0 por parte del frente cambiemos seguiremos hasta diciembre presentando peticiones particulares en el concejo cada vez que los vecinos nos hacen reclamos como este, pero estamos confiados de que a partir del 10 de diciembre el nuevo gobierno con Lucas Fal a la cabeza va a atender estos reclamos de la manera que los mercedinos esperan\u201d finalizo Laporta.<\/p>\n","protected":false},"excerpt":{"rendered":"<p>\u00a0 La vecina de Gowland y Agote, quien adem\u00e1s es candidata a concejal en cuarto termino por el Frente Cambiemos, &#8230; <a title=\"\u201cPetty\u201d Laporta pide por el mal estado de la calle 30 bis en su prolongaci\u00f3n hasta Gowland\" class=\"read-more\" href=\"https:\/\/www.hoymercedes.com.ar\/principal\/2015\/08\/27\/petty-laporta-pide-por-el-mal-estado-de-la-calle-30-bis-en-su-prolongacion-hasta-gowland\/\" aria-label=\"Leer m\u00e1s sobre \u201cPetty\u201d Laporta pide por el mal estado de la calle 30 bis en su prolongaci\u00f3n hasta Gowland\">Leer m\u00e1s<\/a><\/p>\n","protected":false},"author":1,"featured_media":44245,"comment_status":"open","ping_status":"open","sticky":false,"template":"","format":"standard","meta":{"_monsterinsights_skip_tracking":false,"_monsterinsights_sitenote_active":false,"_monsterinsights_sitenote_note":"","_monsterinsights_sitenote_category":0,"jetpack_post_was_ever_published":false,"_jetpack_newsletter_access":"","_jetpack_dont_email_post_to_subs":false,"_jetpack_newsletter_tier_id":0,"_jetpack_memberships_contains_paywalled_content":false,"_jetpack_memberships_contains_paid_content":false,"footnotes":"","jetpack_publicize_message":"","jetpack_publicize_feature_enabled":true,"jetpack_social_post_already_shared":true,"jetpack_social_options":{"image_generator_settings":{"template":"highway","default_image_id":0,"font":"","enabled":false},"version":2},"_wpas_customize_per_network":false},"categories":[5],"tags":[2008,7846],"class_list":["post-44244","post","type-post","status-publish","format-standard","has-post-thumbnail","hentry","category-politica","tag-lucas-fal","tag-petty-laporta","generate-columns","tablet-grid-50","mobile-grid-100","grid-parent","grid-50"],"jetpack_publicize_connections":[],"jetpack_featured_media_url":"https:\/\/www.hoymercedes.com.ar\/principal\/wp-content\/uploads\/2015\/08\/pettyfal.jpg","wps_subtitle":"Pensando en Octubre","jetpack_sharing_enabled":true,"jetpack-related-posts":[{"id":43077,"url":"https:\/\/www.hoymercedes.com.ar\/principal\/2015\/07\/13\/fal-y-petty-laporta-proponen-un-cic-de-24-horas-para-gowland-y-agote\/","url_meta":{"origin":44244,"position":0},"title":"Fal y \u201dPetty\u201d Laporta proponen un CIC de 24 horas para Gowland y Agote","author":"hoymercedes","date":"13 julio, 2015","format":false,"excerpt":"El candidato a Intendente, acompa\u00f1ado de quien integra el cuarto lugar en la lista de concejales la edil mandato cumplido \u201cPetty\u201d Laporta expresaron la necesidad de que en la zona de Gowland se ubique un CIC de atenci\u00f3n medica 24 horas. \u00a0 Tal como lo viene haciendo el Bio Ingeniero\u2026","rel":"","context":"En \u00abPol\u00edtica\u00bb","block_context":{"text":"Pol\u00edtica","link":"https:\/\/www.hoymercedes.com.ar\/principal\/category\/politica\/"},"img":{"alt_text":"","src":"https:\/\/i0.wp.com\/www.hoymercedes.com.ar\/principal\/wp-content\/uploads\/2015\/07\/fal-laporta1.jpg?resize=350%2C200&ssl=1","width":350,"height":200,"srcset":"https:\/\/i0.wp.com\/www.hoymercedes.com.ar\/principal\/wp-content\/uploads\/2015\/07\/fal-laporta1.jpg?resize=350%2C200&ssl=1 1x, https:\/\/i0.wp.com\/www.hoymercedes.com.ar\/principal\/wp-content\/uploads\/2015\/07\/fal-laporta1.jpg?resize=525%2C300&ssl=1 1.5x"},"classes":[]},{"id":125496,"url":"https:\/\/www.hoymercedes.com.ar\/principal\/2021\/02\/27\/licitaron-primera-etapa-de-asfalto-en-calle-34-hasta-ruta-41\/","url_meta":{"origin":44244,"position":1},"title":"Licitaron primera etapa de asfalto en calle 34 hasta Ruta 41","author":"hoymercedes","date":"27 febrero, 2021","format":false,"excerpt":"Informaci\u00f3n Municipal - El jueves por la tarde se firm\u00f3 el contrato tras la licitaci\u00f3n de la obra de asfalto de calle 34 desde avenida. 40 hasta ruta provincial 41. Esta obra se encuentra en el marco del Programa de Sostenimiento Vial de Redes Conexas para el fortalecimiento de la\u2026","rel":"","context":"En \u00abMunicipio\u00bb","block_context":{"text":"Municipio","link":"https:\/\/www.hoymercedes.com.ar\/principal\/category\/municipio\/"},"img":{"alt_text":"","src":"https:\/\/i0.wp.com\/www.hoymercedes.com.ar\/principal\/wp-content\/uploads\/2021\/02\/27-firma-asfalto.jpg?resize=350%2C200&ssl=1","width":350,"height":200,"srcset":"https:\/\/i0.wp.com\/www.hoymercedes.com.ar\/principal\/wp-content\/uploads\/2021\/02\/27-firma-asfalto.jpg?resize=350%2C200&ssl=1 1x, https:\/\/i0.wp.com\/www.hoymercedes.com.ar\/principal\/wp-content\/uploads\/2021\/02\/27-firma-asfalto.jpg?resize=525%2C300&ssl=1 1.5x, https:\/\/i0.wp.com\/www.hoymercedes.com.ar\/principal\/wp-content\/uploads\/2021\/02\/27-firma-asfalto.jpg?resize=700%2C400&ssl=1 2x"},"classes":[]},{"id":145518,"url":"https:\/\/www.hoymercedes.com.ar\/principal\/2022\/03\/18\/este-domingo-se-viene-la-gran-fiesta-del-arraigo-en-agote\/","url_meta":{"origin":44244,"position":2},"title":"Este domingo se viene la gran \u00abFiesta del Arraigo\u00bb en Agote","author":"hoymercedes","date":"18 marzo, 2022","format":false,"excerpt":"Este domingo 20 de marzo, a partir de las 11:00 horas, comenzar\u00e1 a desandarse esta fiesta popular que atrae a miles de vecinos de la zona. Es as\u00ed como este fin de semana llega una nueva edici\u00f3n de la Fiesta del Arraigo en la localidad de Agote, en el predio\u2026","rel":"","context":"En \u00abCultura\u00bb","block_context":{"text":"Cultura","link":"https:\/\/www.hoymercedes.com.ar\/principal\/category\/cultura\/"},"img":{"alt_text":"","src":"https:\/\/i0.wp.com\/www.hoymercedes.com.ar\/principal\/wp-content\/uploads\/2022\/03\/photo_2022-03-17_12-08-11.jpg?resize=350%2C200&ssl=1","width":350,"height":200,"srcset":"https:\/\/i0.wp.com\/www.hoymercedes.com.ar\/principal\/wp-content\/uploads\/2022\/03\/photo_2022-03-17_12-08-11.jpg?resize=350%2C200&ssl=1 1x, https:\/\/i0.wp.com\/www.hoymercedes.com.ar\/principal\/wp-content\/uploads\/2022\/03\/photo_2022-03-17_12-08-11.jpg?resize=525%2C300&ssl=1 1.5x, https:\/\/i0.wp.com\/www.hoymercedes.com.ar\/principal\/wp-content\/uploads\/2022\/03\/photo_2022-03-17_12-08-11.jpg?resize=700%2C400&ssl=1 2x, https:\/\/i0.wp.com\/www.hoymercedes.com.ar\/principal\/wp-content\/uploads\/2022\/03\/photo_2022-03-17_12-08-11.jpg?resize=1050%2C600&ssl=1 3x"},"classes":[]},{"id":123890,"url":"https:\/\/www.hoymercedes.com.ar\/principal\/2021\/01\/26\/se-licito-la-obra-de-asfaltado-que-unira-gowland-y-agote-con-mercedes\/","url_meta":{"origin":44244,"position":3},"title":"Se licit\u00f3 la obra de asfaltado que unir\u00e1 Gowland y Agote con Mercedes","author":"hoymercedes","date":"26 enero, 2021","format":false,"excerpt":"\u00a0 Ser\u00e1 en tres etapas. La licitaci\u00f3n p\u00fablica tuvo un presupuesto oficial de 117 millones de pesos. Las ofertas fueron todas por debajo. La obra, gestionada por el intendente Ustarroz y con apoyo del ministro De Pedro se efectuar\u00e1 con fondos del gobierno nacional.\u00a0 Licitaci\u00f3n P\u00fablica En 2020 el intendente\u2026","rel":"","context":"En \u00abMunicipio\u00bb","block_context":{"text":"Municipio","link":"https:\/\/www.hoymercedes.com.ar\/principal\/category\/municipio\/"},"img":{"alt_text":"","src":"https:\/\/i0.wp.com\/www.hoymercedes.com.ar\/principal\/wp-content\/uploads\/2021\/01\/Anidos-2.jpg?resize=350%2C200&ssl=1","width":350,"height":200,"srcset":"https:\/\/i0.wp.com\/www.hoymercedes.com.ar\/principal\/wp-content\/uploads\/2021\/01\/Anidos-2.jpg?resize=350%2C200&ssl=1 1x, https:\/\/i0.wp.com\/www.hoymercedes.com.ar\/principal\/wp-content\/uploads\/2021\/01\/Anidos-2.jpg?resize=525%2C300&ssl=1 1.5x, https:\/\/i0.wp.com\/www.hoymercedes.com.ar\/principal\/wp-content\/uploads\/2021\/01\/Anidos-2.jpg?resize=700%2C400&ssl=1 2x, https:\/\/i0.wp.com\/www.hoymercedes.com.ar\/principal\/wp-content\/uploads\/2021\/01\/Anidos-2.jpg?resize=1050%2C600&ssl=1 3x"},"classes":[]},{"id":48568,"url":"https:\/\/www.hoymercedes.com.ar\/principal\/2016\/04\/06\/cambiemos-pide-mejoras-en-acceso-a-entidades-educativas\/","url_meta":{"origin":44244,"position":4},"title":"Cambiemos pide mejoras en acceso a entidades educativas","author":"hoymercedes","date":"6 abril, 2016","format":false,"excerpt":"La concejal Aida Laporta, del Frente Cambiemos present\u00f3 un proyecto al Concejo Deliberante para realizar mejoras en\u00a0los accesos a las instituciones educativas de Gowland y Agote: el Jard\u00edn de Infantes 908 y Escuela de Educaci\u00f3n T\u00e9cnica N\u00ba 2. La edil remarca que estos accesos son \"sumamente transitadas por los alumnos\u2026","rel":"","context":"En \u00abPol\u00edtica\u00bb","block_context":{"text":"Pol\u00edtica","link":"https:\/\/www.hoymercedes.com.ar\/principal\/category\/politica\/"},"img":{"alt_text":"","src":"https:\/\/i0.wp.com\/www.hoymercedes.com.ar\/principal\/wp-content\/uploads\/2016\/04\/escuela.jpg?resize=350%2C200&ssl=1","width":350,"height":200,"srcset":"https:\/\/i0.wp.com\/www.hoymercedes.com.ar\/principal\/wp-content\/uploads\/2016\/04\/escuela.jpg?resize=350%2C200&ssl=1 1x, https:\/\/i0.wp.com\/www.hoymercedes.com.ar\/principal\/wp-content\/uploads\/2016\/04\/escuela.jpg?resize=525%2C300&ssl=1 1.5x"},"classes":[]},{"id":134875,"url":"https:\/\/www.hoymercedes.com.ar\/principal\/2021\/08\/07\/repavimentan-calles-de-gowland\/","url_meta":{"origin":44244,"position":5},"title":"Repavimentan calles de Gowland","author":"hoymercedes","date":"7 agosto, 2021","format":false,"excerpt":"Desde el Municipio de Mercedes anunciaron obras de bacheo y repavimentaci\u00f3n en las calles de la localidad rural Gowland. Las obras se realizan en calle 505 y calle 506, zona de acceso y alta transitabilidad de veh\u00edculos pesados. \u201cAc\u00e1 se est\u00e1 realizando un trabajo casi de repavimentaci\u00f3n m\u00e1s que bacheo\u2026","rel":"","context":"En \u00abMunicipio\u00bb","block_context":{"text":"Municipio","link":"https:\/\/www.hoymercedes.com.ar\/principal\/category\/municipio\/"},"img":{"alt_text":"","src":"https:\/\/i0.wp.com\/www.hoymercedes.com.ar\/principal\/wp-content\/uploads\/2021\/08\/07-obras-gowland-1.jpg?resize=350%2C200&ssl=1","width":350,"height":200,"srcset":"https:\/\/i0.wp.com\/www.hoymercedes.com.ar\/principal\/wp-content\/uploads\/2021\/08\/07-obras-gowland-1.jpg?resize=350%2C200&ssl=1 1x, https:\/\/i0.wp.com\/www.hoymercedes.com.ar\/principal\/wp-content\/uploads\/2021\/08\/07-obras-gowland-1.jpg?resize=525%2C300&ssl=1 1.5x, https:\/\/i0.wp.com\/www.hoymercedes.com.ar\/principal\/wp-content\/uploads\/2021\/08\/07-obras-gowland-1.jpg?resize=700%2C400&ssl=1 2x, https:\/\/i0.wp.com\/www.hoymercedes.com.ar\/principal\/wp-content\/uploads\/2021\/08\/07-obras-gowland-1.jpg?resize=1050%2C600&ssl=1 3x"},"classes":[]}],"_links":{"self":[{"href":"https:\/\/www.hoymercedes.com.ar\/principal\/wp-json\/wp\/v2\/posts\/44244","targetHints":{"allow":["GET"]}}],"collection":[{"href":"https:\/\/www.hoymercedes.com.ar\/principal\/wp-json\/wp\/v2\/posts"}],"about":[{"href":"https:\/\/www.hoymercedes.com.ar\/principal\/wp-json\/wp\/v2\/types\/post"}],"author":[{"embeddable":true,"href":"https:\/\/www.hoymercedes.com.ar\/principal\/wp-json\/wp\/v2\/users\/1"}],"replies":[{"embeddable":true,"href":"https:\/\/www.hoymercedes.com.ar\/principal\/wp-json\/wp\/v2\/comments?post=44244"}],"version-history":[{"count":0,"href":"https:\/\/www.hoymercedes.com.ar\/principal\/wp-json\/wp\/v2\/posts\/44244\/revisions"}],"wp:featuredmedia":[{"embeddable":true,"href":"https:\/\/www.hoymercedes.com.ar\/principal\/wp-json\/wp\/v2\/media\/44245"}],"wp:attachment":[{"href":"https:\/\/www.hoymercedes.com.ar\/principal\/wp-json\/wp\/v2\/media?parent=44244"}],"wp:term":[{"taxonomy":"category","embeddable":true,"href":"https:\/\/www.hoymercedes.com.ar\/principal\/wp-json\/wp\/v2\/categories?post=44244"},{"taxonomy":"post_tag","embeddable":true,"href":"https:\/\/www.hoymercedes.com.ar\/principal\/wp-json\/wp\/v2\/tags?post=44244"}],"curies":[{"name":"wp","href":"https:\/\/api.w.org\/{rel}","templated":true}]}}