{"id":44275,"date":"2015-08-29T22:44:46","date_gmt":"2015-08-30T01:44:46","guid":{"rendered":"http:\/\/www.hoymercedes.com.ar\/principal\/?p=44275"},"modified":"2015-08-30T22:06:00","modified_gmt":"2015-08-31T01:06:00","slug":"reconocimientos-para-aspirantes-que-trabajaron-en-las-inundaciones","status":"publish","type":"post","link":"https:\/\/www.hoymercedes.com.ar\/principal\/2015\/08\/29\/reconocimientos-para-aspirantes-que-trabajaron-en-las-inundaciones\/","title":{"rendered":"Reconocimientos para aspirantes que trabajaron en las inundaciones"},"content":{"rendered":"<p><a href=\"https:\/\/www.hoymercedes.com.ar\/principal\/wp-content\/uploads\/2015\/08\/reconocimiento.policialocal.jpg\"><img loading=\"lazy\" decoding=\"async\" data-attachment-id=\"44276\" data-permalink=\"https:\/\/www.hoymercedes.com.ar\/principal\/2015\/08\/29\/reconocimientos-para-aspirantes-que-trabajaron-en-las-inundaciones\/reconocimiento-policialocal\/#main\" data-orig-file=\"https:\/\/www.hoymercedes.com.ar\/principal\/wp-content\/uploads\/2015\/08\/reconocimiento.policialocal.jpg\" data-orig-size=\"620,359\" data-comments-opened=\"1\" data-image-meta=\"{&quot;aperture&quot;:&quot;0&quot;,&quot;credit&quot;:&quot;&quot;,&quot;camera&quot;:&quot;&quot;,&quot;caption&quot;:&quot;&quot;,&quot;created_timestamp&quot;:&quot;0&quot;,&quot;copyright&quot;:&quot;&quot;,&quot;focal_length&quot;:&quot;0&quot;,&quot;iso&quot;:&quot;0&quot;,&quot;shutter_speed&quot;:&quot;0&quot;,&quot;title&quot;:&quot;&quot;,&quot;orientation&quot;:&quot;0&quot;}\" data-image-title=\"reconocimiento.policialocal\" data-image-description=\"\" data-image-caption=\"\" data-large-file=\"https:\/\/www.hoymercedes.com.ar\/principal\/wp-content\/uploads\/2015\/08\/reconocimiento.policialocal.jpg\" class=\"Img2014 aligncenter wp-image-44276 size-full\" src=\"https:\/\/www.hoymercedes.com.ar\/principal\/wp-content\/uploads\/2015\/08\/reconocimiento.policialocal.jpg\" alt=\"reconocimiento.policialocal\" width=\"620\" height=\"359\" srcset=\"https:\/\/www.hoymercedes.com.ar\/principal\/wp-content\/uploads\/2015\/08\/reconocimiento.policialocal.jpg 620w, https:\/\/www.hoymercedes.com.ar\/principal\/wp-content\/uploads\/2015\/08\/reconocimiento.policialocal-150x87.jpg 150w, https:\/\/www.hoymercedes.com.ar\/principal\/wp-content\/uploads\/2015\/08\/reconocimiento.policialocal-290x168.jpg 290w, https:\/\/www.hoymercedes.com.ar\/principal\/wp-content\/uploads\/2015\/08\/reconocimiento.policialocal-50x29.jpg 50w\" sizes=\"auto, (max-width: 620px) 100vw, 620px\" \/><\/a><\/p>\n<p><strong><em>El viernes por la tarde el intendente Carlos Selva entreg\u00f3 un reconocimiento a m\u00e1s de 150 aspirantes a la Polic\u00eda Local que trabajaron en el operativo de las inundaciones que asolaron la ciudad en las \u00faltimas semanas.<\/em><\/strong><\/p>\n<p>En el \u00faltimo proceso de inundaci\u00f3n de la ciudad por el desborde del r\u00edo Luj\u00e1n afloraron dos cosas: el denodado trabajo de Estado municipal y la solidaridad de muchas personas que colaboraron de diferente manera con aquellos mercedinos que la estaban pasando mal.<\/p>\n<p>Esta colaboraci\u00f3n tambi\u00e9n se vio reflejada en el trabajo que realizaron m\u00e1s de 170 aspirantes de la Polic\u00eda Local. Los j\u00f3venes fueron parte de los recursos humanos con los que dispuso la Municipalidad para poder hacer frente a los enormes desaf\u00edos que signific\u00f3 esta inundaci\u00f3n hist\u00f3rica para Mercedes.<\/p>\n<p>El intendente entreg\u00f3 estos reconocimientos en el play\u00f3n del Instituto Unzu\u00e9, acompa\u00f1ado del presidente del Concejo Deliberante Marcelo Den\u00e1pole, el secretario de Control Urbano Daniel Loch, el director de Seguridad Esteban Rossi, la presidente del Consejo Escolar Magui Oliva y el concejal Carlos Milhomme. Selva agradeci\u00f3 el compromiso de los aspirantes durante la inundaci\u00f3n, pero tambi\u00e9n destac\u00f3 la labor que realizaron los d\u00edas posteriores con el operativo \u201cVuelta a casa\u201d.<\/p>\n","protected":false},"excerpt":{"rendered":"<p>El viernes por la tarde el intendente Carlos Selva entreg\u00f3 un reconocimiento a m\u00e1s de 150 aspirantes a la Polic\u00eda &#8230; <a title=\"Reconocimientos para aspirantes que trabajaron en las inundaciones\" class=\"read-more\" href=\"https:\/\/www.hoymercedes.com.ar\/principal\/2015\/08\/29\/reconocimientos-para-aspirantes-que-trabajaron-en-las-inundaciones\/\" aria-label=\"Leer m\u00e1s sobre Reconocimientos para aspirantes que trabajaron en las inundaciones\">Leer m\u00e1s<\/a><\/p>\n","protected":false},"author":1,"featured_media":44276,"comment_status":"open","ping_status":"open","sticky":false,"template":"","format":"standard","meta":{"_monsterinsights_skip_tracking":false,"_monsterinsights_sitenote_active":false,"_monsterinsights_sitenote_note":"","_monsterinsights_sitenote_category":0,"jetpack_post_was_ever_published":false,"_jetpack_newsletter_access":"","_jetpack_dont_email_post_to_subs":false,"_jetpack_newsletter_tier_id":0,"_jetpack_memberships_contains_paywalled_content":false,"_jetpack_memberships_contains_paid_content":false,"footnotes":"","jetpack_publicize_message":"","jetpack_publicize_feature_enabled":true,"jetpack_social_post_already_shared":true,"jetpack_social_options":{"image_generator_settings":{"template":"highway","default_image_id":0,"font":"","enabled":false},"version":2},"_wpas_customize_per_network":false},"categories":[30],"tags":[7853,7854,7852],"class_list":["post-44275","post","type-post","status-publish","format-standard","has-post-thumbnail","hentry","category-municipio","tag-indundaciones","tag-policia-local","tag-reconocimiento","generate-columns","tablet-grid-50","mobile-grid-100","grid-parent","grid-50"],"jetpack_publicize_connections":[],"jetpack_featured_media_url":"https:\/\/www.hoymercedes.com.ar\/principal\/wp-content\/uploads\/2015\/08\/reconocimiento.policialocal.jpg","wps_subtitle":"Selva, Den\u00e1pole y funcionarios","jetpack_sharing_enabled":true,"_links":{"self":[{"href":"https:\/\/www.hoymercedes.com.ar\/principal\/wp-json\/wp\/v2\/posts\/44275","targetHints":{"allow":["GET"]}}],"collection":[{"href":"https:\/\/www.hoymercedes.com.ar\/principal\/wp-json\/wp\/v2\/posts"}],"about":[{"href":"https:\/\/www.hoymercedes.com.ar\/principal\/wp-json\/wp\/v2\/types\/post"}],"author":[{"embeddable":true,"href":"https:\/\/www.hoymercedes.com.ar\/principal\/wp-json\/wp\/v2\/users\/1"}],"replies":[{"embeddable":true,"href":"https:\/\/www.hoymercedes.com.ar\/principal\/wp-json\/wp\/v2\/comments?post=44275"}],"version-history":[{"count":0,"href":"https:\/\/www.hoymercedes.com.ar\/principal\/wp-json\/wp\/v2\/posts\/44275\/revisions"}],"wp:featuredmedia":[{"embeddable":true,"href":"https:\/\/www.hoymercedes.com.ar\/principal\/wp-json\/wp\/v2\/media\/44276"}],"wp:attachment":[{"href":"https:\/\/www.hoymercedes.com.ar\/principal\/wp-json\/wp\/v2\/media?parent=44275"}],"wp:term":[{"taxonomy":"category","embeddable":true,"href":"https:\/\/www.hoymercedes.com.ar\/principal\/wp-json\/wp\/v2\/categories?post=44275"},{"taxonomy":"post_tag","embeddable":true,"href":"https:\/\/www.hoymercedes.com.ar\/principal\/wp-json\/wp\/v2\/tags?post=44275"}],"curies":[{"name":"wp","href":"https:\/\/api.w.org\/{rel}","templated":true}]}}