{"id":44294,"date":"2015-08-30T22:04:10","date_gmt":"2015-08-31T01:04:10","guid":{"rendered":"http:\/\/www.hoymercedes.com.ar\/principal\/?p=44294"},"modified":"2015-08-31T22:44:27","modified_gmt":"2015-09-01T01:44:27","slug":"lucas-fal-vamos-a-gobernar-con-ideas-decencia-y-honradez","status":"publish","type":"post","link":"https:\/\/www.hoymercedes.com.ar\/principal\/2015\/08\/30\/lucas-fal-vamos-a-gobernar-con-ideas-decencia-y-honradez\/","title":{"rendered":"Lucas Fal: \u201cVamos a gobernar con ideas, decencia y honradez\u201d"},"content":{"rendered":"<p>&nbsp;<\/p>\n<p><em><strong>\u201cVamos a gobernar con ideas, decencia y honradez\u201d, Lo dijo el candidato a Intendente Lucas Fal, quien a menos de 60\u00a0idas\u00a0de las elecciones generales se\u00a0muestra confiado, que el trabajo que viene realizando lo llevara a ser el pr\u00f3ximo Jefe Comunal.<\/strong><\/em><\/p>\n<p>El Frente Cambiemos, sumados los votos de los cuatro competidores por ese espacio, fue en Mercedes la fuerza que m\u00e1s votos capto, a nivel nacional, provincial y municipal, esa interna muestra hoy un candidato, quien fuera el claro vencedor que es Fal. El Bio Ingeniero tiene esperanza de que los vecinos de Mercedes lo elegir\u00e1n como el pr\u00f3ximo encargado de estar al frente del ejecutivo local; \u201cEstamos a 60 d\u00edas de elegir el intendente de la ciudad y vemos con\u00a0claridad que hay dos opciones: La C\u00e1mpora o el Frente Cambiemos. Las\u00a0PASO dejaron tambi\u00e9n dos mensajes claros: Una gran parte de la poblaci\u00f3n<br \/>\nest\u00e1 cansada de la pelea est\u00e9ril de estos \u00faltimos cuatro a\u00f1os y los\u00a0mercedinos eligieron a aquellos candidatos que hacemos propuestas para\u00a0el futuro\u201d sostuvo.<br \/>\nMuchas han sido las especulaciones que se hicieron o se tejieron en torno a los integrantes de Cambiemos, y cuando nac\u00edan\u00a0 las especulaciones Fal se mostr\u00f3 p\u00fablicamente junto a integrantes de las dem\u00e1s listas, echando por tierra cualquier tipo de especulaci\u00f3n, al respecto dijo \u201cEl Frente Cambiemos est\u00e1 unido y compacto. Cuando hablo del Frente\u00a0Cambiemos no hablo de algunos dirigentes sino del conjunto de vecinos,\u00a0todos, los que no quieren dejar a la ciudad en manos de quienes\u00a0administran los fondos p\u00fablicos a su antojo. Hay candidatos que\u00a0confunden actos de gobierno con campa\u00f1a pol\u00edtica. La gente est\u00e1 harta de\u00a0la propaganda y de las promesas que no se cumplen. Hace cuatro a\u00f1os que<br \/>\nlos mercedinos vivimos entre las promesas incumplidas de un lado y la\u00a0falta de gobierno por el otro.\u201d<\/p>\n<p>A menos de dos meses de saber qui\u00e9n ser\u00e1 el que reemplace a Carlos Selva, se comienza a hablar de cu\u00e1l ser\u00e1 la forma que adopte el pr\u00f3ximo gobierno y m\u00e1s all\u00e1 del nombre del pr\u00f3ximo Intendente que no saldr\u00e1 de los cuatro candidatos que han superado las PASO, en relaci\u00f3n a esto y a la campa\u00f1a que ya ha comenzado\u00a0 Fal dijo \u201cMuchos profesionales se est\u00e1n comunicando con nosotros, con ideas y\u00a0aportes para una ciudad mejor. Tenemos equipos preparados para gobernar.\u00a0Tenemos vecinos de todos los partidos pol\u00edticos que quieren participar\u00a0del Frente Cambiemos y de un eventual futuro gabinete municipal. La\u00a0gente conf\u00eda en nuestra palabra, saben que lo que decimos es una propuesta totalmente realizable y que adem\u00e1s de estar preparados para llevarla adelante tenemos las ganas para hacerlo realidad. Nosotros vamos a gobernar con ideas, decencia y honradez. Vamos a\u00a0gobernar como hemos llevado a cabo nuestra campa\u00f1a: Austera,\u00a0transparente y eficiente\u201d concluyo el joven candidato.<\/p>\n","protected":false},"excerpt":{"rendered":"<p>&nbsp; \u201cVamos a gobernar con ideas, decencia y honradez\u201d, Lo dijo el candidato a Intendente Lucas Fal, quien a menos &#8230; <a title=\"Lucas Fal: \u201cVamos a gobernar con ideas, decencia y honradez\u201d\" class=\"read-more\" href=\"https:\/\/www.hoymercedes.com.ar\/principal\/2015\/08\/30\/lucas-fal-vamos-a-gobernar-con-ideas-decencia-y-honradez\/\" aria-label=\"Leer m\u00e1s sobre Lucas Fal: \u201cVamos a gobernar con ideas, decencia y honradez\u201d\">Leer m\u00e1s<\/a><\/p>\n","protected":false},"author":1,"featured_media":42870,"comment_status":"open","ping_status":"open","sticky":false,"template":"","format":"standard","meta":{"_monsterinsights_skip_tracking":false,"_monsterinsights_sitenote_active":false,"_monsterinsights_sitenote_note":"","_monsterinsights_sitenote_category":0,"jetpack_post_was_ever_published":false,"_jetpack_newsletter_access":"","_jetpack_dont_email_post_to_subs":false,"_jetpack_newsletter_tier_id":0,"_jetpack_memberships_contains_paywalled_content":false,"_jetpack_memberships_contains_paid_content":false,"footnotes":"","jetpack_publicize_message":"","jetpack_publicize_feature_enabled":true,"jetpack_social_post_already_shared":true,"jetpack_social_options":{"image_generator_settings":{"template":"highway","default_image_id":0,"font":"","enabled":false},"version":2},"_wpas_customize_per_network":false},"categories":[5],"tags":[2008],"class_list":["post-44294","post","type-post","status-publish","format-standard","has-post-thumbnail","hentry","category-politica","tag-lucas-fal","generate-columns","tablet-grid-50","mobile-grid-100","grid-parent","grid-50"],"jetpack_publicize_connections":[],"jetpack_featured_media_url":"https:\/\/www.hoymercedes.com.ar\/principal\/wp-content\/uploads\/2015\/07\/lucasfal.jpg","wps_subtitle":"Elecciones 2015","jetpack_sharing_enabled":true,"jetpack-related-posts":[{"id":128866,"url":"https:\/\/www.hoymercedes.com.ar\/principal\/2021\/04\/25\/el-centro-de-ingenieros-recuerda-a-lucas-fal\/","url_meta":{"origin":44294,"position":0},"title":"El Centro de Ingenieros recuerda a Lucas Fal","author":"hoymercedes","date":"25 abril, 2021","format":false,"excerpt":"El venidero 29 de abril se cumplen cinco a\u00f1os del fallecimiento del Ingeniero Lucas Fal. Desde el Centro de Ingenieros de Mercedes hicieron p\u00fablico un recuerdo que resalta \"el amor a la familia\", su \"capacidad profesional\" y su \"enorme vocaci\u00f3n de servicio\". Cabe recordar que Lucas Fal falleci\u00f3 en abril\u2026","rel":"","context":"En \u00abSociedad\u00bb","block_context":{"text":"Sociedad","link":"https:\/\/www.hoymercedes.com.ar\/principal\/category\/sociedad\/"},"img":{"alt_text":"","src":"https:\/\/i0.wp.com\/www.hoymercedes.com.ar\/principal\/wp-content\/uploads\/2016\/04\/LucasFal.jpg?resize=350%2C200&ssl=1","width":350,"height":200,"srcset":"https:\/\/i0.wp.com\/www.hoymercedes.com.ar\/principal\/wp-content\/uploads\/2016\/04\/LucasFal.jpg?resize=350%2C200&ssl=1 1x, https:\/\/i0.wp.com\/www.hoymercedes.com.ar\/principal\/wp-content\/uploads\/2016\/04\/LucasFal.jpg?resize=525%2C300&ssl=1 1.5x"},"classes":[]},{"id":45514,"url":"https:\/\/www.hoymercedes.com.ar\/principal\/2015\/10\/22\/lucas-fal-propone-cambiemos-va-a-ganar-en-mercedes\/","url_meta":{"origin":44294,"position":1},"title":"Lucas Fal propone: \u201cCambiemos va a ganar en Mercedes\u201d","author":"hoymercedes","date":"22 octubre, 2015","format":false,"excerpt":"\u00a0 A solo tres d\u00edas de las elecciones, el candidato del Frente Cambiemos, Lucas Fal, se muestra muy optimista de cara al domingo, \u201cestamos muy contentos de como est\u00e1 finalizando la campa\u00f1a. Hemos dado nuestro m\u00e1ximo esfuerzo, realmente caminamos toda la ciudad y sentimos el acompa\u00f1amiento de la gente\u201d sostuvo.\u2026","rel":"","context":"En \u00abPol\u00edtica\u00bb","block_context":{"text":"Pol\u00edtica","link":"https:\/\/www.hoymercedes.com.ar\/principal\/category\/politica\/"},"img":{"alt_text":"","src":"https:\/\/i0.wp.com\/www.hoymercedes.com.ar\/principal\/wp-content\/uploads\/2015\/10\/LucasFal-Cambiemos.jpg?resize=350%2C200&ssl=1","width":350,"height":200,"srcset":"https:\/\/i0.wp.com\/www.hoymercedes.com.ar\/principal\/wp-content\/uploads\/2015\/10\/LucasFal-Cambiemos.jpg?resize=350%2C200&ssl=1 1x, https:\/\/i0.wp.com\/www.hoymercedes.com.ar\/principal\/wp-content\/uploads\/2015\/10\/LucasFal-Cambiemos.jpg?resize=525%2C300&ssl=1 1.5x"},"classes":[]},{"id":49363,"url":"https:\/\/www.hoymercedes.com.ar\/principal\/2016\/04\/29\/fallecio-lucas-fal\/","url_meta":{"origin":44294,"position":2},"title":"Falleci\u00f3 Lucas Fal","author":"hoymercedes","date":"29 abril, 2016","format":false,"excerpt":"\u00a0 El dirigente radical Lucas Fal muri\u00f3 este viernes en la ciudad de La Plata a causa de un trastorno severo de car\u00f3tida sufrido el jueves 21. Tras diversas intervenciones quir\u00fargicas, hab\u00eda mostrado una leve mejor\u00eda, aunque el desenlace fue el no esperado. Hondo pesar en la comunidad que llora\u2026","rel":"","context":"En \u00abSociedad\u00bb","block_context":{"text":"Sociedad","link":"https:\/\/www.hoymercedes.com.ar\/principal\/category\/sociedad\/"},"img":{"alt_text":"","src":"https:\/\/i0.wp.com\/www.hoymercedes.com.ar\/principal\/wp-content\/uploads\/2015\/09\/LucasFal-2015.jpg?resize=350%2C200&ssl=1","width":350,"height":200,"srcset":"https:\/\/i0.wp.com\/www.hoymercedes.com.ar\/principal\/wp-content\/uploads\/2015\/09\/LucasFal-2015.jpg?resize=350%2C200&ssl=1 1x, https:\/\/i0.wp.com\/www.hoymercedes.com.ar\/principal\/wp-content\/uploads\/2015\/09\/LucasFal-2015.jpg?resize=525%2C300&ssl=1 1.5x"},"classes":[]},{"id":44803,"url":"https:\/\/www.hoymercedes.com.ar\/principal\/2015\/09\/24\/lucas-fal-recorre-la-ciudad-junto-a-su-equipo-del-frente-cambiemos\/","url_meta":{"origin":44294,"position":3},"title":"Lucas Fal recorre la ciudad junto a su equipo del \u00abFrente Cambiemos\u00bb","author":"hoymercedes","date":"24 septiembre, 2015","format":false,"excerpt":"El candidato a intendente por el Frente Cambiemos, el ing. Lucas Fal, recorre desde hace unas semanas distintos barrios de la ciudad. Junto a los candidatos a concejales y consejeros escolares escuchando las demandas de los vecinos y explicando su plan de gesti\u00f3n que llevaran adelante si ganan la elecci\u00f3n\u2026","rel":"","context":"En \u00abPol\u00edtica\u00bb","block_context":{"text":"Pol\u00edtica","link":"https:\/\/www.hoymercedes.com.ar\/principal\/category\/politica\/"},"img":{"alt_text":"","src":"https:\/\/i0.wp.com\/www.hoymercedes.com.ar\/principal\/wp-content\/uploads\/2015\/09\/fal.recorrida-2jpg.jpg?resize=350%2C200&ssl=1","width":350,"height":200,"srcset":"https:\/\/i0.wp.com\/www.hoymercedes.com.ar\/principal\/wp-content\/uploads\/2015\/09\/fal.recorrida-2jpg.jpg?resize=350%2C200&ssl=1 1x, https:\/\/i0.wp.com\/www.hoymercedes.com.ar\/principal\/wp-content\/uploads\/2015\/09\/fal.recorrida-2jpg.jpg?resize=525%2C300&ssl=1 1.5x"},"classes":[]},{"id":45668,"url":"https:\/\/www.hoymercedes.com.ar\/principal\/2015\/10\/29\/lucas-fal-no-vamos-a-crear-un-municipio-paralelo\/","url_meta":{"origin":44294,"position":4},"title":"Lucas Fal: \u00abno vamos a crear un municipio paralelo\u00bb","author":"hoymercedes","date":"29 octubre, 2015","format":false,"excerpt":"El ex candidato a intendente por el Frente Cambiemo, Lucas Fal, brind\u00f3 una conferencia de prensa junto a los concejales electos Albini,\u00a0 Repetto,\u00a0Killmeate y\u00a0Aida \u201cPetty\u201d Laporta y la consejera electa\u00a0Ana Darritchon a los que se sumaron quienes pasar\u00e1n a conformar un bloque desde el 2016 en Cambiemos Ben\u00edtez y Badano.\u2026","rel":"","context":"En \u00abPol\u00edtica\u00bb","block_context":{"text":"Pol\u00edtica","link":"https:\/\/www.hoymercedes.com.ar\/principal\/category\/politica\/"},"img":{"alt_text":"","src":"https:\/\/i0.wp.com\/www.hoymercedes.com.ar\/principal\/wp-content\/uploads\/2015\/10\/LucasFal.jpg?resize=350%2C200&ssl=1","width":350,"height":200,"srcset":"https:\/\/i0.wp.com\/www.hoymercedes.com.ar\/principal\/wp-content\/uploads\/2015\/10\/LucasFal.jpg?resize=350%2C200&ssl=1 1x, https:\/\/i0.wp.com\/www.hoymercedes.com.ar\/principal\/wp-content\/uploads\/2015\/10\/LucasFal.jpg?resize=525%2C300&ssl=1 1.5x"},"classes":[]},{"id":42610,"url":"https:\/\/www.hoymercedes.com.ar\/principal\/2015\/06\/25\/lucas-fal-con-criticas-e-ideas-de-gestion-se-lanzo-a-la-intendencia\/","url_meta":{"origin":44294,"position":5},"title":"Lucas Fal, con cr\u00edticas, ideas de gesti\u00f3n e importante visita se lanz\u00f3 a la intendencia","author":"hoymercedes","date":"25 junio, 2015","format":false,"excerpt":"\u00a0 Desde el \u201cFrente Cambiemos\u201d y en la Uni\u00f3n C\u00edvica Radical el pre candidato Lucas Fal se lanz\u00f3 con miras a las PASO que lo tendr\u00e1 como protagonista en las pr\u00f3ximas elecciones de agosto. En el acto, con m\u00e1s de 300 asistentes, estuvieron todos los integrantes de la lista y\u2026","rel":"","context":"En \u00abPol\u00edtica\u00bb","block_context":{"text":"Pol\u00edtica","link":"https:\/\/www.hoymercedes.com.ar\/principal\/category\/politica\/"},"img":{"alt_text":"","src":"https:\/\/i0.wp.com\/www.hoymercedes.com.ar\/principal\/wp-content\/uploads\/2015\/06\/FAL024.jpg?resize=350%2C200&ssl=1","width":350,"height":200,"srcset":"https:\/\/i0.wp.com\/www.hoymercedes.com.ar\/principal\/wp-content\/uploads\/2015\/06\/FAL024.jpg?resize=350%2C200&ssl=1 1x, https:\/\/i0.wp.com\/www.hoymercedes.com.ar\/principal\/wp-content\/uploads\/2015\/06\/FAL024.jpg?resize=525%2C300&ssl=1 1.5x"},"classes":[]}],"_links":{"self":[{"href":"https:\/\/www.hoymercedes.com.ar\/principal\/wp-json\/wp\/v2\/posts\/44294","targetHints":{"allow":["GET"]}}],"collection":[{"href":"https:\/\/www.hoymercedes.com.ar\/principal\/wp-json\/wp\/v2\/posts"}],"about":[{"href":"https:\/\/www.hoymercedes.com.ar\/principal\/wp-json\/wp\/v2\/types\/post"}],"author":[{"embeddable":true,"href":"https:\/\/www.hoymercedes.com.ar\/principal\/wp-json\/wp\/v2\/users\/1"}],"replies":[{"embeddable":true,"href":"https:\/\/www.hoymercedes.com.ar\/principal\/wp-json\/wp\/v2\/comments?post=44294"}],"version-history":[{"count":0,"href":"https:\/\/www.hoymercedes.com.ar\/principal\/wp-json\/wp\/v2\/posts\/44294\/revisions"}],"wp:featuredmedia":[{"embeddable":true,"href":"https:\/\/www.hoymercedes.com.ar\/principal\/wp-json\/wp\/v2\/media\/42870"}],"wp:attachment":[{"href":"https:\/\/www.hoymercedes.com.ar\/principal\/wp-json\/wp\/v2\/media?parent=44294"}],"wp:term":[{"taxonomy":"category","embeddable":true,"href":"https:\/\/www.hoymercedes.com.ar\/principal\/wp-json\/wp\/v2\/categories?post=44294"},{"taxonomy":"post_tag","embeddable":true,"href":"https:\/\/www.hoymercedes.com.ar\/principal\/wp-json\/wp\/v2\/tags?post=44294"}],"curies":[{"name":"wp","href":"https:\/\/api.w.org\/{rel}","templated":true}]}}