{"id":44322,"date":"2015-08-31T22:08:05","date_gmt":"2015-09-01T01:08:05","guid":{"rendered":"http:\/\/www.hoymercedes.com.ar\/principal\/?p=44322"},"modified":"2015-09-01T22:51:24","modified_gmt":"2015-09-02T01:51:24","slug":"de-pedro-la-recuperacion-de-la-nieta-117-es-parte-de-la-reconstruccion-de-la-argentina","status":"publish","type":"post","link":"https:\/\/www.hoymercedes.com.ar\/principal\/2015\/08\/31\/de-pedro-la-recuperacion-de-la-nieta-117-es-parte-de-la-reconstruccion-de-la-argentina\/","title":{"rendered":"De Pedro: \u00abLa recuperaci\u00f3n de la nieta 117 es parte de la reconstrucci\u00f3n de la Argentina\u00bb"},"content":{"rendered":"<p><em><strong>El secretario general de la Presidencia, Eduardo Wado de Pedro, se refiri\u00f3 de esta manera a la restituci\u00f3n de la identidad de la nieta n\u00famero 117. \u00abEs un hecho para festejar junto a las Madres y las Abuelas\u00bb, agreg\u00f3.<\/strong><\/em><\/p>\n<p>El secretario General de la Presidencia, Eduardo \u201cWado\u201d de Pedro, se\u00f1al\u00f3 hoy que la recuperaci\u00f3n de la nieta 117 \u201ces parte de la reconstrucci\u00f3n de Argentina\u00bb, y eso constituye \u201cun hecho para festejar junto a las Madres y las Abuelas que tanto lucharon\u00bb por la restituci\u00f3n de la identidad de los hijos de desaparecidos.<\/p>\n<p>\u201cEs un d\u00eda para festejar y estar contentos. Esto forma parte de la recuperaci\u00f3n de Argentina que se viene dando desde 2003. Peleamos durante muchos a\u00f1os por la conquista del camino de la Justicia y ac\u00e1 est\u00e1n los resultados\u201d, se\u00f1al\u00f3 en di\u00e1logo con T\u00e9lam De Pedro, quien integr\u00f3 la Agrupaci\u00f3n H.I.J.O.S.<\/p>\n<p>En tanto, el funcionario prefiri\u00f3 no entrar en controversias con los sectores que bregan por una pol\u00edtica de \u201creconciliaci\u00f3n\u201d con los antiguos agentes del terrorismo de Estado.<\/p>\n<p>\u201cSi hay gente que entiende la pol\u00edtica de Memoria, Verdad y Justicia como una cuesti\u00f3n de oportunismo, all\u00e1 ellos. Para nosotros, esta recuperaci\u00f3n nos demuestra que los argentinos, cuando tenemos objetivos claros, somos constantes\u201d, recalc\u00f3 el ex diputado nacional.<\/p>\n<p>Y en ese sentido, puntualiz\u00f3: \u201cEl ejemplo de nuestra lucha son las Madres y las Abuelas, que nunca se resignaron a seguir adelante. Ellas son un ejemplo para la sociedad\u201d.<\/p>\n<p>Agencia Tel\u00e1m<\/p>\n","protected":false},"excerpt":{"rendered":"<p>El secretario general de la Presidencia, Eduardo Wado de Pedro, se refiri\u00f3 de esta manera a la restituci\u00f3n de la &#8230; <a title=\"De Pedro: \u00abLa recuperaci\u00f3n de la nieta 117 es parte de la reconstrucci\u00f3n de la Argentina\u00bb\" class=\"read-more\" href=\"https:\/\/www.hoymercedes.com.ar\/principal\/2015\/08\/31\/de-pedro-la-recuperacion-de-la-nieta-117-es-parte-de-la-reconstruccion-de-la-argentina\/\" aria-label=\"Leer m\u00e1s sobre De Pedro: \u00abLa recuperaci\u00f3n de la nieta 117 es parte de la reconstrucci\u00f3n de la Argentina\u00bb\">Leer m\u00e1s<\/a><\/p>\n","protected":false},"author":1,"featured_media":35179,"comment_status":"open","ping_status":"open","sticky":false,"template":"","format":"standard","meta":{"_monsterinsights_skip_tracking":false,"_monsterinsights_sitenote_active":false,"_monsterinsights_sitenote_note":"","_monsterinsights_sitenote_category":0,"jetpack_post_was_ever_published":false,"_jetpack_newsletter_access":"","_jetpack_dont_email_post_to_subs":false,"_jetpack_newsletter_tier_id":0,"_jetpack_memberships_contains_paywalled_content":false,"_jetpack_memberships_contains_paid_content":false,"footnotes":"","jetpack_publicize_message":"","jetpack_publicize_feature_enabled":true,"jetpack_social_post_already_shared":true,"jetpack_social_options":{"image_generator_settings":{"template":"highway","default_image_id":0,"font":"","enabled":false},"version":2},"_wpas_customize_per_network":false},"categories":[8],"tags":[7863,7862,281],"class_list":["post-44322","post","type-post","status-publish","format-standard","has-post-thumbnail","hentry","category-sociedad","tag-abuelas-de-plaza-de-mayo","tag-nieta-117","tag-wado-de-pedro","generate-columns","tablet-grid-50","mobile-grid-100","grid-parent","grid-50"],"jetpack_publicize_connections":[],"jetpack_featured_media_url":"https:\/\/www.hoymercedes.com.ar\/principal\/wp-content\/uploads\/2014\/08\/WadoDePEdro.jpg","wps_subtitle":"Ante la gran noticia","jetpack_sharing_enabled":true,"_links":{"self":[{"href":"https:\/\/www.hoymercedes.com.ar\/principal\/wp-json\/wp\/v2\/posts\/44322","targetHints":{"allow":["GET"]}}],"collection":[{"href":"https:\/\/www.hoymercedes.com.ar\/principal\/wp-json\/wp\/v2\/posts"}],"about":[{"href":"https:\/\/www.hoymercedes.com.ar\/principal\/wp-json\/wp\/v2\/types\/post"}],"author":[{"embeddable":true,"href":"https:\/\/www.hoymercedes.com.ar\/principal\/wp-json\/wp\/v2\/users\/1"}],"replies":[{"embeddable":true,"href":"https:\/\/www.hoymercedes.com.ar\/principal\/wp-json\/wp\/v2\/comments?post=44322"}],"version-history":[{"count":0,"href":"https:\/\/www.hoymercedes.com.ar\/principal\/wp-json\/wp\/v2\/posts\/44322\/revisions"}],"wp:featuredmedia":[{"embeddable":true,"href":"https:\/\/www.hoymercedes.com.ar\/principal\/wp-json\/wp\/v2\/media\/35179"}],"wp:attachment":[{"href":"https:\/\/www.hoymercedes.com.ar\/principal\/wp-json\/wp\/v2\/media?parent=44322"}],"wp:term":[{"taxonomy":"category","embeddable":true,"href":"https:\/\/www.hoymercedes.com.ar\/principal\/wp-json\/wp\/v2\/categories?post=44322"},{"taxonomy":"post_tag","embeddable":true,"href":"https:\/\/www.hoymercedes.com.ar\/principal\/wp-json\/wp\/v2\/tags?post=44322"}],"curies":[{"name":"wp","href":"https:\/\/api.w.org\/{rel}","templated":true}]}}