{"id":44344,"date":"2015-09-01T22:46:25","date_gmt":"2015-09-02T01:46:25","guid":{"rendered":"http:\/\/www.hoymercedes.com.ar\/principal\/?p=44344"},"modified":"2015-09-02T23:05:38","modified_gmt":"2015-09-03T02:05:38","slug":"el-frente-mercedino-abre-su-plan-de-gobierno-para-seguir-sumando-ideas-de-todos-los-sectores","status":"publish","type":"post","link":"https:\/\/www.hoymercedes.com.ar\/principal\/2015\/09\/01\/el-frente-mercedino-abre-su-plan-de-gobierno-para-seguir-sumando-ideas-de-todos-los-sectores\/","title":{"rendered":"El Frente Mercedino abre su plan de gobierno \u00abpara seguir sumando ideas de todos los sectores\u00bb"},"content":{"rendered":"<p><a href=\"https:\/\/www.hoymercedes.com.ar\/principal\/wp-content\/uploads\/2015\/09\/ustarroz-gestion-proyecto.jpg\"><img loading=\"lazy\" decoding=\"async\" data-attachment-id=\"44345\" data-permalink=\"https:\/\/www.hoymercedes.com.ar\/principal\/2015\/09\/01\/el-frente-mercedino-abre-su-plan-de-gobierno-para-seguir-sumando-ideas-de-todos-los-sectores\/ustarroz-gestion-proyecto\/#main\" data-orig-file=\"https:\/\/www.hoymercedes.com.ar\/principal\/wp-content\/uploads\/2015\/09\/ustarroz-gestion-proyecto.jpg\" data-orig-size=\"620,413\" data-comments-opened=\"1\" data-image-meta=\"{&quot;aperture&quot;:&quot;0&quot;,&quot;credit&quot;:&quot;SEBASTIAN_AMBROSSIO&quot;,&quot;camera&quot;:&quot;&quot;,&quot;caption&quot;:&quot;&quot;,&quot;created_timestamp&quot;:&quot;0&quot;,&quot;copyright&quot;:&quot;Sebastian Ambrossio_&quot;,&quot;focal_length&quot;:&quot;0&quot;,&quot;iso&quot;:&quot;0&quot;,&quot;shutter_speed&quot;:&quot;0&quot;,&quot;title&quot;:&quot;&quot;,&quot;orientation&quot;:&quot;0&quot;}\" data-image-title=\"ustarroz-gestion-proyecto\" data-image-description=\"\" data-image-caption=\"\" data-large-file=\"https:\/\/www.hoymercedes.com.ar\/principal\/wp-content\/uploads\/2015\/09\/ustarroz-gestion-proyecto.jpg\" class=\"Img2014 aligncenter wp-image-44345 size-full\" title=\"Juan Ustarroz \" src=\"https:\/\/www.hoymercedes.com.ar\/principal\/wp-content\/uploads\/2015\/09\/ustarroz-gestion-proyecto.jpg\" alt=\"ustarroz-gestion-proyecto\" width=\"620\" height=\"413\" srcset=\"https:\/\/www.hoymercedes.com.ar\/principal\/wp-content\/uploads\/2015\/09\/ustarroz-gestion-proyecto.jpg 620w, https:\/\/www.hoymercedes.com.ar\/principal\/wp-content\/uploads\/2015\/09\/ustarroz-gestion-proyecto-150x100.jpg 150w, https:\/\/www.hoymercedes.com.ar\/principal\/wp-content\/uploads\/2015\/09\/ustarroz-gestion-proyecto-290x193.jpg 290w, https:\/\/www.hoymercedes.com.ar\/principal\/wp-content\/uploads\/2015\/09\/ustarroz-gestion-proyecto-50x33.jpg 50w\" sizes=\"auto, (max-width: 620px) 100vw, 620px\" \/><\/a><\/p>\n<p><em><strong>El Frente Mercedino para la Victoria se reunir\u00e1 con instituciones, fuerzas vivas, otros espacios pol\u00edticos y vecinos en general para la confecci\u00f3n final de su Plan de Gobierno, del que ya elabor\u00f3 un nutrido &#8216;borrador&#8217; en el que, seg\u00fan explic\u00f3 el candidato a intendente Juan Ignacio Ustarroz, \u00abse incorporaron las propuestas realizadas en los Foros de Participaci\u00f3n, tomaron parte especialistas y representantes de distintas \u00e1reas t\u00e9cnicas y recoge las experiencias de estos a\u00f1os de trabajo intenso realizado en nuestra ciudad\u00bb.<\/strong><\/em><\/p>\n<p>\u00abLlevamos muchos a\u00f1os de trabajo, conocemos cada punto de la ciudad, dialogamos con todos los vecinos, sabemos la problem\u00e1tica de cada \u00e1rea, hemos podido armar equipos s\u00f3lidos y capacitados. Y a ello le sumamos tanto el saber espec\u00edfico como la experiencia del &#8216;ciudadano de a pie&#8217; a trav\u00e9s de los Foros. Todo esto nos permite presentar ya un esquema muy completo de nuestra plataforma, con propuestas concretas para cada \u00e1rea y cada sector de Mercedes\u00bb, explic\u00f3 Ustarroz.<img loading=\"lazy\" decoding=\"async\" data-attachment-id=\"44346\" data-permalink=\"https:\/\/www.hoymercedes.com.ar\/principal\/2015\/09\/01\/el-frente-mercedino-abre-su-plan-de-gobierno-para-seguir-sumando-ideas-de-todos-los-sectores\/ustarroz-gestion-proyecto-2\/#main\" data-orig-file=\"https:\/\/www.hoymercedes.com.ar\/principal\/wp-content\/uploads\/2015\/09\/ustarroz-gestion-proyecto-2.jpg\" data-orig-size=\"787,523\" data-comments-opened=\"1\" data-image-meta=\"{&quot;aperture&quot;:&quot;0&quot;,&quot;credit&quot;:&quot;Moreira Mario Hugo&quot;,&quot;camera&quot;:&quot;&quot;,&quot;caption&quot;:&quot;&quot;,&quot;created_timestamp&quot;:&quot;0&quot;,&quot;copyright&quot;:&quot;Moreira Mario Hugo&quot;,&quot;focal_length&quot;:&quot;0&quot;,&quot;iso&quot;:&quot;0&quot;,&quot;shutter_speed&quot;:&quot;0&quot;,&quot;title&quot;:&quot;&quot;,&quot;orientation&quot;:&quot;0&quot;}\" data-image-title=\"ustarroz-gestion-proyecto-2\" data-image-description=\"\" data-image-caption=\"\" data-large-file=\"https:\/\/www.hoymercedes.com.ar\/principal\/wp-content\/uploads\/2015\/09\/ustarroz-gestion-proyecto-2.jpg\" class=\"Img2014 aligncenter wp-image-44346 size-medium\" src=\"https:\/\/www.hoymercedes.com.ar\/principal\/wp-content\/uploads\/2015\/09\/ustarroz-gestion-proyecto-2-630x419.jpg\" alt=\"ustarroz-gestion-proyecto-2\" width=\"630\" height=\"419\" srcset=\"https:\/\/www.hoymercedes.com.ar\/principal\/wp-content\/uploads\/2015\/09\/ustarroz-gestion-proyecto-2-630x419.jpg 630w, https:\/\/www.hoymercedes.com.ar\/principal\/wp-content\/uploads\/2015\/09\/ustarroz-gestion-proyecto-2-150x100.jpg 150w, https:\/\/www.hoymercedes.com.ar\/principal\/wp-content\/uploads\/2015\/09\/ustarroz-gestion-proyecto-2-290x193.jpg 290w, https:\/\/www.hoymercedes.com.ar\/principal\/wp-content\/uploads\/2015\/09\/ustarroz-gestion-proyecto-2-50x33.jpg 50w, https:\/\/www.hoymercedes.com.ar\/principal\/wp-content\/uploads\/2015\/09\/ustarroz-gestion-proyecto-2.jpg 787w\" sizes=\"auto, (max-width: 630px) 100vw, 630px\" \/><\/p>\n<p>\u00abAhora vamos a dar otro paso -agreg\u00f3-. Saldremos a buscar la opini\u00f3n de los vecinos en general, de clubes, de instituciones, de las fuerzas vivas y tambi\u00e9n de los otros espacios pol\u00edticos para mejorar cada uno de los proyectos, para incorporar sus propuestas, para construir del mejor modo posible cada idea y tener finalmente la ciudad que so\u00f1amos\u00bb.<\/p>\n<p>El anuncio de este nuevo paso en la elaboraci\u00f3n del Programa de Gobierno 2015\/2019 fue realizado este mediod\u00eda por el propio Ustarroz, en una conferencia de prensa llevada a cabo en la Casa An\u00fas de la que tomaron parte concejales, candidatos e integrantes de los equipos t\u00e9cnicos del Frente Mercedino, entre ellos Mat\u00edas Dematei, Celeste Burone, Santiago Altube, Juan Pablo L\u00f3pez Baggio, Fernando Mass\u00f3n, Laura Bustos, Fabi\u00e1n Brandoni, Juli\u00e1n Inzaugarat, Juan Mart\u00edn Silvestre y Jorge Costa.<\/p>\n<p>Tambi\u00e9n estuvo presente el m\u00e1ximo referente de Leales a Per\u00f3n y gerente general del Fondo de Garant\u00edas bonaerense (FOGABA), Pablo Perazzo, quien forma parte del Frente.<\/p>\n<p>Ustarroz, el ganador de las PASO, asegur\u00f3: \u00abHoy es un d\u00eda muy importante. Hemos podido elaborar un nutrido borrador del programa de gobierno a trav\u00e9s de los foros, con urnas en las calles, con a\u00f1os de trabajo recorriendo la ciudad de punta a punta. Y ahora vamos a dar un nuevo paso, que es el de buscar las opiniones de todos los vecinos, con los que debatiremos sobre lo ya realizado para mejorar cada una de las ideas de esta plataforma\u00bb.<\/p>\n<p>\u00abEsta apertura es fundamental en la construcci\u00f3n de la ciudad y en el dise\u00f1o puntual de cada \u00e1rea de gobierno -sigui\u00f3-. Vamos a trabajar con todos como lo venimos haciendo, en esta metodolog\u00eda que nosotros resumimos en &#8216;Escuchar, Planificar, Hacer&#8217;, porque la pol\u00edtica es lo que uno hace, no lo que uno dice. Hay realidades concretas que le dan solidez y credibilidad a cada una de nuestras propuestas si llegamos al municipio\u00bb.<\/p>\n<p>Entre las instituciones que ser\u00e1n convocadas para el debate est\u00e1n la C\u00e1mara Econ\u00f3mica Mercedina, la C\u00e1mara de Turismo, los sindicatos, la Sociedad Rural y fuerzas pol\u00edticas.<\/p>\n<p>Juani remarc\u00f3 adem\u00e1s \u00abla importancia\u00bb de estar acompa\u00f1ado por \u00abequipos formados y gente capacitada\u00bb en distintos \u00e1mbitos, \u00abporque no solo se elige intendente y concejales, sino que se necesitan m\u00e1s de 50 funcionarios para cubrir todas las \u00e1reas de gobierno\u00bb.<\/p>\n<p>\u201cTenemos una propuesta integral, s\u00f3lida y concreta para gobernar, si la gente nos acompa\u00f1a con su voto, a partir del 10 de diciembre \u2013destac\u00f3-. Pero queremos consolidar este plan. No traemos un libro cerrado sino todo lo contrario: hemos aprendido mucho y llegamos a este momento con una gran madurez. Ya fuimos sumando excelentes ideas de muchos sectores y queremos completar esta tarea, siempre a partir de los puntos de encuentro, para tener un municipio de cara a los vecinos\u201d.<\/p>\n<p>Finalmente, Ustarroz tambi\u00e9n cont\u00f3 que \u201chubo ideas que fuimos incorporando a trav\u00e9s de reuniones con empleados municipales, que son fundamentales a partir del conocimiento que tienen\u201d; y adelant\u00f3 \u201cla garant\u00eda\u201d de su estabilidad laboral. \u201cQue tengan plena certeza de que van a conservar su empleo, porque somos muy respetuosos de sus derechos\u201d.<\/p>\n","protected":false},"excerpt":{"rendered":"<p>El Frente Mercedino para la Victoria se reunir\u00e1 con instituciones, fuerzas vivas, otros espacios pol\u00edticos y vecinos en general para &#8230; <a title=\"El Frente Mercedino abre su plan de gobierno \u00abpara seguir sumando ideas de todos los sectores\u00bb\" class=\"read-more\" href=\"https:\/\/www.hoymercedes.com.ar\/principal\/2015\/09\/01\/el-frente-mercedino-abre-su-plan-de-gobierno-para-seguir-sumando-ideas-de-todos-los-sectores\/\" aria-label=\"Leer m\u00e1s sobre El Frente Mercedino abre su plan de gobierno \u00abpara seguir sumando ideas de todos los sectores\u00bb\">Leer m\u00e1s<\/a><\/p>\n","protected":false},"author":1,"featured_media":44345,"comment_status":"open","ping_status":"open","sticky":false,"template":"","format":"standard","meta":{"_monsterinsights_skip_tracking":false,"_monsterinsights_sitenote_active":false,"_monsterinsights_sitenote_note":"","_monsterinsights_sitenote_category":0,"jetpack_post_was_ever_published":false,"_jetpack_newsletter_access":"","_jetpack_dont_email_post_to_subs":false,"_jetpack_newsletter_tier_id":0,"_jetpack_memberships_contains_paywalled_content":false,"_jetpack_memberships_contains_paid_content":false,"footnotes":"","jetpack_publicize_message":"","jetpack_publicize_feature_enabled":true,"jetpack_social_post_already_shared":true,"jetpack_social_options":{"image_generator_settings":{"template":"highway","default_image_id":0,"font":"","enabled":false},"version":2},"_wpas_customize_per_network":false},"categories":[5],"tags":[7870,585,7871],"class_list":["post-44344","post","type-post","status-publish","format-standard","has-post-thumbnail","hentry","category-politica","tag-gestion","tag-juan-ustarroz","tag-plan-de-gobierno","generate-columns","tablet-grid-50","mobile-grid-100","grid-parent","grid-50"],"jetpack_publicize_connections":[],"jetpack_featured_media_url":"https:\/\/www.hoymercedes.com.ar\/principal\/wp-content\/uploads\/2015\/09\/ustarroz-gestion-proyecto.jpg","wps_subtitle":"Pensando en la gesti\u00f3n 2015","jetpack_sharing_enabled":true,"jetpack-related-posts":[{"id":44563,"url":"https:\/\/www.hoymercedes.com.ar\/principal\/2015\/09\/15\/ustarroz-presentara-su-plan-de-gobierno-para-mercedes\/","url_meta":{"origin":44344,"position":0},"title":"Ustarroz presentar\u00e1 su plan de gobierno para Mercedes","author":"hoymercedes","date":"15 septiembre, 2015","format":false,"excerpt":"\u00a0 Los a\u00f1os de experiencia, las conclusiones de los Foros de Participaci\u00f3n Ciudadana, las inquietudes de los vecinos recogidas en cada rinc\u00f3n de la ciudad y las propuestas elaboradas por equipos t\u00e9cnicos y especialistas le dieron forma a un contundente Plan de Gobierno que el candidato a intendente por el\u2026","rel":"","context":"En \u00abPol\u00edtica\u00bb","block_context":{"text":"Pol\u00edtica","link":"https:\/\/www.hoymercedes.com.ar\/principal\/category\/politica\/"},"img":{"alt_text":"","src":"https:\/\/i0.wp.com\/www.hoymercedes.com.ar\/principal\/wp-content\/uploads\/2015\/09\/ustarroz-gestion-proyecto.jpg?resize=350%2C200&ssl=1","width":350,"height":200,"srcset":"https:\/\/i0.wp.com\/www.hoymercedes.com.ar\/principal\/wp-content\/uploads\/2015\/09\/ustarroz-gestion-proyecto.jpg?resize=350%2C200&ssl=1 1x, https:\/\/i0.wp.com\/www.hoymercedes.com.ar\/principal\/wp-content\/uploads\/2015\/09\/ustarroz-gestion-proyecto.jpg?resize=525%2C300&ssl=1 1.5x"},"classes":[]},{"id":44618,"url":"https:\/\/www.hoymercedes.com.ar\/principal\/2015\/09\/17\/ustarroz-presento-ante-una-multitud-su-plan-de-gobierno\/","url_meta":{"origin":44344,"position":1},"title":"Ustarroz presento, ante una multitud, su Plan de Gobierno","author":"hoymercedes","date":"17 septiembre, 2015","format":false,"excerpt":"El candidato a intendente del Frente para la Victoria, Juan Ustarroz, present\u00f3 en la noche del mi\u00e9rcoles su Plan de Gobierno 2015\/2019, una plataforma integral y participativa que re\u00fane propuestas de especialistas, vecinos, instituciones y espacios pol\u00edticos para cada \u00e1rea del municipio y cada sector de la ciudad y en\u2026","rel":"","context":"En \u00abPol\u00edtica\u00bb","block_context":{"text":"Pol\u00edtica","link":"https:\/\/www.hoymercedes.com.ar\/principal\/category\/politica\/"},"img":{"alt_text":"","src":"https:\/\/i0.wp.com\/www.hoymercedes.com.ar\/principal\/wp-content\/uploads\/2015\/09\/ustarroz-plandegobierno.2.jpg?resize=350%2C200&ssl=1","width":350,"height":200,"srcset":"https:\/\/i0.wp.com\/www.hoymercedes.com.ar\/principal\/wp-content\/uploads\/2015\/09\/ustarroz-plandegobierno.2.jpg?resize=350%2C200&ssl=1 1x, https:\/\/i0.wp.com\/www.hoymercedes.com.ar\/principal\/wp-content\/uploads\/2015\/09\/ustarroz-plandegobierno.2.jpg?resize=525%2C300&ssl=1 1.5x"},"classes":[]},{"id":45147,"url":"https:\/\/www.hoymercedes.com.ar\/principal\/2015\/10\/06\/dematei-los-vecinos-reciben-con-esperanza-nuestro-plan-de-gobierno\/","url_meta":{"origin":44344,"position":2},"title":"Dematei: \u00ablos vecinos reciben con esperanza nuestro plan de gobierno\u00bb","author":"hoymercedes","date":"6 octubre, 2015","format":false,"excerpt":"El candidato a primer concejal del Frente Mercedino para la Victoria, Mat\u00edas Dematei, cont\u00f3 que \u201clos vecinos reciben con esperanza\u201d el Plan de Gobierno del espacio que conduce Juan Ustarroz, al caminar este martes los barrios cercanos al predio recuperado de la estaci\u00f3n de la Trocha. \u201cLo que percibo en\u2026","rel":"","context":"En \u00abPol\u00edtica\u00bb","block_context":{"text":"Pol\u00edtica","link":"https:\/\/www.hoymercedes.com.ar\/principal\/category\/politica\/"},"img":{"alt_text":"","src":"https:\/\/i0.wp.com\/www.hoymercedes.com.ar\/principal\/wp-content\/uploads\/2015\/10\/matias-dematei.jpg?resize=350%2C200&ssl=1","width":350,"height":200,"srcset":"https:\/\/i0.wp.com\/www.hoymercedes.com.ar\/principal\/wp-content\/uploads\/2015\/10\/matias-dematei.jpg?resize=350%2C200&ssl=1 1x, https:\/\/i0.wp.com\/www.hoymercedes.com.ar\/principal\/wp-content\/uploads\/2015\/10\/matias-dematei.jpg?resize=525%2C300&ssl=1 1.5x"},"classes":[]},{"id":44383,"url":"https:\/\/www.hoymercedes.com.ar\/principal\/2015\/09\/04\/empresarios-y-productores-se-reunieron-para-aportar-propuestas-al-plan-de-gobierno-de-ustarroz\/","url_meta":{"origin":44344,"position":3},"title":"Empresarios y productores se reunieron para aportar propuestas al plan de Gobierno de Ustarroz","author":"hoymercedes","date":"4 septiembre, 2015","format":false,"excerpt":"Industriales, comerciantes, emprendedores, empresarios y trabajadores nucleados en distintos sindicatos comenzaron a sumar diferentes propuestas para el Plan de Gobierno del Frente Mercedino para la Victoria, una apertura que el candidato a intendente Juan Ignacio Ustarroz seguir\u00e1 planteando en todos los sectores y \u00e1reas de nuestra ciudad. Entre otras cosas\u2026","rel":"","context":"En \u00abPol\u00edtica\u00bb","block_context":{"text":"Pol\u00edtica","link":"https:\/\/www.hoymercedes.com.ar\/principal\/category\/politica\/"},"img":{"alt_text":"","src":"https:\/\/i0.wp.com\/www.hoymercedes.com.ar\/principal\/wp-content\/uploads\/2015\/09\/ustarroz-mesaproductiva-2.jpg?resize=350%2C200&ssl=1","width":350,"height":200,"srcset":"https:\/\/i0.wp.com\/www.hoymercedes.com.ar\/principal\/wp-content\/uploads\/2015\/09\/ustarroz-mesaproductiva-2.jpg?resize=350%2C200&ssl=1 1x, https:\/\/i0.wp.com\/www.hoymercedes.com.ar\/principal\/wp-content\/uploads\/2015\/09\/ustarroz-mesaproductiva-2.jpg?resize=525%2C300&ssl=1 1.5x"},"classes":[]},{"id":44545,"url":"https:\/\/www.hoymercedes.com.ar\/principal\/2015\/09\/14\/ustarroz-suma-apoyos-compromiso-federal-se-suma-al-frente-mercedino\/","url_meta":{"origin":44344,"position":4},"title":"Ustarroz suma apoyos: Compromiso Federal se suma al Frente Mercedino","author":"hoymercedes","date":"14 septiembre, 2015","format":false,"excerpt":"El presidente del bloque de concejales y candidato a intendente del Frente Mercedino para la Victoria, Juan Ignacio Ustarroz, sum\u00f3 un nuevo apoyo de cara a las elecciones generales de octubre, esta vez de Compromiso Federal, la agrupaci\u00f3n que llevaba de precandidato a jefe comunal a Daniel Bernal. \u201cUstarroz nos\u2026","rel":"","context":"En \u00abPol\u00edtica\u00bb","block_context":{"text":"Pol\u00edtica","link":"https:\/\/www.hoymercedes.com.ar\/principal\/category\/politica\/"},"img":{"alt_text":"","src":"https:\/\/i0.wp.com\/www.hoymercedes.com.ar\/principal\/wp-content\/uploads\/2015\/09\/ustarroz-bernal.jpg?resize=350%2C200&ssl=1","width":350,"height":200,"srcset":"https:\/\/i0.wp.com\/www.hoymercedes.com.ar\/principal\/wp-content\/uploads\/2015\/09\/ustarroz-bernal.jpg?resize=350%2C200&ssl=1 1x, https:\/\/i0.wp.com\/www.hoymercedes.com.ar\/principal\/wp-content\/uploads\/2015\/09\/ustarroz-bernal.jpg?resize=525%2C300&ssl=1 1.5x"},"classes":[]},{"id":44906,"url":"https:\/\/www.hoymercedes.com.ar\/principal\/2015\/09\/29\/municipales-suman-ideas-al-plan-de-gobierno-del-frente-mercedino\/","url_meta":{"origin":44344,"position":5},"title":"Municipales suman ideas al plan de gobierno del Frente Mercedino","author":"hoymercedes","date":"29 septiembre, 2015","format":false,"excerpt":"El candidato a intendente por el Frente Mercedino para la Victoria, Juan Ustarroz, sum\u00f3 a su Plan de Gobierno distintas propuestas surgidas de una productiva reuni\u00f3n con los dirigentes del Sindicato de Trabajadores Municipales, ante los que, adem\u00e1s, garantiz\u00f3 \u201cla estabilidad y la jerarquizaci\u00f3n de todos los empleados\u201d de la\u2026","rel":"","context":"En \u00abPol\u00edtica\u00bb","block_context":{"text":"Pol\u00edtica","link":"https:\/\/www.hoymercedes.com.ar\/principal\/category\/politica\/"},"img":{"alt_text":"","src":"https:\/\/i0.wp.com\/www.hoymercedes.com.ar\/principal\/wp-content\/uploads\/2015\/09\/ustarroz-muncipales.jpg?resize=350%2C200&ssl=1","width":350,"height":200,"srcset":"https:\/\/i0.wp.com\/www.hoymercedes.com.ar\/principal\/wp-content\/uploads\/2015\/09\/ustarroz-muncipales.jpg?resize=350%2C200&ssl=1 1x, https:\/\/i0.wp.com\/www.hoymercedes.com.ar\/principal\/wp-content\/uploads\/2015\/09\/ustarroz-muncipales.jpg?resize=525%2C300&ssl=1 1.5x"},"classes":[]}],"_links":{"self":[{"href":"https:\/\/www.hoymercedes.com.ar\/principal\/wp-json\/wp\/v2\/posts\/44344","targetHints":{"allow":["GET"]}}],"collection":[{"href":"https:\/\/www.hoymercedes.com.ar\/principal\/wp-json\/wp\/v2\/posts"}],"about":[{"href":"https:\/\/www.hoymercedes.com.ar\/principal\/wp-json\/wp\/v2\/types\/post"}],"author":[{"embeddable":true,"href":"https:\/\/www.hoymercedes.com.ar\/principal\/wp-json\/wp\/v2\/users\/1"}],"replies":[{"embeddable":true,"href":"https:\/\/www.hoymercedes.com.ar\/principal\/wp-json\/wp\/v2\/comments?post=44344"}],"version-history":[{"count":0,"href":"https:\/\/www.hoymercedes.com.ar\/principal\/wp-json\/wp\/v2\/posts\/44344\/revisions"}],"wp:featuredmedia":[{"embeddable":true,"href":"https:\/\/www.hoymercedes.com.ar\/principal\/wp-json\/wp\/v2\/media\/44345"}],"wp:attachment":[{"href":"https:\/\/www.hoymercedes.com.ar\/principal\/wp-json\/wp\/v2\/media?parent=44344"}],"wp:term":[{"taxonomy":"category","embeddable":true,"href":"https:\/\/www.hoymercedes.com.ar\/principal\/wp-json\/wp\/v2\/categories?post=44344"},{"taxonomy":"post_tag","embeddable":true,"href":"https:\/\/www.hoymercedes.com.ar\/principal\/wp-json\/wp\/v2\/tags?post=44344"}],"curies":[{"name":"wp","href":"https:\/\/api.w.org\/{rel}","templated":true}]}}