{"id":44360,"date":"2015-09-02T22:33:08","date_gmt":"2015-09-03T01:33:08","guid":{"rendered":"http:\/\/www.hoymercedes.com.ar\/principal\/?p=44360"},"modified":"2015-09-03T14:30:20","modified_gmt":"2015-09-03T17:30:20","slug":"ucr-reclamos-y-visita-al-barrio-calvillo","status":"publish","type":"post","link":"https:\/\/www.hoymercedes.com.ar\/principal\/2015\/09\/02\/ucr-reclamos-y-visita-al-barrio-calvillo\/","title":{"rendered":"UCR: reclamos, visita al Barrio Calvillo y presentaci\u00f3n al municipio"},"content":{"rendered":"<p><a href=\"https:\/\/www.hoymercedes.com.ar\/principal\/wp-content\/uploads\/2015\/09\/calvillo.jpg\"><img loading=\"lazy\" decoding=\"async\" data-attachment-id=\"44361\" data-permalink=\"https:\/\/www.hoymercedes.com.ar\/principal\/2015\/09\/02\/ucr-reclamos-y-visita-al-barrio-calvillo\/calvillo\/#main\" data-orig-file=\"https:\/\/www.hoymercedes.com.ar\/principal\/wp-content\/uploads\/2015\/09\/calvillo.jpg\" data-orig-size=\"620,465\" data-comments-opened=\"1\" data-image-meta=\"{&quot;aperture&quot;:&quot;0&quot;,&quot;credit&quot;:&quot;&quot;,&quot;camera&quot;:&quot;&quot;,&quot;caption&quot;:&quot;&quot;,&quot;created_timestamp&quot;:&quot;0&quot;,&quot;copyright&quot;:&quot;&quot;,&quot;focal_length&quot;:&quot;0&quot;,&quot;iso&quot;:&quot;0&quot;,&quot;shutter_speed&quot;:&quot;0&quot;,&quot;title&quot;:&quot;&quot;,&quot;orientation&quot;:&quot;0&quot;}\" data-image-title=\"calvillo\" data-image-description=\"\" data-image-caption=\"\" data-large-file=\"https:\/\/www.hoymercedes.com.ar\/principal\/wp-content\/uploads\/2015\/09\/calvillo.jpg\" class=\"Img2014 aligncenter wp-image-44361 size-full\" src=\"https:\/\/www.hoymercedes.com.ar\/principal\/wp-content\/uploads\/2015\/09\/calvillo.jpg\" alt=\"calvillo\" width=\"620\" height=\"465\" srcset=\"https:\/\/www.hoymercedes.com.ar\/principal\/wp-content\/uploads\/2015\/09\/calvillo.jpg 620w, https:\/\/www.hoymercedes.com.ar\/principal\/wp-content\/uploads\/2015\/09\/calvillo-150x113.jpg 150w, https:\/\/www.hoymercedes.com.ar\/principal\/wp-content\/uploads\/2015\/09\/calvillo-290x218.jpg 290w, https:\/\/www.hoymercedes.com.ar\/principal\/wp-content\/uploads\/2015\/09\/calvillo-50x38.jpg 50w\" sizes=\"auto, (max-width: 620px) 100vw, 620px\" \/><\/a><\/p>\n<p><strong>La Uni\u00f3n C\u00edvica Radical de nuestra\u00a0ciudad<\/strong><strong>\u00a0contin\u00faa exponiendo su visi\u00f3n de la realidad y de las necesidades locales. En esta ocasi\u00f3n manifiestan que: \u00ab<\/strong><em><strong>Tal como lo venimos haciendo desde hace\u00a0mucho tiempo, en nuestras recorridas por la ciudad, el pasado s\u00e1bado 29 de Agosto en horas de la ma\u00f1ana junto a Edgard Killmeate, tambi\u00e9n candidato a concejal del Frente Cambiemos, que tiene como candidato a Intendente al Bio Ingeniero Lucas Fal, estuvimos en el Barrio Calvillo\u00bb y desde all\u00ed expusieron necesidades barriales.\u00a0<\/strong><\/em><br \/>\nEn este barrio muchos vecinos est\u00e1n perjudicados por el mal funcionamiento de los desag\u00fces cloacales. Los mismos est\u00e1n completamente tapados y en muchos domicilios de calle 13 entre 52 y 54, mas precisamente de la vereda oeste, los desechos vierten dentro de sus casas a trav\u00e9s de sus rejillas.<br \/>\nVarios han sido los vecinos que reclamaron a trav\u00e9s de la l\u00ednea telef\u00f3nica del 147 y no obtuvieron respuesta alguna.<br \/>\nTambi\u00e9n observamos en la esquina de 13 y 54 la tapa del registro cloacal levantada, y desde el mismo sale todo lo que corre por dichas ca\u00f1erias hacia la calle, que se desliza por la zanja de calle 54 hasta llegar al \u00abzanjon\u00bb de la 15 para desembocar en el r\u00edo Lujan.<br \/>\nLo \u00fanico que se puede apreciar como acci\u00f3n municipal es la colocaci\u00f3n de un tambor de 200 litros alertando el levantamiento de la tapa y la baliza encendida por la noche.<\/p>\n<p>A ra\u00edz de esta problem\u00e1tica, y considerando que el servicio es esencial para la vida humana, para mejorar su calidad de vida y m\u00e1s a\u00fan teniendo en cuenta el foco infeccioso que se esta generando, hemos presentado el lunes a primera hora en mesa de entradas de la Municipalidad una nota, (Expte. 3515\/15), dirigida al Secretario de Servicios P\u00fablicos Miguel Melo para que intervenga y les de a los vecinos una pronta soluci\u00f3n.<\/p>\n","protected":false},"excerpt":{"rendered":"<p>La Uni\u00f3n C\u00edvica Radical de nuestra\u00a0ciudad\u00a0contin\u00faa exponiendo su visi\u00f3n de la realidad y de las necesidades locales. En esta ocasi\u00f3n &#8230; <a title=\"UCR: reclamos, visita al Barrio Calvillo y presentaci\u00f3n al municipio\" class=\"read-more\" href=\"https:\/\/www.hoymercedes.com.ar\/principal\/2015\/09\/02\/ucr-reclamos-y-visita-al-barrio-calvillo\/\" aria-label=\"Leer m\u00e1s sobre UCR: reclamos, visita al Barrio Calvillo y presentaci\u00f3n al municipio\">Leer m\u00e1s<\/a><\/p>\n","protected":false},"author":1,"featured_media":44361,"comment_status":"open","ping_status":"open","sticky":false,"template":"","format":"standard","meta":{"_monsterinsights_skip_tracking":false,"_monsterinsights_sitenote_active":false,"_monsterinsights_sitenote_note":"","_monsterinsights_sitenote_category":0,"jetpack_post_was_ever_published":false,"_jetpack_newsletter_access":"","_jetpack_dont_email_post_to_subs":false,"_jetpack_newsletter_tier_id":0,"_jetpack_memberships_contains_paywalled_content":false,"_jetpack_memberships_contains_paid_content":false,"footnotes":"","jetpack_publicize_message":"","jetpack_publicize_feature_enabled":true,"jetpack_social_post_already_shared":true,"jetpack_social_options":{"image_generator_settings":{"template":"highway","default_image_id":0,"font":"","enabled":false},"version":2},"_wpas_customize_per_network":false},"categories":[5],"tags":[3250,7873,408],"class_list":["post-44360","post","type-post","status-publish","format-standard","has-post-thumbnail","hentry","category-politica","tag-albini","tag-campana","tag-ucr","generate-columns","tablet-grid-50","mobile-grid-100","grid-parent","grid-50"],"jetpack_publicize_connections":[],"jetpack_featured_media_url":"https:\/\/www.hoymercedes.com.ar\/principal\/wp-content\/uploads\/2015\/09\/calvillo.jpg","wps_subtitle":"En campa\u00f1a ","jetpack_sharing_enabled":true,"_links":{"self":[{"href":"https:\/\/www.hoymercedes.com.ar\/principal\/wp-json\/wp\/v2\/posts\/44360","targetHints":{"allow":["GET"]}}],"collection":[{"href":"https:\/\/www.hoymercedes.com.ar\/principal\/wp-json\/wp\/v2\/posts"}],"about":[{"href":"https:\/\/www.hoymercedes.com.ar\/principal\/wp-json\/wp\/v2\/types\/post"}],"author":[{"embeddable":true,"href":"https:\/\/www.hoymercedes.com.ar\/principal\/wp-json\/wp\/v2\/users\/1"}],"replies":[{"embeddable":true,"href":"https:\/\/www.hoymercedes.com.ar\/principal\/wp-json\/wp\/v2\/comments?post=44360"}],"version-history":[{"count":0,"href":"https:\/\/www.hoymercedes.com.ar\/principal\/wp-json\/wp\/v2\/posts\/44360\/revisions"}],"wp:featuredmedia":[{"embeddable":true,"href":"https:\/\/www.hoymercedes.com.ar\/principal\/wp-json\/wp\/v2\/media\/44361"}],"wp:attachment":[{"href":"https:\/\/www.hoymercedes.com.ar\/principal\/wp-json\/wp\/v2\/media?parent=44360"}],"wp:term":[{"taxonomy":"category","embeddable":true,"href":"https:\/\/www.hoymercedes.com.ar\/principal\/wp-json\/wp\/v2\/categories?post=44360"},{"taxonomy":"post_tag","embeddable":true,"href":"https:\/\/www.hoymercedes.com.ar\/principal\/wp-json\/wp\/v2\/tags?post=44360"}],"curies":[{"name":"wp","href":"https:\/\/api.w.org\/{rel}","templated":true}]}}