{"id":44383,"date":"2015-09-04T12:37:50","date_gmt":"2015-09-04T15:37:50","guid":{"rendered":"http:\/\/www.hoymercedes.com.ar\/principal\/?p=44383"},"modified":"2015-09-05T17:29:01","modified_gmt":"2015-09-05T20:29:01","slug":"empresarios-y-productores-se-reunieron-para-aportar-propuestas-al-plan-de-gobierno-de-ustarroz","status":"publish","type":"post","link":"https:\/\/www.hoymercedes.com.ar\/principal\/2015\/09\/04\/empresarios-y-productores-se-reunieron-para-aportar-propuestas-al-plan-de-gobierno-de-ustarroz\/","title":{"rendered":"Empresarios y productores se reunieron para aportar propuestas al plan de Gobierno de Ustarroz"},"content":{"rendered":"<p><a href=\"https:\/\/www.hoymercedes.com.ar\/principal\/wp-content\/uploads\/2015\/09\/ustarroz-mesaproductiva.jpg\"><img loading=\"lazy\" decoding=\"async\" data-attachment-id=\"44384\" data-permalink=\"https:\/\/www.hoymercedes.com.ar\/principal\/2015\/09\/04\/empresarios-y-productores-se-reunieron-para-aportar-propuestas-al-plan-de-gobierno-de-ustarroz\/ustarroz-mesaproductiva\/#main\" data-orig-file=\"https:\/\/www.hoymercedes.com.ar\/principal\/wp-content\/uploads\/2015\/09\/ustarroz-mesaproductiva.jpg\" data-orig-size=\"620,412\" data-comments-opened=\"1\" data-image-meta=\"{&quot;aperture&quot;:&quot;0&quot;,&quot;credit&quot;:&quot;Moreira Mario Hugo&quot;,&quot;camera&quot;:&quot;&quot;,&quot;caption&quot;:&quot;&quot;,&quot;created_timestamp&quot;:&quot;0&quot;,&quot;copyright&quot;:&quot;Moreira Mario Hugo&quot;,&quot;focal_length&quot;:&quot;0&quot;,&quot;iso&quot;:&quot;0&quot;,&quot;shutter_speed&quot;:&quot;0&quot;,&quot;title&quot;:&quot;&quot;,&quot;orientation&quot;:&quot;0&quot;}\" data-image-title=\"ustarroz-mesaproductiva\" data-image-description=\"\" data-image-caption=\"\" data-large-file=\"https:\/\/www.hoymercedes.com.ar\/principal\/wp-content\/uploads\/2015\/09\/ustarroz-mesaproductiva.jpg\" class=\"Img2014 aligncenter wp-image-44384 size-full\" src=\"https:\/\/www.hoymercedes.com.ar\/principal\/wp-content\/uploads\/2015\/09\/ustarroz-mesaproductiva.jpg\" alt=\"ustarroz-mesaproductiva\" width=\"620\" height=\"412\" srcset=\"https:\/\/www.hoymercedes.com.ar\/principal\/wp-content\/uploads\/2015\/09\/ustarroz-mesaproductiva.jpg 620w, https:\/\/www.hoymercedes.com.ar\/principal\/wp-content\/uploads\/2015\/09\/ustarroz-mesaproductiva-150x100.jpg 150w, https:\/\/www.hoymercedes.com.ar\/principal\/wp-content\/uploads\/2015\/09\/ustarroz-mesaproductiva-290x193.jpg 290w, https:\/\/www.hoymercedes.com.ar\/principal\/wp-content\/uploads\/2015\/09\/ustarroz-mesaproductiva-50x33.jpg 50w\" sizes=\"auto, (max-width: 620px) 100vw, 620px\" \/><\/a><\/p>\n<p>Industriales, comerciantes, emprendedores, empresarios y trabajadores nucleados en distintos sindicatos comenzaron a sumar diferentes propuestas para el Plan de Gobierno del Frente Mercedino para la Victoria, una apertura que el candidato a intendente Juan Ignacio Ustarroz seguir\u00e1 planteando en todos los sectores y \u00e1reas de nuestra ciudad. Entre otras cosas acordaron crear la Agencia de Empleo y Desarrollo Productivo \u2013propuesto por Pablo Perazzo- que estar\u00e1 a cargo de la C\u00e1mara Econ\u00f3mica local.<\/p>\n<p>El encuentro se llev\u00f3 a cabo la tarde del jueves en la C\u00e1mara Econ\u00f3mica Mercedina y, adem\u00e1s de los equipos que acompa\u00f1an a Ustarroz, cont\u00f3 con la presencia del Secretario General de la Presidencia, Eduardo \u2018Wado\u2019 de Pedro.<img loading=\"lazy\" decoding=\"async\" data-attachment-id=\"44385\" data-permalink=\"https:\/\/www.hoymercedes.com.ar\/principal\/2015\/09\/04\/empresarios-y-productores-se-reunieron-para-aportar-propuestas-al-plan-de-gobierno-de-ustarroz\/ustarroz-mesaproductiva-2\/#main\" data-orig-file=\"https:\/\/www.hoymercedes.com.ar\/principal\/wp-content\/uploads\/2015\/09\/ustarroz-mesaproductiva-2.jpg\" data-orig-size=\"620,412\" data-comments-opened=\"1\" data-image-meta=\"{&quot;aperture&quot;:&quot;0&quot;,&quot;credit&quot;:&quot;Moreira Mario Hugo&quot;,&quot;camera&quot;:&quot;&quot;,&quot;caption&quot;:&quot;&quot;,&quot;created_timestamp&quot;:&quot;0&quot;,&quot;copyright&quot;:&quot;Moreira Mario Hugo&quot;,&quot;focal_length&quot;:&quot;0&quot;,&quot;iso&quot;:&quot;0&quot;,&quot;shutter_speed&quot;:&quot;0&quot;,&quot;title&quot;:&quot;&quot;,&quot;orientation&quot;:&quot;0&quot;}\" data-image-title=\"ustarroz-mesaproductiva-2\" data-image-description=\"\" data-image-caption=\"\" data-large-file=\"https:\/\/www.hoymercedes.com.ar\/principal\/wp-content\/uploads\/2015\/09\/ustarroz-mesaproductiva-2.jpg\" class=\"Img2014 aligncenter wp-image-44385 size-full\" src=\"https:\/\/www.hoymercedes.com.ar\/principal\/wp-content\/uploads\/2015\/09\/ustarroz-mesaproductiva-2.jpg\" alt=\"ustarroz-mesaproductiva-2\" width=\"620\" height=\"412\" srcset=\"https:\/\/www.hoymercedes.com.ar\/principal\/wp-content\/uploads\/2015\/09\/ustarroz-mesaproductiva-2.jpg 620w, https:\/\/www.hoymercedes.com.ar\/principal\/wp-content\/uploads\/2015\/09\/ustarroz-mesaproductiva-2-150x100.jpg 150w, https:\/\/www.hoymercedes.com.ar\/principal\/wp-content\/uploads\/2015\/09\/ustarroz-mesaproductiva-2-290x193.jpg 290w, https:\/\/www.hoymercedes.com.ar\/principal\/wp-content\/uploads\/2015\/09\/ustarroz-mesaproductiva-2-50x33.jpg 50w\" sizes=\"auto, (max-width: 620px) 100vw, 620px\" \/><\/p>\n<p>\u201cVenimos construyendo una plataforma altamente participativa, a la que ya le hemos incorporado much\u00edsimas ideas que surgieron a trav\u00e9s de los Foros que organizamos para cada \u00e1rea de gobierno \u2013dijo Ustarroz, ganador de las PASO-. Ahora viene la etapa final en la elaboraci\u00f3n de nuestro plan, tal como lo anunciamos el martes, y en ese sentido nos reuniremos con instituciones, clubes, sociedades de fomento, fuerzas vivas, otros espacios pol\u00edticos y \u2018vecinos de a pie\u2019 para terminar de confeccionar el mejor proyecto posible para Mercedes\u201d.<\/p>\n<p>En efecto, el Frente Mercedino fue sumando propuestas en los Foros de Participaci\u00f3n Ciudadana que abarcaron distintas \u00e1reas: Educaci\u00f3n, Cultura, Salud, Deporte, Producci\u00f3n y Empleo, Seguridad, Planificaci\u00f3n Urbana, Servicios P\u00fablicos y Seguridad Vial.<\/p>\n<p>\u201cNo solo remarcamos la importancia de la opini\u00f3n de los especialistas de cada sector, sino que nos nutrimos de la experiencia de los vecinos en general, porque son los que conocen desde adentro la problem\u00e1tica que los afecta, la preocupaci\u00f3n o la inquietud que tienen \u2013cont\u00f3 Juani-. El primer paso para resolver un problema es reconocerlo y, como solemos decir, la metodolog\u00eda es siempre escuchar, planificar y hacer\u201d.<\/p>\n<p>La reuni\u00f3n de trabajo se desarroll\u00f3 en medio de un nutrido debate donde se lleg\u00f3 a diferentes puntos en com\u00fan que ser\u00e1n analizados en profundidad por los equipos t\u00e9cnicos y plasmados en la plataforma de gobierno de Juan Ustarroz.<\/p>\n<p>\u00abLlevamos muchos a\u00f1os de trabajo, conocemos cada punto de la ciudad, dialogamos con todos los vecinos, sabemos la problem\u00e1tica de cada \u00e1rea, hemos podido armar equipos s\u00f3lidos y capacitados. Y a ello le sumamos los Foros. Todo esto nos permite presentar ya un esquema muy completo de nuestra plataforma, con propuestas concretas para cada \u00e1rea. Pero estamos convencidos de que toda idea es perfectible, que los mejores proyectos nacen de la participaci\u00f3n y el debate, y ese espacio es el que estamos generando\u00bb, explic\u00f3.<\/p>\n","protected":false},"excerpt":{"rendered":"<p>Industriales, comerciantes, emprendedores, empresarios y trabajadores nucleados en distintos sindicatos comenzaron a sumar diferentes propuestas para el Plan de Gobierno &#8230; <a title=\"Empresarios y productores se reunieron para aportar propuestas al plan de Gobierno de Ustarroz\" class=\"read-more\" href=\"https:\/\/www.hoymercedes.com.ar\/principal\/2015\/09\/04\/empresarios-y-productores-se-reunieron-para-aportar-propuestas-al-plan-de-gobierno-de-ustarroz\/\" aria-label=\"Leer m\u00e1s sobre Empresarios y productores se reunieron para aportar propuestas al plan de Gobierno de Ustarroz\">Leer m\u00e1s<\/a><\/p>\n","protected":false},"author":1,"featured_media":44385,"comment_status":"open","ping_status":"open","sticky":false,"template":"","format":"standard","meta":{"_monsterinsights_skip_tracking":false,"_monsterinsights_sitenote_active":false,"_monsterinsights_sitenote_note":"","_monsterinsights_sitenote_category":0,"jetpack_post_was_ever_published":false,"_jetpack_newsletter_access":"","_jetpack_dont_email_post_to_subs":false,"_jetpack_newsletter_tier_id":0,"_jetpack_memberships_contains_paywalled_content":false,"_jetpack_memberships_contains_paid_content":false,"footnotes":"","jetpack_publicize_message":"","jetpack_publicize_feature_enabled":true,"jetpack_social_post_already_shared":true,"jetpack_social_options":{"image_generator_settings":{"template":"highway","default_image_id":0,"font":"","enabled":false},"version":2},"_wpas_customize_per_network":false},"categories":[5],"tags":[585,7879,281],"class_list":["post-44383","post","type-post","status-publish","format-standard","has-post-thumbnail","hentry","category-politica","tag-juan-ustarroz","tag-mesa-productiva","tag-wado-de-pedro","generate-columns","tablet-grid-50","mobile-grid-100","grid-parent","grid-50"],"jetpack_publicize_connections":[],"jetpack_featured_media_url":"https:\/\/www.hoymercedes.com.ar\/principal\/wp-content\/uploads\/2015\/09\/ustarroz-mesaproductiva-2.jpg","wps_subtitle":"Pensando en diciembre","jetpack_sharing_enabled":true,"jetpack-related-posts":[{"id":132519,"url":"https:\/\/www.hoymercedes.com.ar\/principal\/2021\/06\/28\/ministro-kulfas-visitaria-mercedes-con-proyectos-e-inversion\/","url_meta":{"origin":44383,"position":0},"title":"Ministro Kulfas visitar\u00eda Mercedes con proyectos e inversi\u00f3n","author":"hoymercedes","date":"28 junio, 2021","format":false,"excerpt":"El intendente Ustarroz recibir\u00e1 al Ministro de Desarrollo Productivo, Lic. Mat\u00edas Kulfas, y al Ministro del Interior Eduardo \u201cWado\u201d de Pedro para avanzar en distintas planificaciones, pero tambi\u00e9n para oficializar el aporte de 60 millones de pesos gestionados ante el gobierno nacional para mejorar la infraestructura del Sector Industrial Planificado.\u2026","rel":"","context":"En \u00abNaci\u00f3n\u00bb","block_context":{"text":"Naci\u00f3n","link":"https:\/\/www.hoymercedes.com.ar\/principal\/category\/nacion\/"},"img":{"alt_text":"","src":"https:\/\/i0.wp.com\/www.hoymercedes.com.ar\/principal\/wp-content\/uploads\/2021\/06\/Kulfas-TelamFoto.jpg?resize=350%2C200&ssl=1","width":350,"height":200,"srcset":"https:\/\/i0.wp.com\/www.hoymercedes.com.ar\/principal\/wp-content\/uploads\/2021\/06\/Kulfas-TelamFoto.jpg?resize=350%2C200&ssl=1 1x, https:\/\/i0.wp.com\/www.hoymercedes.com.ar\/principal\/wp-content\/uploads\/2021\/06\/Kulfas-TelamFoto.jpg?resize=525%2C300&ssl=1 1.5x, https:\/\/i0.wp.com\/www.hoymercedes.com.ar\/principal\/wp-content\/uploads\/2021\/06\/Kulfas-TelamFoto.jpg?resize=700%2C400&ssl=1 2x"},"classes":[]},{"id":192885,"url":"https:\/\/www.hoymercedes.com.ar\/principal\/2026\/03\/08\/wado-de-pedro-respaldo-la-gestion-de-ustarroz-en-la-apertura-de-sesiones\/","url_meta":{"origin":44383,"position":1},"title":"Wado de Pedro respald\u00f3 la gesti\u00f3n de Ustarroz en la apertura de sesiones","author":"hoymercedes","date":"8 marzo, 2026","format":false,"excerpt":"Durante la apertura de las sesiones ordinarias del Concejo Deliberante realizada en el Teatro Argentino de Mercedes, el senador nacional Eduardo \u201cWado\u201d de Pedro expres\u00f3 un fuerte respaldo a la gesti\u00f3n del intendente Juan Ignacio Ustarroz, en un contexto pol\u00edtico marcado por cr\u00edticas al Gobierno nacional. El legislador, particip\u00f3 del\u2026","rel":"","context":"En \u00abPol\u00edtica\u00bb","block_context":{"text":"Pol\u00edtica","link":"https:\/\/www.hoymercedes.com.ar\/principal\/category\/politica\/"},"img":{"alt_text":"","src":"https:\/\/i0.wp.com\/www.hoymercedes.com.ar\/principal\/wp-content\/uploads\/2026\/03\/WADO-DE-PEDRO.jpg?resize=350%2C200&ssl=1","width":350,"height":200,"srcset":"https:\/\/i0.wp.com\/www.hoymercedes.com.ar\/principal\/wp-content\/uploads\/2026\/03\/WADO-DE-PEDRO.jpg?resize=350%2C200&ssl=1 1x, https:\/\/i0.wp.com\/www.hoymercedes.com.ar\/principal\/wp-content\/uploads\/2026\/03\/WADO-DE-PEDRO.jpg?resize=525%2C300&ssl=1 1.5x"},"classes":[]},{"id":101065,"url":"https:\/\/www.hoymercedes.com.ar\/principal\/2019\/10\/08\/axel-kicilof-visito-mercedes-se-runio-con-productores-rurales-y-empresarios\/","url_meta":{"origin":44383,"position":2},"title":"Axel Kicilof visit\u00f3 Mercedes, se runi\u00f3 con productores rurales y empresarios","author":"hoymercedes","date":"8 octubre, 2019","format":false,"excerpt":"Wado, Kicilof y Ustarroz El candidato a gobernador de la provincia de Buenos Aires, Axel Kicilof, estuvo presente en Mercedes. Estuvo en primer lugar reunido con productores locales, integrantes de la Sociedad Rural, comerciantes en la C\u00e1mara Econ\u00f3mica para luego atender la prensa y finalmente en el sal\u00f3n de Luz\u2026","rel":"","context":"En \u00abPol\u00edtica\u00bb","block_context":{"text":"Pol\u00edtica","link":"https:\/\/www.hoymercedes.com.ar\/principal\/category\/politica\/"},"img":{"alt_text":"","src":"https:\/\/i0.wp.com\/www.hoymercedes.com.ar\/principal\/wp-content\/uploads\/2019\/10\/axelkicilof-mercedes7.jpeg?resize=350%2C200&ssl=1","width":350,"height":200,"srcset":"https:\/\/i0.wp.com\/www.hoymercedes.com.ar\/principal\/wp-content\/uploads\/2019\/10\/axelkicilof-mercedes7.jpeg?resize=350%2C200&ssl=1 1x, https:\/\/i0.wp.com\/www.hoymercedes.com.ar\/principal\/wp-content\/uploads\/2019\/10\/axelkicilof-mercedes7.jpeg?resize=525%2C300&ssl=1 1.5x, https:\/\/i0.wp.com\/www.hoymercedes.com.ar\/principal\/wp-content\/uploads\/2019\/10\/axelkicilof-mercedes7.jpeg?resize=700%2C400&ssl=1 2x, https:\/\/i0.wp.com\/www.hoymercedes.com.ar\/principal\/wp-content\/uploads\/2019\/10\/axelkicilof-mercedes7.jpeg?resize=1050%2C600&ssl=1 3x"},"classes":[]},{"id":153960,"url":"https:\/\/www.hoymercedes.com.ar\/principal\/2022\/10\/11\/topo-devoto-presento-su-libro-en-mercedes\/","url_meta":{"origin":44383,"position":3},"title":"\u00abTopo Devoto\u00bb present\u00f3 su libro en Mercedes","author":"hoymercedes","date":"11 octubre, 2022","format":false,"excerpt":"\"Topo Devoto\" present\u00f3 su libro en Mercedes","rel":"","context":"En \u00abCultura\u00bb","block_context":{"text":"Cultura","link":"https:\/\/www.hoymercedes.com.ar\/principal\/category\/cultura\/"},"img":{"alt_text":"","src":"https:\/\/i0.wp.com\/www.hoymercedes.com.ar\/principal\/wp-content\/uploads\/2022\/10\/TopoDevoto-Mercedes.jpg?resize=350%2C200&ssl=1","width":350,"height":200,"srcset":"https:\/\/i0.wp.com\/www.hoymercedes.com.ar\/principal\/wp-content\/uploads\/2022\/10\/TopoDevoto-Mercedes.jpg?resize=350%2C200&ssl=1 1x, https:\/\/i0.wp.com\/www.hoymercedes.com.ar\/principal\/wp-content\/uploads\/2022\/10\/TopoDevoto-Mercedes.jpg?resize=525%2C300&ssl=1 1.5x, https:\/\/i0.wp.com\/www.hoymercedes.com.ar\/principal\/wp-content\/uploads\/2022\/10\/TopoDevoto-Mercedes.jpg?resize=700%2C400&ssl=1 2x, https:\/\/i0.wp.com\/www.hoymercedes.com.ar\/principal\/wp-content\/uploads\/2022\/10\/TopoDevoto-Mercedes.jpg?resize=1050%2C600&ssl=1 3x"},"classes":[]},{"id":153514,"url":"https:\/\/www.hoymercedes.com.ar\/principal\/2022\/09\/28\/municipio-incorporo-dos-colectivos-a-la-linea-local\/","url_meta":{"origin":44383,"position":4},"title":"Municipio incorpor\u00f3 dos colectivos a la l\u00ednea local","author":"hoymercedes","date":"28 septiembre, 2022","format":false,"excerpt":"Municipio incorpor\u00f3 dos colectivos a la l\u00ednea local","rel":"","context":"En \u00abMunicipio\u00bb","block_context":{"text":"Municipio","link":"https:\/\/www.hoymercedes.com.ar\/principal\/category\/municipio\/"},"img":{"alt_text":"","src":"https:\/\/i0.wp.com\/www.hoymercedes.com.ar\/principal\/wp-content\/uploads\/2022\/09\/DSC08585.jpg?resize=350%2C200&ssl=1","width":350,"height":200,"srcset":"https:\/\/i0.wp.com\/www.hoymercedes.com.ar\/principal\/wp-content\/uploads\/2022\/09\/DSC08585.jpg?resize=350%2C200&ssl=1 1x, https:\/\/i0.wp.com\/www.hoymercedes.com.ar\/principal\/wp-content\/uploads\/2022\/09\/DSC08585.jpg?resize=525%2C300&ssl=1 1.5x, https:\/\/i0.wp.com\/www.hoymercedes.com.ar\/principal\/wp-content\/uploads\/2022\/09\/DSC08585.jpg?resize=700%2C400&ssl=1 2x"},"classes":[]},{"id":133569,"url":"https:\/\/www.hoymercedes.com.ar\/principal\/2021\/07\/18\/ustarroz-y-lerner-firman-convenio-y-ratifican-trabajos-entre-gobierno-nacional-y-municipio\/","url_meta":{"origin":44383,"position":5},"title":"Ustarroz y Lerner firman convenio y ratifican trabajos entre gobierno nacional y municipio","author":"hoymercedes","date":"18 julio, 2021","format":false,"excerpt":"En la Secretar\u00eda Nacional de Ni\u00f1ez, Adolescencia y Familia el jefe comunal, Dr. Juan I. Ustarroz, firm\u00f3 un nuevo convenio marco de intercambio institucional con el responsable del \u00e1rea, Dr. Gabriel Lerner. Con dicha \u00e1rea nacional en Mercedes se est\u00e1 trabajando en m\u00faltiples proyectos, como la granja educativa en la\u2026","rel":"","context":"En \u00abMunicipio\u00bb","block_context":{"text":"Municipio","link":"https:\/\/www.hoymercedes.com.ar\/principal\/category\/municipio\/"},"img":{"alt_text":"","src":"https:\/\/i0.wp.com\/www.hoymercedes.com.ar\/principal\/wp-content\/uploads\/2021\/07\/Lerner-Ustarroz.jpeg?resize=350%2C200&ssl=1","width":350,"height":200,"srcset":"https:\/\/i0.wp.com\/www.hoymercedes.com.ar\/principal\/wp-content\/uploads\/2021\/07\/Lerner-Ustarroz.jpeg?resize=350%2C200&ssl=1 1x, https:\/\/i0.wp.com\/www.hoymercedes.com.ar\/principal\/wp-content\/uploads\/2021\/07\/Lerner-Ustarroz.jpeg?resize=525%2C300&ssl=1 1.5x, https:\/\/i0.wp.com\/www.hoymercedes.com.ar\/principal\/wp-content\/uploads\/2021\/07\/Lerner-Ustarroz.jpeg?resize=700%2C400&ssl=1 2x, https:\/\/i0.wp.com\/www.hoymercedes.com.ar\/principal\/wp-content\/uploads\/2021\/07\/Lerner-Ustarroz.jpeg?resize=1050%2C600&ssl=1 3x"},"classes":[]}],"_links":{"self":[{"href":"https:\/\/www.hoymercedes.com.ar\/principal\/wp-json\/wp\/v2\/posts\/44383","targetHints":{"allow":["GET"]}}],"collection":[{"href":"https:\/\/www.hoymercedes.com.ar\/principal\/wp-json\/wp\/v2\/posts"}],"about":[{"href":"https:\/\/www.hoymercedes.com.ar\/principal\/wp-json\/wp\/v2\/types\/post"}],"author":[{"embeddable":true,"href":"https:\/\/www.hoymercedes.com.ar\/principal\/wp-json\/wp\/v2\/users\/1"}],"replies":[{"embeddable":true,"href":"https:\/\/www.hoymercedes.com.ar\/principal\/wp-json\/wp\/v2\/comments?post=44383"}],"version-history":[{"count":0,"href":"https:\/\/www.hoymercedes.com.ar\/principal\/wp-json\/wp\/v2\/posts\/44383\/revisions"}],"wp:featuredmedia":[{"embeddable":true,"href":"https:\/\/www.hoymercedes.com.ar\/principal\/wp-json\/wp\/v2\/media\/44385"}],"wp:attachment":[{"href":"https:\/\/www.hoymercedes.com.ar\/principal\/wp-json\/wp\/v2\/media?parent=44383"}],"wp:term":[{"taxonomy":"category","embeddable":true,"href":"https:\/\/www.hoymercedes.com.ar\/principal\/wp-json\/wp\/v2\/categories?post=44383"},{"taxonomy":"post_tag","embeddable":true,"href":"https:\/\/www.hoymercedes.com.ar\/principal\/wp-json\/wp\/v2\/tags?post=44383"}],"curies":[{"name":"wp","href":"https:\/\/api.w.org\/{rel}","templated":true}]}}