{"id":44396,"date":"2015-09-05T17:16:44","date_gmt":"2015-09-05T20:16:44","guid":{"rendered":"http:\/\/www.hoymercedes.com.ar\/principal\/?p=44396"},"modified":"2015-09-06T22:29:18","modified_gmt":"2015-09-07T01:29:18","slug":"finalmente-lucas-biglia-no-firmo-extension-de-contrato-con-lazio","status":"publish","type":"post","link":"https:\/\/www.hoymercedes.com.ar\/principal\/2015\/09\/05\/finalmente-lucas-biglia-no-firmo-extension-de-contrato-con-lazio\/","title":{"rendered":"Finalmente Lucas Biglia no firm\u00f3 extensi\u00f3n de contrato con Lazio"},"content":{"rendered":"<p>El mercedino Lucas Biglia confirm\u00f3 y rectific\u00f3 lo publicado por medios europeos sobre la extensi\u00f3n de contrato con el Lazio de Italia. El mediocampista de la selecci\u00f3n nacional se comunic\u00f3 con el Presidente la Liga Mercedina, Esteban Marcelo, y solicit\u00f3 rectifiquemos lo publicado d\u00edas atr\u00e1s por HoyMercedes manifestando que \u201cno firm\u00e9 nuevo contrato con la Lazio\u201d. La noticia surgi\u00f3 a partir de medios deportivos tanto europeos como hispanoamericanos, donde Biglia es una verdadera figura deseada para el mediocampo de los principales equipos del viejo continente.<\/p>\n<p>Esteban Marcelo recibi\u00f3 la llamada de Biglia, quien nuevamente fue considerado por el Tata Martino para la selecci\u00f3n mayor y le manifest\u00f3 que le\u00edda la noticia en nuestro medio deb\u00eda ser rectificada, que sin bien los medios europeros lo declaraban como algo dado la realidad es que Biglia no firm\u00f3 ninguna extensi\u00f3n con la Lazio.<\/p>\n<p>De esta manera, la \u201cnovela\u201d de Lucas Biglia sigue encendida ya que si bien sigue en el calcio italiano son muchos los clubes de primera l\u00ednea que quieren ficharlo, a pesar de las altas consideraciones econ\u00f3micas puestas por la conducci\u00f3n de su actual club.<\/p>\n","protected":false},"excerpt":{"rendered":"<p>El mercedino Lucas Biglia confirm\u00f3 y rectific\u00f3 lo publicado por medios europeos sobre la extensi\u00f3n de contrato con el Lazio &#8230; <a title=\"Finalmente Lucas Biglia no firm\u00f3 extensi\u00f3n de contrato con Lazio\" class=\"read-more\" href=\"https:\/\/www.hoymercedes.com.ar\/principal\/2015\/09\/05\/finalmente-lucas-biglia-no-firmo-extension-de-contrato-con-lazio\/\" aria-label=\"Leer m\u00e1s sobre Finalmente Lucas Biglia no firm\u00f3 extensi\u00f3n de contrato con Lazio\">Leer m\u00e1s<\/a><\/p>\n","protected":false},"author":1,"featured_media":38640,"comment_status":"open","ping_status":"open","sticky":false,"template":"","format":"standard","meta":{"_monsterinsights_skip_tracking":false,"_monsterinsights_sitenote_active":false,"_monsterinsights_sitenote_note":"","_monsterinsights_sitenote_category":0,"jetpack_post_was_ever_published":false,"_jetpack_newsletter_access":"","_jetpack_dont_email_post_to_subs":false,"_jetpack_newsletter_tier_id":0,"_jetpack_memberships_contains_paywalled_content":false,"_jetpack_memberships_contains_paid_content":false,"footnotes":"","jetpack_publicize_message":"","jetpack_publicize_feature_enabled":true,"jetpack_social_post_already_shared":true,"jetpack_social_options":{"image_generator_settings":{"template":"highway","default_image_id":0,"font":"","enabled":false},"version":2},"_wpas_customize_per_network":false},"categories":[21],"tags":[7882,5315,305],"class_list":["post-44396","post","type-post","status-publish","format-standard","has-post-thumbnail","hentry","category-deportes","tag-biglia-lazio","tag-biglia-seleccion-nacional","tag-lucas-biglia","generate-columns","tablet-grid-50","mobile-grid-100","grid-parent","grid-50"],"jetpack_publicize_connections":[],"jetpack_featured_media_url":"https:\/\/www.hoymercedes.com.ar\/principal\/wp-content\/uploads\/2014\/12\/biglia-lucas.jpg","wps_subtitle":"Lo confirm\u00f3 el jugador","jetpack_sharing_enabled":true,"_links":{"self":[{"href":"https:\/\/www.hoymercedes.com.ar\/principal\/wp-json\/wp\/v2\/posts\/44396","targetHints":{"allow":["GET"]}}],"collection":[{"href":"https:\/\/www.hoymercedes.com.ar\/principal\/wp-json\/wp\/v2\/posts"}],"about":[{"href":"https:\/\/www.hoymercedes.com.ar\/principal\/wp-json\/wp\/v2\/types\/post"}],"author":[{"embeddable":true,"href":"https:\/\/www.hoymercedes.com.ar\/principal\/wp-json\/wp\/v2\/users\/1"}],"replies":[{"embeddable":true,"href":"https:\/\/www.hoymercedes.com.ar\/principal\/wp-json\/wp\/v2\/comments?post=44396"}],"version-history":[{"count":0,"href":"https:\/\/www.hoymercedes.com.ar\/principal\/wp-json\/wp\/v2\/posts\/44396\/revisions"}],"wp:featuredmedia":[{"embeddable":true,"href":"https:\/\/www.hoymercedes.com.ar\/principal\/wp-json\/wp\/v2\/media\/38640"}],"wp:attachment":[{"href":"https:\/\/www.hoymercedes.com.ar\/principal\/wp-json\/wp\/v2\/media?parent=44396"}],"wp:term":[{"taxonomy":"category","embeddable":true,"href":"https:\/\/www.hoymercedes.com.ar\/principal\/wp-json\/wp\/v2\/categories?post=44396"},{"taxonomy":"post_tag","embeddable":true,"href":"https:\/\/www.hoymercedes.com.ar\/principal\/wp-json\/wp\/v2\/tags?post=44396"}],"curies":[{"name":"wp","href":"https:\/\/api.w.org\/{rel}","templated":true}]}}