{"id":4440,"date":"2011-05-23T18:20:11","date_gmt":"2011-05-23T18:20:11","guid":{"rendered":"http:\/\/www.hoymercedes.com.ar\/principal\/?p=4440"},"modified":"2011-05-23T18:20:11","modified_gmt":"2011-05-23T18:20:11","slug":"selva-nuevamente-con-scioli","status":"publish","type":"post","link":"https:\/\/www.hoymercedes.com.ar\/principal\/2011\/05\/23\/selva-nuevamente-con-scioli\/","title":{"rendered":"Selva nuevamente con Scioli"},"content":{"rendered":"<p>El intendente local estar\u00eda en estos momentos nuevamente reunido con el gobernador Daniel Scioli.<\/p>\n<p>En las \u00faltimas semanas fueron muchas las reuniones producidas entre el intendente Carlos Selva y el gobernador de la provincia Daniel Scioli. Algunas de ellas de tono m\u00e1s pol\u00edtico que de gesti\u00f3n, pero, siempre con alg\u00fan anuncio bajo el brazo para que brinde el ejecutivo local a toda la comunidad.<\/p>\n<p>Carlos Selva contin\u00faa su paso al tercer mandato y no caben dudas la relaci\u00f3n con la provincia es \u00f3ptima.<\/p>\n<p>Acompa\u00f1ar\u00edan otros miembros del gabinete la reuni\u00f3n.<\/p>\n","protected":false},"excerpt":{"rendered":"<p>El intendente local estar\u00eda en estos momentos nuevamente reunido con el gobernador Daniel Scioli. En las \u00faltimas semanas fueron muchas &#8230; <a title=\"Selva nuevamente con Scioli\" class=\"read-more\" href=\"https:\/\/www.hoymercedes.com.ar\/principal\/2011\/05\/23\/selva-nuevamente-con-scioli\/\" aria-label=\"Leer m\u00e1s sobre Selva nuevamente con Scioli\">Leer m\u00e1s<\/a><\/p>\n","protected":false},"author":1,"featured_media":0,"comment_status":"open","ping_status":"open","sticky":false,"template":"","format":"standard","meta":{"_monsterinsights_skip_tracking":false,"_monsterinsights_sitenote_active":false,"_monsterinsights_sitenote_note":"","_monsterinsights_sitenote_category":0,"jetpack_post_was_ever_published":false,"_jetpack_newsletter_access":"","_jetpack_dont_email_post_to_subs":false,"_jetpack_newsletter_tier_id":0,"_jetpack_memberships_contains_paywalled_content":false,"_jetpack_memberships_contains_paid_content":false,"footnotes":"","jetpack_publicize_message":"","jetpack_publicize_feature_enabled":true,"jetpack_social_post_already_shared":false,"jetpack_social_options":{"image_generator_settings":{"template":"highway","default_image_id":0,"font":"","enabled":false},"version":2},"_wpas_customize_per_network":false},"categories":[5],"tags":[826],"class_list":["post-4440","post","type-post","status-publish","format-standard","hentry","category-politica","tag-selva-con-scioli","generate-columns","tablet-grid-50","mobile-grid-100","grid-parent","grid-50"],"jetpack_publicize_connections":[],"jetpack_featured_media_url":"","wps_subtitle":"","jetpack_sharing_enabled":true,"_links":{"self":[{"href":"https:\/\/www.hoymercedes.com.ar\/principal\/wp-json\/wp\/v2\/posts\/4440","targetHints":{"allow":["GET"]}}],"collection":[{"href":"https:\/\/www.hoymercedes.com.ar\/principal\/wp-json\/wp\/v2\/posts"}],"about":[{"href":"https:\/\/www.hoymercedes.com.ar\/principal\/wp-json\/wp\/v2\/types\/post"}],"author":[{"embeddable":true,"href":"https:\/\/www.hoymercedes.com.ar\/principal\/wp-json\/wp\/v2\/users\/1"}],"replies":[{"embeddable":true,"href":"https:\/\/www.hoymercedes.com.ar\/principal\/wp-json\/wp\/v2\/comments?post=4440"}],"version-history":[{"count":0,"href":"https:\/\/www.hoymercedes.com.ar\/principal\/wp-json\/wp\/v2\/posts\/4440\/revisions"}],"wp:attachment":[{"href":"https:\/\/www.hoymercedes.com.ar\/principal\/wp-json\/wp\/v2\/media?parent=4440"}],"wp:term":[{"taxonomy":"category","embeddable":true,"href":"https:\/\/www.hoymercedes.com.ar\/principal\/wp-json\/wp\/v2\/categories?post=4440"},{"taxonomy":"post_tag","embeddable":true,"href":"https:\/\/www.hoymercedes.com.ar\/principal\/wp-json\/wp\/v2\/tags?post=4440"}],"curies":[{"name":"wp","href":"https:\/\/api.w.org\/{rel}","templated":true}]}}