{"id":44402,"date":"2015-09-05T21:49:12","date_gmt":"2015-09-06T00:49:12","guid":{"rendered":"http:\/\/www.hoymercedes.com.ar\/principal\/?p=44402"},"modified":"2015-09-07T21:51:53","modified_gmt":"2015-09-08T00:51:53","slug":"el-mic-dividido-un-sector-afirma-compromiso-pleno-con-frente-cambiemos","status":"publish","type":"post","link":"https:\/\/www.hoymercedes.com.ar\/principal\/2015\/09\/05\/el-mic-dividido-un-sector-afirma-compromiso-pleno-con-frente-cambiemos\/","title":{"rendered":"El MIC Dividido: un sector afirma compromiso pleno con \u00abFrente Cambiemos\u00bb"},"content":{"rendered":"<p><a href=\"https:\/\/www.hoymercedes.com.ar\/principal\/wp-content\/uploads\/2015\/09\/mic.separado.jpg\"><img loading=\"lazy\" decoding=\"async\" data-attachment-id=\"44403\" data-permalink=\"https:\/\/www.hoymercedes.com.ar\/principal\/2015\/09\/05\/el-mic-dividido-un-sector-afirma-compromiso-pleno-con-frente-cambiemos\/mic-separado\/#main\" data-orig-file=\"https:\/\/www.hoymercedes.com.ar\/principal\/wp-content\/uploads\/2015\/09\/mic.separado.jpg\" data-orig-size=\"620,465\" data-comments-opened=\"1\" data-image-meta=\"{&quot;aperture&quot;:&quot;0&quot;,&quot;credit&quot;:&quot;&quot;,&quot;camera&quot;:&quot;&quot;,&quot;caption&quot;:&quot;&quot;,&quot;created_timestamp&quot;:&quot;0&quot;,&quot;copyright&quot;:&quot;&quot;,&quot;focal_length&quot;:&quot;0&quot;,&quot;iso&quot;:&quot;0&quot;,&quot;shutter_speed&quot;:&quot;0&quot;,&quot;title&quot;:&quot;&quot;,&quot;orientation&quot;:&quot;0&quot;}\" data-image-title=\"mic.separado\" data-image-description=\"\" data-image-caption=\"\" data-large-file=\"https:\/\/www.hoymercedes.com.ar\/principal\/wp-content\/uploads\/2015\/09\/mic.separado.jpg\" class=\"Img2014 aligncenter wp-image-44403 size-full\" src=\"https:\/\/www.hoymercedes.com.ar\/principal\/wp-content\/uploads\/2015\/09\/mic.separado.jpg\" alt=\"mic.separado\" width=\"620\" height=\"465\" srcset=\"https:\/\/www.hoymercedes.com.ar\/principal\/wp-content\/uploads\/2015\/09\/mic.separado.jpg 620w, https:\/\/www.hoymercedes.com.ar\/principal\/wp-content\/uploads\/2015\/09\/mic.separado-150x113.jpg 150w, https:\/\/www.hoymercedes.com.ar\/principal\/wp-content\/uploads\/2015\/09\/mic.separado-290x218.jpg 290w, https:\/\/www.hoymercedes.com.ar\/principal\/wp-content\/uploads\/2015\/09\/mic.separado-50x38.jpg 50w\" sizes=\"auto, (max-width: 620px) 100vw, 620px\" \/><\/a><\/p>\n<p>A trav\u00e9s de un comunicado de prensa un sector del MIC dieron a conocer su decisi\u00f3n de acompa\u00f1ar al \u00abFrente Cambiemos\u00bb y no adherir a la postura del otro sector que llam\u00f3 a la libertad de acci\u00f3n no acogi\u00e9ndose al resultado de la elecci\u00f3n, siendo este segundo grupo encabezado por Jos\u00e9 Cestari.<\/p>\n<p>Juan carl\u00f3s Badano, Cristina Gottifredi, Agust\u00edn Bavastro,\u00a0Daniel Bandoni, Mar\u00eda Novais, Daniel Espinoda y Daniel Gottifredi dieron a conocer la postura que se distancia de Cestari, dejando abierto el panorama y la duda de c\u00f3mo actuar\u00e1n los compa\u00f1eros de bloque en el Concejo Deliberante.<\/p>\n<p>El comunicado es el siguiente:<\/p>\n<p style=\"padding-left: 60px;\">Asumimos un compromiso<\/p>\n<p style=\"padding-left: 60px;\"><em>\u00abDesde el d\u00eda que integramos el Frente Cambiemos entendimos que el pa\u00eds y la ciudad estaba pidiendo\u00a0 un verdadero cambio. Luego del resultado electoral del 9 de agosto la Comisi\u00f3n Directiva del MIC, en votaci\u00f3n dividida decidi\u00f3 no acompa\u00f1ar como Partido la candidatura del espacio ganador a nivel Local ,\u00a0 dando la opci\u00f3n a quienes votamos por la afirmativa de actuar de acuerdo a su criterio\u00a0\u00a0\u00a0 .<\/em><\/p>\n<p style=\"padding-left: 60px;\"><em>Quienes decidimos acompa\u00f1ar al Frente Cambiemos creemos en la palabra dada y el compromiso asumido y nos debemos a quienes nos eligieron con el voto. Pensamos\u00a0 que es tiempo de dejar de las diferencias\u00a0 y trabajar por el bien com\u00fan<\/em><\/p>\n<p style=\"padding-left: 60px;\"><em> La sociedad necesita una nueva forma de hacer pol\u00edtica y desde Cambiemos se est\u00e1 proponiendo una tarea en conjunto, entre los cuatro espacios que integran el Frente, que le permite a nuestros equipos un debate de ideas y aportar los proyectos que se desarrollaron durante la campa\u00f1a.<\/em>\u00ab<\/p>\n<p style=\"padding-left: 60px;\">Juan carl\u00f3s Badano, Cristina Gottifredi, Agust\u00edn Bavastro, Daniel Bandoni<\/p>\n","protected":false},"excerpt":{"rendered":"<p>A trav\u00e9s de un comunicado de prensa un sector del MIC dieron a conocer su decisi\u00f3n de acompa\u00f1ar al \u00abFrente &#8230; <a title=\"El MIC Dividido: un sector afirma compromiso pleno con \u00abFrente Cambiemos\u00bb\" class=\"read-more\" href=\"https:\/\/www.hoymercedes.com.ar\/principal\/2015\/09\/05\/el-mic-dividido-un-sector-afirma-compromiso-pleno-con-frente-cambiemos\/\" aria-label=\"Leer m\u00e1s sobre El MIC Dividido: un sector afirma compromiso pleno con \u00abFrente Cambiemos\u00bb\">Leer m\u00e1s<\/a><\/p>\n","protected":false},"author":1,"featured_media":44403,"comment_status":"open","ping_status":"open","sticky":false,"template":"","format":"standard","meta":{"_monsterinsights_skip_tracking":false,"_monsterinsights_sitenote_active":false,"_monsterinsights_sitenote_note":"","_monsterinsights_sitenote_category":0,"jetpack_post_was_ever_published":false,"_jetpack_newsletter_access":"","_jetpack_dont_email_post_to_subs":false,"_jetpack_newsletter_tier_id":0,"_jetpack_memberships_contains_paywalled_content":false,"_jetpack_memberships_contains_paid_content":false,"footnotes":"","jetpack_publicize_message":"","jetpack_publicize_feature_enabled":true,"jetpack_social_post_already_shared":true,"jetpack_social_options":{"image_generator_settings":{"template":"highway","default_image_id":0,"font":"","enabled":false},"version":2},"_wpas_customize_per_network":false},"categories":[5],"tags":[7886,7885,7887,7889,4098,7888,7884],"class_list":["post-44402","post","type-post","status-publish","format-standard","has-post-thumbnail","hentry","category-politica","tag-agustin-bavastro","tag-cristina-gottifredi","tag-daniel-bandoni","tag-daniel-espinoda-y-daniel-gottifredi","tag-juan-carlos-badano","tag-maria-novais","tag-mic-dividido","generate-columns","tablet-grid-50","mobile-grid-100","grid-parent","grid-50"],"jetpack_publicize_connections":[],"jetpack_featured_media_url":"https:\/\/www.hoymercedes.com.ar\/principal\/wp-content\/uploads\/2015\/09\/mic.separado.jpg","wps_subtitle":"Se distancian de Cestari","jetpack_sharing_enabled":true,"jetpack-related-posts":[{"id":42499,"url":"https:\/\/www.hoymercedes.com.ar\/principal\/2015\/06\/20\/mic-pro-encabeza-jose-cestari-y-cristina-gottifredi-primera-concejal\/","url_meta":{"origin":44402,"position":0},"title":"MIC-PRO: Encabeza Jos\u00e9 Cestari y Cristina Gottifredi primera concejal","author":"hoymercedes","date":"20 junio, 2015","format":false,"excerpt":"Dentro del Frente Cambiemos el MIC participar\u00e1 de la interna con Jos\u00e9 Cestari como pre candidato a intendente. En la lista incluir\u00e1n a Mauricio Macri como presidente y Mar\u00eda Eugenia Vidal en Buenos Aires. El MIC-PRO present\u00f3 la siguiente lista de pre candidatos al Concejo Deliberante 1 Cristina Gottifredi (abogada)\u2026","rel":"","context":"En \u00abPol\u00edtica\u00bb","block_context":{"text":"Pol\u00edtica","link":"https:\/\/www.hoymercedes.com.ar\/principal\/category\/politica\/"},"img":{"alt_text":"","src":"https:\/\/i0.wp.com\/www.hoymercedes.com.ar\/principal\/wp-content\/uploads\/2015\/02\/JoseCestari-PRO.jpg?resize=350%2C200&ssl=1","width":350,"height":200,"srcset":"https:\/\/i0.wp.com\/www.hoymercedes.com.ar\/principal\/wp-content\/uploads\/2015\/02\/JoseCestari-PRO.jpg?resize=350%2C200&ssl=1 1x, https:\/\/i0.wp.com\/www.hoymercedes.com.ar\/principal\/wp-content\/uploads\/2015\/02\/JoseCestari-PRO.jpg?resize=525%2C300&ssl=1 1.5x"},"classes":[]},{"id":60118,"url":"https:\/\/www.hoymercedes.com.ar\/principal\/2017\/02\/25\/omar-pelusa-gonzalez-preside-el-pro-mercedes\/","url_meta":{"origin":44402,"position":1},"title":"Omar \u201cPelusa\u201d Gonz\u00e1lez preside el PRO Mercedes","author":"hoymercedes","date":"25 febrero, 2017","format":false,"excerpt":"Titular del partido pol\u00edtico local, Gonz\u00e1lez est\u00e1 acompa\u00f1ado por Alejandro Llanos y Cristina Gottifredi entre otros profesionales locales que fueron presentados en la noche del viernes. Como invitados estuvieron presentes los funcionarios Alex Campbell y Carla Picolomini En las \u00faltimas horas de la tarde del viernes, el PRO Mercedes present\u00f3\u2026","rel":"","context":"En \u00abPol\u00edtica\u00bb","block_context":{"text":"Pol\u00edtica","link":"https:\/\/www.hoymercedes.com.ar\/principal\/category\/politica\/"},"img":{"alt_text":"","src":"https:\/\/i0.wp.com\/www.hoymercedes.com.ar\/principal\/wp-content\/uploads\/2017\/02\/25-PRO-Mercedes-1.jpg?resize=350%2C200&ssl=1","width":350,"height":200,"srcset":"https:\/\/i0.wp.com\/www.hoymercedes.com.ar\/principal\/wp-content\/uploads\/2017\/02\/25-PRO-Mercedes-1.jpg?resize=350%2C200&ssl=1 1x, https:\/\/i0.wp.com\/www.hoymercedes.com.ar\/principal\/wp-content\/uploads\/2017\/02\/25-PRO-Mercedes-1.jpg?resize=525%2C300&ssl=1 1.5x"},"classes":[]},{"id":61707,"url":"https:\/\/www.hoymercedes.com.ar\/principal\/2017\/04\/15\/cambiemos-mercedes-baraja-nombres-de-candidatos\/","url_meta":{"origin":44402,"position":2},"title":"Cambiemos Mercedes baraja nombres de candidatos","author":"hoymercedes","date":"15 abril, 2017","format":false,"excerpt":"Faltan algunos meses para la confirmaci\u00f3n de la lista que disputar\u00e1n las bancas legislativas. Desde el Frente Cambiemos algunos nombres est\u00e1n empezando a sonar\u00a0en mayor y medida. El PRO Mercedes, integrante del Cambiemos local, confirm\u00f3 que se trabaja en armar una lista de unidad para las PASOs de agosto. Aunque\u2026","rel":"","context":"En \u00abPol\u00edtica\u00bb","block_context":{"text":"Pol\u00edtica","link":"https:\/\/www.hoymercedes.com.ar\/principal\/category\/politica\/"},"img":{"alt_text":"","src":"https:\/\/i0.wp.com\/www.hoymercedes.com.ar\/principal\/wp-content\/uploads\/2017\/04\/15-Cristina-Gottifredi.jpg?resize=350%2C200&ssl=1","width":350,"height":200,"srcset":"https:\/\/i0.wp.com\/www.hoymercedes.com.ar\/principal\/wp-content\/uploads\/2017\/04\/15-Cristina-Gottifredi.jpg?resize=350%2C200&ssl=1 1x, https:\/\/i0.wp.com\/www.hoymercedes.com.ar\/principal\/wp-content\/uploads\/2017\/04\/15-Cristina-Gottifredi.jpg?resize=525%2C300&ssl=1 1.5x"},"classes":[]},{"id":50281,"url":"https:\/\/www.hoymercedes.com.ar\/principal\/2016\/05\/23\/funcionarios-de-la-provincia-visitaron-a-dirigentes-del-pro-mercedes\/","url_meta":{"origin":44402,"position":3},"title":"Funcionarios de la provincia visitaron a dirigentes del Pro Mercedes","author":"hoymercedes","date":"23 mayo, 2016","format":false,"excerpt":"El pasado jueves 20 de mayo,\u00a0 integrantes del gabinete de Mar\u00eda Eugenia Vidal visitaron a referentes del PRO local para afianzar v\u00ednculos y fortalecer el espacio. M\u00e1s tarde concejales y funcionarios de Cambiemos compartieron la reuni\u00f3n de trabajo acercando inquietudes y articulando acciones para colaborar con la gesti\u00f3n. La dirigente\u2026","rel":"","context":"En \u00abPol\u00edtica\u00bb","block_context":{"text":"Pol\u00edtica","link":"https:\/\/www.hoymercedes.com.ar\/principal\/category\/politica\/"},"img":{"alt_text":"","src":"https:\/\/i0.wp.com\/www.hoymercedes.com.ar\/principal\/wp-content\/uploads\/2016\/05\/pro.jpg?resize=350%2C200&ssl=1","width":350,"height":200},"classes":[]},{"id":42817,"url":"https:\/\/www.hoymercedes.com.ar\/principal\/2015\/07\/02\/cestari-presento-su-candidatura-a-intendente-junto-a-toda-su-lista\/","url_meta":{"origin":44402,"position":4},"title":"Cestari present\u00f3 su candidatura a intendente junto a toda su lista","author":"hoymercedes","date":"2 julio, 2015","format":false,"excerpt":"Bajo un marco de entusiasmo y acompa\u00f1amiento Jos\u00e9 Cestari present\u00f3 su candidatura a intendente y todos los integrantes de la lista que lo seguir\u00e1n en la interna del \u201cFrente Cambiemos\u201d en las PASO del pr\u00f3ximo 9 de agosto. Jos\u00e9 Cestari llev\u00f3 a cabo la presentaci\u00f3n de sus compa\u00f1eros de lista.\u2026","rel":"","context":"En \u00abPol\u00edtica\u00bb","block_context":{"text":"Pol\u00edtica","link":"https:\/\/www.hoymercedes.com.ar\/principal\/category\/politica\/"},"img":{"alt_text":"","src":"https:\/\/i0.wp.com\/www.hoymercedes.com.ar\/principal\/wp-content\/uploads\/2015\/07\/cestari.lanzamiento.2015.jpg?resize=350%2C200&ssl=1","width":350,"height":200,"srcset":"https:\/\/i0.wp.com\/www.hoymercedes.com.ar\/principal\/wp-content\/uploads\/2015\/07\/cestari.lanzamiento.2015.jpg?resize=350%2C200&ssl=1 1x, https:\/\/i0.wp.com\/www.hoymercedes.com.ar\/principal\/wp-content\/uploads\/2015\/07\/cestari.lanzamiento.2015.jpg?resize=525%2C300&ssl=1 1.5x"},"classes":[]},{"id":54923,"url":"https:\/\/www.hoymercedes.com.ar\/principal\/2016\/09\/21\/visito-la-ciudad-el-diputado-provincial-daniel-ivoskus\/","url_meta":{"origin":44402,"position":5},"title":"Visit\u00f3 la ciudad el Diputado Provincial Daniel Ivoskus","author":"hoymercedes","date":"21 septiembre, 2016","format":false,"excerpt":"El Diputado Provincial Daniel Ivoskus recorri\u00f3 empresas locales\u00a0junto a los Concejales del Frente Cambiemos.\u00a0El legislador bonaerense se hizo presente el viernes pasado para recorrer y conocer la ciudad y dos empresas ubicadas en el Acceso Manuel Sanmart\u00edn.\u00a0 En el marco de su recorrido por la provincia de Buenos Aires, el\u2026","rel":"","context":"En \u00abPol\u00edtica\u00bb","block_context":{"text":"Pol\u00edtica","link":"https:\/\/www.hoymercedes.com.ar\/principal\/category\/politica\/"},"img":{"alt_text":"","src":"https:\/\/i0.wp.com\/www.hoymercedes.com.ar\/principal\/wp-content\/uploads\/2016\/09\/17-ivoskus.jpg?resize=350%2C200&ssl=1","width":350,"height":200},"classes":[]}],"_links":{"self":[{"href":"https:\/\/www.hoymercedes.com.ar\/principal\/wp-json\/wp\/v2\/posts\/44402","targetHints":{"allow":["GET"]}}],"collection":[{"href":"https:\/\/www.hoymercedes.com.ar\/principal\/wp-json\/wp\/v2\/posts"}],"about":[{"href":"https:\/\/www.hoymercedes.com.ar\/principal\/wp-json\/wp\/v2\/types\/post"}],"author":[{"embeddable":true,"href":"https:\/\/www.hoymercedes.com.ar\/principal\/wp-json\/wp\/v2\/users\/1"}],"replies":[{"embeddable":true,"href":"https:\/\/www.hoymercedes.com.ar\/principal\/wp-json\/wp\/v2\/comments?post=44402"}],"version-history":[{"count":0,"href":"https:\/\/www.hoymercedes.com.ar\/principal\/wp-json\/wp\/v2\/posts\/44402\/revisions"}],"wp:featuredmedia":[{"embeddable":true,"href":"https:\/\/www.hoymercedes.com.ar\/principal\/wp-json\/wp\/v2\/media\/44403"}],"wp:attachment":[{"href":"https:\/\/www.hoymercedes.com.ar\/principal\/wp-json\/wp\/v2\/media?parent=44402"}],"wp:term":[{"taxonomy":"category","embeddable":true,"href":"https:\/\/www.hoymercedes.com.ar\/principal\/wp-json\/wp\/v2\/categories?post=44402"},{"taxonomy":"post_tag","embeddable":true,"href":"https:\/\/www.hoymercedes.com.ar\/principal\/wp-json\/wp\/v2\/tags?post=44402"}],"curies":[{"name":"wp","href":"https:\/\/api.w.org\/{rel}","templated":true}]}}