{"id":44406,"date":"2015-09-06T20:47:07","date_gmt":"2015-09-06T23:47:07","guid":{"rendered":"http:\/\/www.hoymercedes.com.ar\/principal\/?p=44406"},"modified":"2015-09-08T21:54:13","modified_gmt":"2015-09-09T00:54:13","slug":"confirman-obras-nacionales-y-provinciales-para-aliviar-efectos-de-las-inundaciones","status":"publish","type":"post","link":"https:\/\/www.hoymercedes.com.ar\/principal\/2015\/09\/06\/confirman-obras-nacionales-y-provinciales-para-aliviar-efectos-de-las-inundaciones\/","title":{"rendered":"Confirman obras nacionales y provinciales para aliviar efectos de las inundaciones"},"content":{"rendered":"<p><a href=\"https:\/\/www.hoymercedes.com.ar\/principal\/wp-content\/uploads\/2015\/09\/inundacion-mercedes-2015.jpg\"><img loading=\"lazy\" decoding=\"async\" data-attachment-id=\"44407\" data-permalink=\"https:\/\/www.hoymercedes.com.ar\/principal\/2015\/09\/06\/confirman-obras-nacionales-y-provinciales-para-aliviar-efectos-de-las-inundaciones\/inundacion-mercedes-2015\/#main\" data-orig-file=\"https:\/\/www.hoymercedes.com.ar\/principal\/wp-content\/uploads\/2015\/09\/inundacion-mercedes-2015.jpg\" data-orig-size=\"620,465\" data-comments-opened=\"1\" data-image-meta=\"{&quot;aperture&quot;:&quot;0&quot;,&quot;credit&quot;:&quot;&quot;,&quot;camera&quot;:&quot;&quot;,&quot;caption&quot;:&quot;&quot;,&quot;created_timestamp&quot;:&quot;0&quot;,&quot;copyright&quot;:&quot;&quot;,&quot;focal_length&quot;:&quot;0&quot;,&quot;iso&quot;:&quot;0&quot;,&quot;shutter_speed&quot;:&quot;0&quot;,&quot;title&quot;:&quot;&quot;,&quot;orientation&quot;:&quot;0&quot;}\" data-image-title=\"inundacion-mercedes-2015\" data-image-description=\"\" data-image-caption=\"\" data-large-file=\"https:\/\/www.hoymercedes.com.ar\/principal\/wp-content\/uploads\/2015\/09\/inundacion-mercedes-2015.jpg\" class=\"Img2014 aligncenter wp-image-44407 size-full\" title=\"Inundaci\u00f3n Mercedes, Buenos Aires, Gustavo Salomone, Obras \" src=\"https:\/\/www.hoymercedes.com.ar\/principal\/wp-content\/uploads\/2015\/09\/inundacion-mercedes-2015.jpg\" alt=\"inundacion-mercedes-2015\" width=\"620\" height=\"465\" srcset=\"https:\/\/www.hoymercedes.com.ar\/principal\/wp-content\/uploads\/2015\/09\/inundacion-mercedes-2015.jpg 620w, https:\/\/www.hoymercedes.com.ar\/principal\/wp-content\/uploads\/2015\/09\/inundacion-mercedes-2015-150x113.jpg 150w, https:\/\/www.hoymercedes.com.ar\/principal\/wp-content\/uploads\/2015\/09\/inundacion-mercedes-2015-290x218.jpg 290w, https:\/\/www.hoymercedes.com.ar\/principal\/wp-content\/uploads\/2015\/09\/inundacion-mercedes-2015-50x38.jpg 50w\" sizes=\"auto, (max-width: 620px) 100vw, 620px\" \/><\/a><\/p>\n<p><em><strong>El OCCOVI confirm\u00f3 la inminente ejecuci\u00f3n del aliviador hidr\u00e1ulico de ruta nacional 5 entre la calle 11 al arroyo Las Pulgas, para desviar la cuenca rural de 560 hect\u00e1reas e impedir las inundaciones en la zona del acceso Manuel Sanmart\u00edn y los barrios San Mart\u00edn, Mutti, Lopardo, Facundo Quiroga, entre otros.<\/strong><\/em><\/p>\n<p>Despu\u00e9s del \u00faltimo suceso de inundaciones vivido en la provincia de Buenos Aires, y particularmente en el Partido de Mercedes, parece que empiezan a aparecer las soluciones y respuestas a los pedidos del Municipio, por parte de los gobiernos Provinciales y Nacionales. En estos \u00faltimos d\u00edas, se han visto anuncios de diversas obras en nuestro distrito.<\/p>\n<p>OBRAS PROVINCIALES: El gobernador ha decretado la emergencia h\u00eddrica en 43 distritos de la provincia de Buenos Aires bajo el decreto PCIAL 618\/15, en el cual MERCEDES est\u00e1 incluido y por el cual se dispone la ejecuci\u00f3n de obras necesarias para aliviar las cuencas h\u00eddricas, y el Municipio de Mercedes ya ha adherido nuevamente y se ha solicitado las mismas obras que se pidieron en el a\u00f1o 2010. Adem\u00e1s, el Gobierno ha sido autorizado a tomar un pr\u00e9stamo de 4500 millones de pesos para realizar obras en la cuenca del R\u00edo Luj\u00e1n, entre otras, y se incluyen\u00a0 los arroyos de la cuenca alta del r\u00edo.<\/p>\n<p>OBRAS NACIONALES: Tal como se anunciara recientemente, confirman desde el OCCOVI el inminente comienzo del canal aliviador de Ruta Nacional 5 desde calle 11 a Arroyo Las Pulgas para el mes pr\u00f3ximo. Estas obras, son fundamentales para evitar las inundaciones en nuestra ciudad.<\/p>\n<p>En definitiva, el municipio de Mercedes es el \u00fanico denunciado por las inundaciones entre los 43 distritos afectados, siendo adem\u00e1s las causas responsabilidades provinciales y nacionales, como se evidencian con los anuncios recientes de las obras sobre la ruta y el r\u00edo. El municipio de Mercedes, notificar\u00e1 en estos d\u00edas a la UFI 1 de tales anuncios provinciales y nacionales, para que se tengan en cuenta.<\/p>\n","protected":false},"excerpt":{"rendered":"<p>El OCCOVI confirm\u00f3 la inminente ejecuci\u00f3n del aliviador hidr\u00e1ulico de ruta nacional 5 entre la calle 11 al arroyo Las &#8230; <a title=\"Confirman obras nacionales y provinciales para aliviar efectos de las inundaciones\" class=\"read-more\" href=\"https:\/\/www.hoymercedes.com.ar\/principal\/2015\/09\/06\/confirman-obras-nacionales-y-provinciales-para-aliviar-efectos-de-las-inundaciones\/\" aria-label=\"Leer m\u00e1s sobre Confirman obras nacionales y provinciales para aliviar efectos de las inundaciones\">Leer m\u00e1s<\/a><\/p>\n","protected":false},"author":1,"featured_media":44407,"comment_status":"open","ping_status":"open","sticky":false,"template":"","format":"standard","meta":{"_monsterinsights_skip_tracking":false,"_monsterinsights_sitenote_active":false,"_monsterinsights_sitenote_note":"","_monsterinsights_sitenote_category":0,"jetpack_post_was_ever_published":false,"_jetpack_newsletter_access":"","_jetpack_dont_email_post_to_subs":false,"_jetpack_newsletter_tier_id":0,"_jetpack_memberships_contains_paywalled_content":false,"_jetpack_memberships_contains_paid_content":false,"footnotes":"","jetpack_publicize_message":"","jetpack_publicize_feature_enabled":true,"jetpack_social_post_already_shared":true,"jetpack_social_options":{"image_generator_settings":{"template":"highway","default_image_id":0,"font":"","enabled":false},"version":2},"_wpas_customize_per_network":false},"categories":[30],"tags":[193,229,2651,1014],"class_list":["post-44406","post","type-post","status-publish","format-standard","has-post-thumbnail","hentry","category-municipio","tag-buenos-aires","tag-gustavo-salomone","tag-inundacion-mercedes","tag-obras","generate-columns","tablet-grid-50","mobile-grid-100","grid-parent","grid-50"],"jetpack_publicize_connections":[],"jetpack_featured_media_url":"https:\/\/www.hoymercedes.com.ar\/principal\/wp-content\/uploads\/2015\/09\/inundacion-mercedes-2015.jpg","wps_subtitle":"Municipio anunci\u00f3 el contacto","jetpack_sharing_enabled":true,"_links":{"self":[{"href":"https:\/\/www.hoymercedes.com.ar\/principal\/wp-json\/wp\/v2\/posts\/44406","targetHints":{"allow":["GET"]}}],"collection":[{"href":"https:\/\/www.hoymercedes.com.ar\/principal\/wp-json\/wp\/v2\/posts"}],"about":[{"href":"https:\/\/www.hoymercedes.com.ar\/principal\/wp-json\/wp\/v2\/types\/post"}],"author":[{"embeddable":true,"href":"https:\/\/www.hoymercedes.com.ar\/principal\/wp-json\/wp\/v2\/users\/1"}],"replies":[{"embeddable":true,"href":"https:\/\/www.hoymercedes.com.ar\/principal\/wp-json\/wp\/v2\/comments?post=44406"}],"version-history":[{"count":0,"href":"https:\/\/www.hoymercedes.com.ar\/principal\/wp-json\/wp\/v2\/posts\/44406\/revisions"}],"wp:featuredmedia":[{"embeddable":true,"href":"https:\/\/www.hoymercedes.com.ar\/principal\/wp-json\/wp\/v2\/media\/44407"}],"wp:attachment":[{"href":"https:\/\/www.hoymercedes.com.ar\/principal\/wp-json\/wp\/v2\/media?parent=44406"}],"wp:term":[{"taxonomy":"category","embeddable":true,"href":"https:\/\/www.hoymercedes.com.ar\/principal\/wp-json\/wp\/v2\/categories?post=44406"},{"taxonomy":"post_tag","embeddable":true,"href":"https:\/\/www.hoymercedes.com.ar\/principal\/wp-json\/wp\/v2\/tags?post=44406"}],"curies":[{"name":"wp","href":"https:\/\/api.w.org\/{rel}","templated":true}]}}