{"id":44423,"date":"2015-09-07T20:33:40","date_gmt":"2015-09-07T23:33:40","guid":{"rendered":"http:\/\/www.hoymercedes.com.ar\/principal\/?p=44423"},"modified":"2015-09-07T22:00:19","modified_gmt":"2015-09-08T01:00:19","slug":"cuentos-del-abuelo-presente-para-los-chicos-en-escuela-n2-general-san-martin","status":"publish","type":"post","link":"https:\/\/www.hoymercedes.com.ar\/principal\/2015\/09\/07\/cuentos-del-abuelo-presente-para-los-chicos-en-escuela-n2-general-san-martin\/","title":{"rendered":"\u00abCuentos del Abuelo\u00bb presente para los chicos en Escuela N\u00b02 \u00abGeneral San Mart\u00edn\u00bb"},"content":{"rendered":"<figure id=\"attachment_44424\" aria-describedby=\"caption-attachment-44424\" style=\"width: 610px\" class=\"wp-caption aligncenter\"><a href=\"https:\/\/www.hoymercedes.com.ar\/principal\/wp-content\/uploads\/2015\/09\/Cuentos-del-Abuelo-en-5to-Esc.-Nro-2.jpg\"><img loading=\"lazy\" decoding=\"async\" data-attachment-id=\"44424\" data-permalink=\"https:\/\/www.hoymercedes.com.ar\/principal\/2015\/09\/07\/cuentos-del-abuelo-presente-para-los-chicos-en-escuela-n2-general-san-martin\/cuen\/#main\" data-orig-file=\"https:\/\/www.hoymercedes.com.ar\/principal\/wp-content\/uploads\/2015\/09\/Cuentos-del-Abuelo-en-5to-Esc.-Nro-2.jpg\" data-orig-size=\"620,393\" data-comments-opened=\"1\" data-image-meta=\"{&quot;aperture&quot;:&quot;3.3&quot;,&quot;credit&quot;:&quot;Picasa&quot;,&quot;camera&quot;:&quot;DMC-FH20&quot;,&quot;caption&quot;:&quot;Cuen&quot;,&quot;created_timestamp&quot;:&quot;1441383903&quot;,&quot;copyright&quot;:&quot;&quot;,&quot;focal_length&quot;:&quot;5&quot;,&quot;iso&quot;:&quot;200&quot;,&quot;shutter_speed&quot;:&quot;0.033333333333333&quot;,&quot;title&quot;:&quot;Cuen&quot;,&quot;orientation&quot;:&quot;0&quot;}\" data-image-title=\"Cuen\" data-image-description=\"\" data-image-caption=\"&lt;p&gt;Cuen&lt;\/p&gt;\n\" data-large-file=\"https:\/\/www.hoymercedes.com.ar\/principal\/wp-content\/uploads\/2015\/09\/Cuentos-del-Abuelo-en-5to-Esc.-Nro-2.jpg\" class=\"Img2014 wp-image-44424 size-full\" title=\"Cuentos del abuelo\" src=\"https:\/\/www.hoymercedes.com.ar\/principal\/wp-content\/uploads\/2015\/09\/Cuentos-del-Abuelo-en-5to-Esc.-Nro-2.jpg\" alt=\"Cuen\" width=\"620\" height=\"393\" srcset=\"https:\/\/www.hoymercedes.com.ar\/principal\/wp-content\/uploads\/2015\/09\/Cuentos-del-Abuelo-en-5to-Esc.-Nro-2.jpg 620w, https:\/\/www.hoymercedes.com.ar\/principal\/wp-content\/uploads\/2015\/09\/Cuentos-del-Abuelo-en-5to-Esc.-Nro-2-150x95.jpg 150w, https:\/\/www.hoymercedes.com.ar\/principal\/wp-content\/uploads\/2015\/09\/Cuentos-del-Abuelo-en-5to-Esc.-Nro-2-290x184.jpg 290w, https:\/\/www.hoymercedes.com.ar\/principal\/wp-content\/uploads\/2015\/09\/Cuentos-del-Abuelo-en-5to-Esc.-Nro-2-50x32.jpg 50w, https:\/\/www.hoymercedes.com.ar\/principal\/wp-content\/uploads\/2015\/09\/Cuentos-del-Abuelo-en-5to-Esc.-Nro-2-420x266.jpg 420w\" sizes=\"auto, (max-width: 620px) 100vw, 620px\" \/><\/a><figcaption id=\"caption-attachment-44424\" class=\"wp-caption-text\">Cuen<\/figcaption><\/figure>\n<p><em><strong>A pedido de las autoridades de la Escuela Nro 2 concurrimos este viernes 4 de setiembre a cumplimentar las visitas por los grados m\u00e1s chicos. Hoy estuvimos con el 5to grado de la Se\u00f1orita Silvina. \u00a1\u00a1Un lujo!!<\/strong><\/em><\/p>\n<p>Primero recorrimos los inicios de este autor, con otras obras y los chicos se divirtieron mucho pronunciando el franc\u00e9s de Bulul\u00fa Theatre, su primer novela.<\/p>\n<p>Pero luego volvimos a Mercedes y de la mano del Abuelo llegaron las aventuras ya conocidas. Un poco de esta y otro poco aquella historia y llegamos al Loco del Malet\u00edn que met\u00eda julepe all\u00e1 en los fines de la d\u00e9cada del \u00b460.<\/p>\n<p>Muy amables y participativos los chicos, que festejaron y acompa\u00f1aron el texto<\/p>\n<p><a href=\"https:\/\/www.hoymercedes.com.ar\/principal\/wp-content\/uploads\/2015\/09\/Cuentos-del-Abuelo-en-5to-Grado-El-Loco.jpg\"><img loading=\"lazy\" decoding=\"async\" data-attachment-id=\"44425\" data-permalink=\"https:\/\/www.hoymercedes.com.ar\/principal\/2015\/09\/07\/cuentos-del-abuelo-presente-para-los-chicos-en-escuela-n2-general-san-martin\/cuentos-del-abuelo-en-5to-grado-el-loco\/#main\" data-orig-file=\"https:\/\/www.hoymercedes.com.ar\/principal\/wp-content\/uploads\/2015\/09\/Cuentos-del-Abuelo-en-5to-Grado-El-Loco.jpg\" data-orig-size=\"620,432\" data-comments-opened=\"1\" data-image-meta=\"{&quot;aperture&quot;:&quot;3.3&quot;,&quot;credit&quot;:&quot;Picasa&quot;,&quot;camera&quot;:&quot;DMC-FH20&quot;,&quot;caption&quot;:&quot;&quot;,&quot;created_timestamp&quot;:&quot;1441382081&quot;,&quot;copyright&quot;:&quot;&quot;,&quot;focal_length&quot;:&quot;5&quot;,&quot;iso&quot;:&quot;200&quot;,&quot;shutter_speed&quot;:&quot;0.033333333333333&quot;,&quot;title&quot;:&quot;&quot;,&quot;orientation&quot;:&quot;0&quot;}\" data-image-title=\"Cuentos del Abuelo en 5to Grado El Loco\" data-image-description=\"\" data-image-caption=\"\" data-large-file=\"https:\/\/www.hoymercedes.com.ar\/principal\/wp-content\/uploads\/2015\/09\/Cuentos-del-Abuelo-en-5to-Grado-El-Loco.jpg\" class=\"Img2014 aligncenter wp-image-44425 size-full\" src=\"https:\/\/www.hoymercedes.com.ar\/principal\/wp-content\/uploads\/2015\/09\/Cuentos-del-Abuelo-en-5to-Grado-El-Loco.jpg\" alt=\"Cuentos del Abuelo en 5to Grado El Loco\" width=\"620\" height=\"432\" srcset=\"https:\/\/www.hoymercedes.com.ar\/principal\/wp-content\/uploads\/2015\/09\/Cuentos-del-Abuelo-en-5to-Grado-El-Loco.jpg 620w, https:\/\/www.hoymercedes.com.ar\/principal\/wp-content\/uploads\/2015\/09\/Cuentos-del-Abuelo-en-5to-Grado-El-Loco-150x105.jpg 150w, https:\/\/www.hoymercedes.com.ar\/principal\/wp-content\/uploads\/2015\/09\/Cuentos-del-Abuelo-en-5to-Grado-El-Loco-290x202.jpg 290w, https:\/\/www.hoymercedes.com.ar\/principal\/wp-content\/uploads\/2015\/09\/Cuentos-del-Abuelo-en-5to-Grado-El-Loco-50x35.jpg 50w, https:\/\/www.hoymercedes.com.ar\/principal\/wp-content\/uploads\/2015\/09\/Cuentos-del-Abuelo-en-5to-Grado-El-Loco-420x293.jpg 420w\" sizes=\"auto, (max-width: 620px) 100vw, 620px\" \/><\/a><\/p>\n<p>Al final, aplausos, fotos y la promesa de volver a verse. El escritor Oscar Dinova tiene a esta escuela como muy especial para \u00e9l, pues aqu\u00ed tambi\u00e9n estudi\u00f3 su t\u00eda Betty Dinova, -protagonista de otros Cuentos en Cr\u00f3nicas de Gardel en Mercedes-.<\/p>\n<p>As\u00ed que siempre estar\u00e1 a disposici\u00f3n cuando surjan nuevas propuestas.<\/p>\n<p>\u00a1\u00a1Mientras tanto, un gran saludos a todos los chicos y maestros!!<\/p>\n","protected":false},"excerpt":{"rendered":"<p>A pedido de las autoridades de la Escuela Nro 2 concurrimos este viernes 4 de setiembre a cumplimentar las visitas &#8230; <a title=\"\u00abCuentos del Abuelo\u00bb presente para los chicos en Escuela N\u00b02 \u00abGeneral San Mart\u00edn\u00bb\" class=\"read-more\" href=\"https:\/\/www.hoymercedes.com.ar\/principal\/2015\/09\/07\/cuentos-del-abuelo-presente-para-los-chicos-en-escuela-n2-general-san-martin\/\" aria-label=\"Leer m\u00e1s sobre \u00abCuentos del Abuelo\u00bb presente para los chicos en Escuela N\u00b02 \u00abGeneral San Mart\u00edn\u00bb\">Leer m\u00e1s<\/a><\/p>\n","protected":false},"author":1,"featured_media":44425,"comment_status":"open","ping_status":"open","sticky":false,"template":"","format":"standard","meta":{"_monsterinsights_skip_tracking":false,"_monsterinsights_sitenote_active":false,"_monsterinsights_sitenote_note":"","_monsterinsights_sitenote_category":0,"jetpack_post_was_ever_published":false,"_jetpack_newsletter_access":"","_jetpack_dont_email_post_to_subs":false,"_jetpack_newsletter_tier_id":0,"_jetpack_memberships_contains_paywalled_content":false,"_jetpack_memberships_contains_paid_content":false,"footnotes":"","jetpack_publicize_message":"","jetpack_publicize_feature_enabled":true,"jetpack_social_post_already_shared":true,"jetpack_social_options":{"image_generator_settings":{"template":"highway","default_image_id":0,"font":"","enabled":false},"version":2},"_wpas_customize_per_network":false},"categories":[104],"tags":[2601,1288],"class_list":["post-44423","post","type-post","status-publish","format-standard","has-post-thumbnail","hentry","category-cultura","tag-cuentos-del-abuelo","tag-oscar-dinova","generate-columns","tablet-grid-50","mobile-grid-100","grid-parent","grid-50"],"jetpack_publicize_connections":[],"jetpack_featured_media_url":"https:\/\/www.hoymercedes.com.ar\/principal\/wp-content\/uploads\/2015\/09\/Cuentos-del-Abuelo-en-5to-Grado-El-Loco.jpg","wps_subtitle":"Historia de los mercedinos ","jetpack_sharing_enabled":true,"_links":{"self":[{"href":"https:\/\/www.hoymercedes.com.ar\/principal\/wp-json\/wp\/v2\/posts\/44423","targetHints":{"allow":["GET"]}}],"collection":[{"href":"https:\/\/www.hoymercedes.com.ar\/principal\/wp-json\/wp\/v2\/posts"}],"about":[{"href":"https:\/\/www.hoymercedes.com.ar\/principal\/wp-json\/wp\/v2\/types\/post"}],"author":[{"embeddable":true,"href":"https:\/\/www.hoymercedes.com.ar\/principal\/wp-json\/wp\/v2\/users\/1"}],"replies":[{"embeddable":true,"href":"https:\/\/www.hoymercedes.com.ar\/principal\/wp-json\/wp\/v2\/comments?post=44423"}],"version-history":[{"count":0,"href":"https:\/\/www.hoymercedes.com.ar\/principal\/wp-json\/wp\/v2\/posts\/44423\/revisions"}],"wp:featuredmedia":[{"embeddable":true,"href":"https:\/\/www.hoymercedes.com.ar\/principal\/wp-json\/wp\/v2\/media\/44425"}],"wp:attachment":[{"href":"https:\/\/www.hoymercedes.com.ar\/principal\/wp-json\/wp\/v2\/media?parent=44423"}],"wp:term":[{"taxonomy":"category","embeddable":true,"href":"https:\/\/www.hoymercedes.com.ar\/principal\/wp-json\/wp\/v2\/categories?post=44423"},{"taxonomy":"post_tag","embeddable":true,"href":"https:\/\/www.hoymercedes.com.ar\/principal\/wp-json\/wp\/v2\/tags?post=44423"}],"curies":[{"name":"wp","href":"https:\/\/api.w.org\/{rel}","templated":true}]}}