{"id":44434,"date":"2015-09-07T21:14:29","date_gmt":"2015-09-08T00:14:29","guid":{"rendered":"http:\/\/www.hoymercedes.com.ar\/principal\/?p=44434"},"modified":"2015-09-08T12:03:30","modified_gmt":"2015-09-08T15:03:30","slug":"ustarroz-y-dematei-presentes-en-los-festejos-del-dia-del-nino-de-la-plaza-belgrano","status":"publish","type":"post","link":"https:\/\/www.hoymercedes.com.ar\/principal\/2015\/09\/07\/ustarroz-y-dematei-presentes-en-los-festejos-del-dia-del-nino-de-la-plaza-belgrano\/","title":{"rendered":"Ustarroz y Dematei presentes en los festejos del D\u00eda del Ni\u00f1o de la Plaza Belgrano"},"content":{"rendered":"<p>&nbsp;<\/p>\n<p><a href=\"https:\/\/www.hoymercedes.com.ar\/principal\/wp-content\/uploads\/2015\/09\/fiesta-plazabelgrano.png\"><img loading=\"lazy\" decoding=\"async\" data-attachment-id=\"44456\" data-permalink=\"https:\/\/www.hoymercedes.com.ar\/principal\/2015\/09\/07\/ustarroz-y-dematei-presentes-en-los-festejos-del-dia-del-nino-de-la-plaza-belgrano\/fiesta-plazabelgrano\/#main\" data-orig-file=\"https:\/\/www.hoymercedes.com.ar\/principal\/wp-content\/uploads\/2015\/09\/fiesta-plazabelgrano.png\" data-orig-size=\"620,454\" data-comments-opened=\"1\" data-image-meta=\"{&quot;aperture&quot;:&quot;0&quot;,&quot;credit&quot;:&quot;&quot;,&quot;camera&quot;:&quot;&quot;,&quot;caption&quot;:&quot;&quot;,&quot;created_timestamp&quot;:&quot;0&quot;,&quot;copyright&quot;:&quot;&quot;,&quot;focal_length&quot;:&quot;0&quot;,&quot;iso&quot;:&quot;0&quot;,&quot;shutter_speed&quot;:&quot;0&quot;,&quot;title&quot;:&quot;&quot;,&quot;orientation&quot;:&quot;0&quot;}\" data-image-title=\"fiesta-plazabelgrano\" data-image-description=\"\" data-image-caption=\"\" data-large-file=\"https:\/\/www.hoymercedes.com.ar\/principal\/wp-content\/uploads\/2015\/09\/fiesta-plazabelgrano.png\" class=\"Img2014 aligncenter wp-image-44456 size-full\" src=\"https:\/\/www.hoymercedes.com.ar\/principal\/wp-content\/uploads\/2015\/09\/fiesta-plazabelgrano.png\" alt=\"fiesta-plazabelgrano\" width=\"620\" height=\"454\" srcset=\"https:\/\/www.hoymercedes.com.ar\/principal\/wp-content\/uploads\/2015\/09\/fiesta-plazabelgrano.png 620w, https:\/\/www.hoymercedes.com.ar\/principal\/wp-content\/uploads\/2015\/09\/fiesta-plazabelgrano-150x110.png 150w, https:\/\/www.hoymercedes.com.ar\/principal\/wp-content\/uploads\/2015\/09\/fiesta-plazabelgrano-290x212.png 290w, https:\/\/www.hoymercedes.com.ar\/principal\/wp-content\/uploads\/2015\/09\/fiesta-plazabelgrano-50x37.png 50w, https:\/\/www.hoymercedes.com.ar\/principal\/wp-content\/uploads\/2015\/09\/fiesta-plazabelgrano-420x308.png 420w\" sizes=\"auto, (max-width: 620px) 100vw, 620px\" \/><\/a><\/p>\n<p><em><strong>Contin\u00faan los festejos del D\u00eda del ni\u00f1o en las distintas plazas de la ciudad que hab\u00edan sido postergados por el mal tiempo. El candidato a intendente del Frente para la Victoria, Juan Ustarroz, junto a su equipo, organiz\u00f3 distintas actividades recreativas y culturales para que los vecinos se acerquen a disfrutar de una tarde a puro entretenimiento.<\/strong><\/em><\/p>\n<p>\u201cVemos que con hechos simples se generan cosas muy positivas. Hoy vinimos con nuestras familias a disfrutar y nos pone contentos que los vecinos se acercan a divertirse, ya que los fines de semana son propicios para la unidad de la familia. Buscamos espect\u00e1culos culturales, art\u00edsticos, sobre todo locales, y que esto se pueda ir replicando por todas las zonas de la ciudad. Estamos contentos y agradecemos a la juventud que trabaja de manera desinteresada con el objetivo de brindarle a la ciudad cosas concretas. Venimos trabajando hace much\u00edsimo tiempo, y cada d\u00eda hay m\u00e1s gente que se suma a una propuesta que tiene que ver en construir, entre todos, la ciudad que queremos\u201d, cont\u00f3 Ustarroz.<\/p>\n<p>El concejal y candidato a Intendente, tambi\u00e9n hizo hincapi\u00e9 en la propuesta que tiene para los espacios verdes de la ciudad. \u00a0\u201cNuestro objetivo es ocuparnos de todo lo que tiene que ver con estos espacios. Hoy vemos como la familia se acerca a disfrutar de este espacio p\u00fablico y creemos que sobre la base de esta propuesta, donde hay artistas locales, un buen sonido y personas dispuestas a generar un espacio de encuentro, siempre es positivo y es necesario para la ciudad. Adem\u00e1s de las plazas tenemos muchos espacios verdes que no tienen uso y queremos que tenga un fin y ese fin sea el bienestar de la gente\u201d, agreg\u00f3.<\/p>\n<p>A su turno, el primer candidato a concejal, Mat\u00edas Dematei se mostr\u00f3 contento por la convocatoria y habl\u00f3 sobre seguir trabajando en la ampliaci\u00f3n de estas actividades en toda la ciudad. \u00a0\u201cEs una alegr\u00eda enorme ver a todos los mercedinos unidos. Hoy es en la Plaza Belgrano, pero siempre recorremos los barrios con Juani y la idea es que estas actividades se puedan hacer en todas las plazas de Mercedes para que los artistas locales tengan el espacio para poder deleitar a los mercedinos. Esto es algo que venimos haciendo desde hace tiempo en muchos lugares de la ciudad y hoy nos encuentra en el barrio del hospital donde la concurrencia que vemos es muy importante y para mi ver a un ni\u00f1o contento y jugar me hace muy feliz\u201d.<\/p>\n","protected":false},"excerpt":{"rendered":"<p>&nbsp; Contin\u00faan los festejos del D\u00eda del ni\u00f1o en las distintas plazas de la ciudad que hab\u00edan sido postergados por &#8230; <a title=\"Ustarroz y Dematei presentes en los festejos del D\u00eda del Ni\u00f1o de la Plaza Belgrano\" class=\"read-more\" href=\"https:\/\/www.hoymercedes.com.ar\/principal\/2015\/09\/07\/ustarroz-y-dematei-presentes-en-los-festejos-del-dia-del-nino-de-la-plaza-belgrano\/\" aria-label=\"Leer m\u00e1s sobre Ustarroz y Dematei presentes en los festejos del D\u00eda del Ni\u00f1o de la Plaza Belgrano\">Leer m\u00e1s<\/a><\/p>\n","protected":false},"author":1,"featured_media":44456,"comment_status":"open","ping_status":"open","sticky":false,"template":"","format":"standard","meta":{"_monsterinsights_skip_tracking":false,"_monsterinsights_sitenote_active":false,"_monsterinsights_sitenote_note":"","_monsterinsights_sitenote_category":0,"jetpack_post_was_ever_published":false,"_jetpack_newsletter_access":"","_jetpack_dont_email_post_to_subs":false,"_jetpack_newsletter_tier_id":0,"_jetpack_memberships_contains_paywalled_content":false,"_jetpack_memberships_contains_paid_content":false,"footnotes":"","jetpack_publicize_message":"","jetpack_publicize_feature_enabled":true,"jetpack_social_post_already_shared":true,"jetpack_social_options":{"image_generator_settings":{"template":"highway","default_image_id":0,"font":"","enabled":false},"version":2},"_wpas_customize_per_network":false},"categories":[5],"tags":[7898,585],"class_list":["post-44434","post","type-post","status-publish","format-standard","has-post-thumbnail","hentry","category-politica","tag-dia-del-nino-plaza-belgrano","tag-juan-ustarroz","generate-columns","tablet-grid-50","mobile-grid-100","grid-parent","grid-50"],"jetpack_publicize_connections":[],"jetpack_featured_media_url":"https:\/\/www.hoymercedes.com.ar\/principal\/wp-content\/uploads\/2015\/09\/fiesta-plazabelgrano.png","wps_subtitle":"Para los m\u00e1s peque\u00f1os ","jetpack_sharing_enabled":true,"jetpack-related-posts":[{"id":25084,"url":"https:\/\/www.hoymercedes.com.ar\/principal\/2013\/08\/20\/festejos-por-el-dia-del-nino-en-varios-barrios-de-la-ciudad\/","url_meta":{"origin":44434,"position":0},"title":"Festejos por el d\u00eda del Ni\u00f1o en varios barrios de la ciudad","author":"hoymercedes","date":"20 agosto, 2013","format":false,"excerpt":"Durante el fin de semana varios barrios llevaron a cabo festejos por el d\u00eda del ni\u00f1o en barrios espacios de la comuna, tanto s\u00e1bado como domingo. Barrios como San Jos\u00e9, San Antonio, Malvinas y Barrio G\u00fcemes. Cada barriada busc\u00f3 dar lo mejor para los m\u00e1s chicos que dan alegr\u00eda. Hubo\u2026","rel":"","context":"En \u00abSociedad\u00bb","block_context":{"text":"Sociedad","link":"https:\/\/www.hoymercedes.com.ar\/principal\/category\/sociedad\/"},"img":{"alt_text":"guemes.diani\u00f1o","src":"https:\/\/i0.wp.com\/www.hoymercedes.com.ar\/principal\/wp-content\/uploads\/2013\/08\/guemes.diani%C3%B1o.jpg?resize=350%2C200","width":350,"height":200,"srcset":"https:\/\/i0.wp.com\/www.hoymercedes.com.ar\/principal\/wp-content\/uploads\/2013\/08\/guemes.diani%C3%B1o.jpg?resize=350%2C200 1x, https:\/\/i0.wp.com\/www.hoymercedes.com.ar\/principal\/wp-content\/uploads\/2013\/08\/guemes.diani%C3%B1o.jpg?resize=525%2C300 1.5x"},"classes":[]},{"id":53800,"url":"https:\/\/www.hoymercedes.com.ar\/principal\/2016\/08\/22\/colaboracion-con-los-festejos-barriales-por-el-dia-del-nino\/","url_meta":{"origin":44434,"position":1},"title":"Colaboraci\u00f3n con los festejos barriales por el D\u00eda del Ni\u00f1o","author":"hoymercedes","date":"22 agosto, 2016","format":false,"excerpt":"La Municipalidad de Mercedes a trav\u00e9s de la Secretar\u00eda de Desarrollo Social, entreg\u00f3 diferentes elementos y productos para las Sociedades de Fomentos e instituciones barriales con el objetivo de colaborar con las celebraciones del D\u00eda del Ni\u00f1o en los barrios. El Jefe Comunal Juan Ignacio Ustarroz, junto a la Secretaria\u2026","rel":"","context":"En \u00abMunicipio\u00bb","block_context":{"text":"Municipio","link":"https:\/\/www.hoymercedes.com.ar\/principal\/category\/municipio\/"},"img":{"alt_text":"","src":"https:\/\/i0.wp.com\/www.hoymercedes.com.ar\/principal\/wp-content\/uploads\/2016\/08\/22-desarrollo-social.jpg?resize=350%2C200&ssl=1","width":350,"height":200},"classes":[]},{"id":79697,"url":"https:\/\/www.hoymercedes.com.ar\/principal\/2018\/08\/12\/municipio-colabora-con-instituciones-y-barrios-para-los-festejos-del-dia-del-nino\/","url_meta":{"origin":44434,"position":2},"title":"Municipio colabora con instituciones y barrios para los festejos del d\u00eda del ni\u00f1o","author":"hoymercedes","date":"12 agosto, 2018","format":false,"excerpt":"El intendente de Mercedes, Juan Ignacio Ustarroz, junto a su Secretaria de Desarrollo Social, Jorgelina Silva, entregaron insumos destinados a los festejos del d\u00eda del ni\u00f1o en distintos puntos del partido. Las colaboraciones a diferentes instituciones y barrios de Mercedes, buscan ayudar a las iniciativas que se generan e intentan\u2026","rel":"","context":"En \u00abMunicipio\u00bb","block_context":{"text":"Municipio","link":"https:\/\/www.hoymercedes.com.ar\/principal\/category\/municipio\/"},"img":{"alt_text":"","src":"https:\/\/i0.wp.com\/www.hoymercedes.com.ar\/principal\/wp-content\/uploads\/2018\/08\/12-muni-dia-ni%C3%B1o.jpg?resize=350%2C200&ssl=1","width":350,"height":200,"srcset":"https:\/\/i0.wp.com\/www.hoymercedes.com.ar\/principal\/wp-content\/uploads\/2018\/08\/12-muni-dia-ni%C3%B1o.jpg?resize=350%2C200&ssl=1 1x, https:\/\/i0.wp.com\/www.hoymercedes.com.ar\/principal\/wp-content\/uploads\/2018\/08\/12-muni-dia-ni%C3%B1o.jpg?resize=525%2C300&ssl=1 1.5x, https:\/\/i0.wp.com\/www.hoymercedes.com.ar\/principal\/wp-content\/uploads\/2018\/08\/12-muni-dia-ni%C3%B1o.jpg?resize=700%2C400&ssl=1 2x"},"classes":[]},{"id":6662,"url":"https:\/\/www.hoymercedes.com.ar\/principal\/2011\/08\/24\/juan-ustarroz-festeja-el-dia-del-nino-en-los-barrios\/","url_meta":{"origin":44434,"position":3},"title":"Juan Ustarroz festeja el dia del ni\u00f1o en los barrios","author":"hoymercedes","date":"24 agosto, 2011","format":false,"excerpt":"El candidato a intendente del Frente Mercedino para la Victoria junto a su equipo de trabajo realizo una jornada por los festejos del dia del ni\u00f1o, esta cuenta con una recorrida por mas de 25 barrios de Mercedes, compartiendo este dia tan especial con los chicos de las barriadas. En\u2026","rel":"","context":"En \u00abPol\u00edtica\u00bb","block_context":{"text":"Pol\u00edtica","link":"https:\/\/www.hoymercedes.com.ar\/principal\/category\/politica\/"},"img":{"alt_text":"","src":"https:\/\/i0.wp.com\/www.hoymercedes.com.ar\/principal\/wp-content\/uploads\/2011\/08\/diani%C3%B1o-frente-ustarroz.jpg?resize=350%2C200","width":350,"height":200,"srcset":"https:\/\/i0.wp.com\/www.hoymercedes.com.ar\/principal\/wp-content\/uploads\/2011\/08\/diani%C3%B1o-frente-ustarroz.jpg?resize=350%2C200 1x, https:\/\/i0.wp.com\/www.hoymercedes.com.ar\/principal\/wp-content\/uploads\/2011\/08\/diani%C3%B1o-frente-ustarroz.jpg?resize=525%2C300 1.5x"},"classes":[]},{"id":135131,"url":"https:\/\/www.hoymercedes.com.ar\/principal\/2021\/08\/12\/municipio-abre-propuestas-para-disfrutar-el-dia-del-nino-en-familia\/","url_meta":{"origin":44434,"position":4},"title":"Municipio abre propuestas para disfrutar el d\u00eda del ni\u00f1o en familia","author":"hoymercedes","date":"12 agosto, 2021","format":false,"excerpt":"Por Prensa Municipal - El Municipio de Mercedes a trav\u00e9s de sus diferentes \u00e1reas ya invita a un festejo por el D\u00eda de la Ni\u00f1ez con m\u00faltiples propuestas. El mismo se celebrar\u00e1 este domingo 15 de agosto, en diferentes puntos de la ciudad, de 14:00 a 17:00 horas. La idea\u2026","rel":"","context":"En \u00abMunicipio\u00bb","block_context":{"text":"Municipio","link":"https:\/\/www.hoymercedes.com.ar\/principal\/category\/municipio\/"},"img":{"alt_text":"","src":"https:\/\/i0.wp.com\/www.hoymercedes.com.ar\/principal\/wp-content\/uploads\/2021\/08\/DSC00390.jpg?resize=350%2C200&ssl=1","width":350,"height":200,"srcset":"https:\/\/i0.wp.com\/www.hoymercedes.com.ar\/principal\/wp-content\/uploads\/2021\/08\/DSC00390.jpg?resize=350%2C200&ssl=1 1x, https:\/\/i0.wp.com\/www.hoymercedes.com.ar\/principal\/wp-content\/uploads\/2021\/08\/DSC00390.jpg?resize=525%2C300&ssl=1 1.5x, https:\/\/i0.wp.com\/www.hoymercedes.com.ar\/principal\/wp-content\/uploads\/2021\/08\/DSC00390.jpg?resize=700%2C400&ssl=1 2x"},"classes":[]},{"id":117951,"url":"https:\/\/www.hoymercedes.com.ar\/principal\/2020\/10\/05\/la-trocha-cumplio-5-anos-como-complejo-cultural\/","url_meta":{"origin":44434,"position":5},"title":"La Trocha cumpli\u00f3 5 a\u00f1os como Complejo Cultural","author":"hoymercedes","date":"5 octubre, 2020","format":false,"excerpt":"La Trocha cumpli\u00f3 5 a\u00f1os de su inauguraci\u00f3n como Complejo Cultural. Fue en aquel entonces con una fiesta con m\u00faltiples atractivos. Wado de Pedro hab\u00eda impulsado desde la secretar\u00eda general de la presidencia las obras que durante meses permitieron recuperar el predio para los mercedinos. Quedaba atr\u00e1s el peligro y\u2026","rel":"","context":"En \u00abMunicipio\u00bb","block_context":{"text":"Municipio","link":"https:\/\/www.hoymercedes.com.ar\/principal\/category\/municipio\/"},"img":{"alt_text":"","src":"https:\/\/i0.wp.com\/www.hoymercedes.com.ar\/principal\/wp-content\/uploads\/2020\/10\/trocha-inauguracion.4.jpg?resize=350%2C200&ssl=1","width":350,"height":200,"srcset":"https:\/\/i0.wp.com\/www.hoymercedes.com.ar\/principal\/wp-content\/uploads\/2020\/10\/trocha-inauguracion.4.jpg?resize=350%2C200&ssl=1 1x, https:\/\/i0.wp.com\/www.hoymercedes.com.ar\/principal\/wp-content\/uploads\/2020\/10\/trocha-inauguracion.4.jpg?resize=525%2C300&ssl=1 1.5x, https:\/\/i0.wp.com\/www.hoymercedes.com.ar\/principal\/wp-content\/uploads\/2020\/10\/trocha-inauguracion.4.jpg?resize=700%2C400&ssl=1 2x, https:\/\/i0.wp.com\/www.hoymercedes.com.ar\/principal\/wp-content\/uploads\/2020\/10\/trocha-inauguracion.4.jpg?resize=1050%2C600&ssl=1 3x"},"classes":[]}],"_links":{"self":[{"href":"https:\/\/www.hoymercedes.com.ar\/principal\/wp-json\/wp\/v2\/posts\/44434","targetHints":{"allow":["GET"]}}],"collection":[{"href":"https:\/\/www.hoymercedes.com.ar\/principal\/wp-json\/wp\/v2\/posts"}],"about":[{"href":"https:\/\/www.hoymercedes.com.ar\/principal\/wp-json\/wp\/v2\/types\/post"}],"author":[{"embeddable":true,"href":"https:\/\/www.hoymercedes.com.ar\/principal\/wp-json\/wp\/v2\/users\/1"}],"replies":[{"embeddable":true,"href":"https:\/\/www.hoymercedes.com.ar\/principal\/wp-json\/wp\/v2\/comments?post=44434"}],"version-history":[{"count":0,"href":"https:\/\/www.hoymercedes.com.ar\/principal\/wp-json\/wp\/v2\/posts\/44434\/revisions"}],"wp:featuredmedia":[{"embeddable":true,"href":"https:\/\/www.hoymercedes.com.ar\/principal\/wp-json\/wp\/v2\/media\/44456"}],"wp:attachment":[{"href":"https:\/\/www.hoymercedes.com.ar\/principal\/wp-json\/wp\/v2\/media?parent=44434"}],"wp:term":[{"taxonomy":"category","embeddable":true,"href":"https:\/\/www.hoymercedes.com.ar\/principal\/wp-json\/wp\/v2\/categories?post=44434"},{"taxonomy":"post_tag","embeddable":true,"href":"https:\/\/www.hoymercedes.com.ar\/principal\/wp-json\/wp\/v2\/tags?post=44434"}],"curies":[{"name":"wp","href":"https:\/\/api.w.org\/{rel}","templated":true}]}}