{"id":4448,"date":"2011-05-24T01:42:52","date_gmt":"2011-05-24T01:42:52","guid":{"rendered":"http:\/\/www.hoymercedes.com.ar\/principal\/?p=4448"},"modified":"2011-05-24T01:42:52","modified_gmt":"2011-05-24T01:42:52","slug":"selva-funcionarios-y-militantes-con-scioli-en-la-plata","status":"publish","type":"post","link":"https:\/\/www.hoymercedes.com.ar\/principal\/2011\/05\/24\/selva-funcionarios-y-militantes-con-scioli-en-la-plata\/","title":{"rendered":"Selva, funcionarios y militantes con Scioli en La Plata"},"content":{"rendered":"<p style=\"text-align: center;\"><a href=\"https:\/\/www.hoymercedes.com.ar\/principal\/wp-content\/uploads\/2011\/05\/selva-melo-militancia-laplata.jpg\"><img loading=\"lazy\" decoding=\"async\" data-attachment-id=\"4450\" data-permalink=\"https:\/\/www.hoymercedes.com.ar\/principal\/2011\/05\/24\/selva-funcionarios-y-militantes-con-scioli-en-la-plata\/selva-melo-militancia-laplata\/#main\" data-orig-file=\"https:\/\/www.hoymercedes.com.ar\/principal\/wp-content\/uploads\/2011\/05\/selva-melo-militancia-laplata.jpg\" data-orig-size=\"720,540\" data-comments-opened=\"1\" data-image-meta=\"{&quot;aperture&quot;:&quot;0&quot;,&quot;credit&quot;:&quot;&quot;,&quot;camera&quot;:&quot;&quot;,&quot;caption&quot;:&quot;&quot;,&quot;created_timestamp&quot;:&quot;0&quot;,&quot;copyright&quot;:&quot;&quot;,&quot;focal_length&quot;:&quot;0&quot;,&quot;iso&quot;:&quot;0&quot;,&quot;shutter_speed&quot;:&quot;0&quot;,&quot;title&quot;:&quot;&quot;}\" data-image-title=\"selva-melo-militancia-laplata\" data-image-description=\"\" data-image-caption=\"\" data-large-file=\"https:\/\/www.hoymercedes.com.ar\/principal\/wp-content\/uploads\/2011\/05\/selva-melo-militancia-laplata.jpg\" class=\"aligncenter size-full wp-image-4450\" style=\"border: 1px solid black;\" title=\"selva-melo-militancia-laplata\" src=\"https:\/\/www.hoymercedes.com.ar\/principal\/wp-content\/uploads\/2011\/05\/selva-melo-militancia-laplata.jpg\" alt=\"\" width=\"600\" height=\"440\" \/><\/a>El intendente local Carlos Selva, tal como adelant\u00e1bamos por la tarde del lunes, estuvo nuevamente en La Plata para participar de un encuentro con el gobernador Daniel Scioli.<\/p>\n<p>En esta ocasi\u00f3n el mandatario local no fue s\u00f3lo. Marcelo Melo, Director de Turismo y Pablo Vera fueron parte del encuentro, pero, tambi\u00e9n, un grupo de militantes de la Agrupaci\u00f3n 17 de Octubre que viajaron especialmente para la ocasi\u00f3n.<\/p>\n<p>Nuevos anuncios se produjeron dentro del plan \u00abinversi\u00f3n permanente\u00bb dentro del gobierno de la provincia donde se adjudicaron 10 millones de pesos para veinte municipios entre los cuales estaba Mercedes.<\/p>\n<p>A nuestra ciudad le corresponder\u00edan unos 500 mil pesos destinados a\u00a0Asfalto, Cord\u00f3n cuneta y\u00a0Desag\u00fces\u00a0pluviales.<\/p>\n<p>Adem\u00e1s de los funcionarios y el intendente fueron dos representantes del barrio Blandengues y militantes de la juventud y mujeres de la Agrupaci\u00f3n 17 de Octubre.<\/p>\n<p>&nbsp;<\/p>\n","protected":false},"excerpt":{"rendered":"<p>El intendente local Carlos Selva, tal como adelant\u00e1bamos por la tarde del lunes, estuvo nuevamente en La Plata para participar &#8230; <a title=\"Selva, funcionarios y militantes con Scioli en La Plata\" class=\"read-more\" href=\"https:\/\/www.hoymercedes.com.ar\/principal\/2011\/05\/24\/selva-funcionarios-y-militantes-con-scioli-en-la-plata\/\" aria-label=\"Leer m\u00e1s sobre Selva, funcionarios y militantes con Scioli en La Plata\">Leer m\u00e1s<\/a><\/p>\n","protected":false},"author":1,"featured_media":0,"comment_status":"open","ping_status":"open","sticky":false,"template":"","format":"standard","meta":{"_monsterinsights_skip_tracking":false,"_monsterinsights_sitenote_active":false,"_monsterinsights_sitenote_note":"","_monsterinsights_sitenote_category":0,"jetpack_post_was_ever_published":false,"_jetpack_newsletter_access":"","_jetpack_dont_email_post_to_subs":false,"_jetpack_newsletter_tier_id":0,"_jetpack_memberships_contains_paywalled_content":false,"_jetpack_memberships_contains_paid_content":false,"footnotes":"","jetpack_publicize_message":"","jetpack_publicize_feature_enabled":true,"jetpack_social_post_already_shared":false,"jetpack_social_options":{"image_generator_settings":{"template":"highway","default_image_id":0,"font":"","enabled":false},"version":2},"_wpas_customize_per_network":false},"categories":[5],"tags":[736,10,721,18],"class_list":["post-4448","post","type-post","status-publish","format-standard","hentry","category-politica","tag-melo","tag-mercedes","tag-scioli","tag-selva","generate-columns","tablet-grid-50","mobile-grid-100","grid-parent","grid-50"],"jetpack_publicize_connections":[],"jetpack_featured_media_url":"","wps_subtitle":"","jetpack_sharing_enabled":true,"_links":{"self":[{"href":"https:\/\/www.hoymercedes.com.ar\/principal\/wp-json\/wp\/v2\/posts\/4448","targetHints":{"allow":["GET"]}}],"collection":[{"href":"https:\/\/www.hoymercedes.com.ar\/principal\/wp-json\/wp\/v2\/posts"}],"about":[{"href":"https:\/\/www.hoymercedes.com.ar\/principal\/wp-json\/wp\/v2\/types\/post"}],"author":[{"embeddable":true,"href":"https:\/\/www.hoymercedes.com.ar\/principal\/wp-json\/wp\/v2\/users\/1"}],"replies":[{"embeddable":true,"href":"https:\/\/www.hoymercedes.com.ar\/principal\/wp-json\/wp\/v2\/comments?post=4448"}],"version-history":[{"count":0,"href":"https:\/\/www.hoymercedes.com.ar\/principal\/wp-json\/wp\/v2\/posts\/4448\/revisions"}],"wp:attachment":[{"href":"https:\/\/www.hoymercedes.com.ar\/principal\/wp-json\/wp\/v2\/media?parent=4448"}],"wp:term":[{"taxonomy":"category","embeddable":true,"href":"https:\/\/www.hoymercedes.com.ar\/principal\/wp-json\/wp\/v2\/categories?post=4448"},{"taxonomy":"post_tag","embeddable":true,"href":"https:\/\/www.hoymercedes.com.ar\/principal\/wp-json\/wp\/v2\/tags?post=4448"}],"curies":[{"name":"wp","href":"https:\/\/api.w.org\/{rel}","templated":true}]}}