{"id":445,"date":"2010-11-19T02:25:03","date_gmt":"2010-11-19T02:25:03","guid":{"rendered":"http:\/\/www.hoymercedes.com.ar\/principal\/?p=445"},"modified":"2010-11-19T02:25:03","modified_gmt":"2010-11-19T02:25:03","slug":"lucha-contra-el-cancer-el-camion-de-avon-regresa-a-la-ciudad","status":"publish","type":"post","link":"https:\/\/www.hoymercedes.com.ar\/principal\/2010\/11\/19\/lucha-contra-el-cancer-el-camion-de-avon-regresa-a-la-ciudad\/","title":{"rendered":"Lucha contra el c\u00e1ncer: el cami\u00f3n de Av\u00f3n regresa a la ciudad"},"content":{"rendered":"<p style=\"text-align: justify;\">La presidente de la Filial Mercedes de LALCEC, (Liga Argentina de Lucha contra el C\u00e1ncer) L\u00eda Dulevich sostuvo que el cami\u00f3n de la empresa de cosm\u00e9ticos Avon que realiza estudios mamogr\u00e1ficos volver\u00e1 a estar en nuestra ciudad tal como ocurriera en a\u00f1os anteriores durante la primera quincena del mes de diciembre \u201cpara hacer a un cupo de mujeres desde los 35 a\u00f1pos en adelante una mamograf\u00eda teniendo en cuenta que lamentablemente las estad\u00edsticas indican que una de cada ocho mujeres sufren C\u00e1ncer de Mamas a lo largo de sus vidas y esa cifra no la digo para generar temor, sino todo lo contrario, para que haya una postura firme y a partir del autoexamen, algo por cierto muy importante, cada mujer debe tomar entonces la firme decisi\u00f3n de concurrir a su m\u00e9dico ginec\u00f3logo o bien a un especialista de C\u00e1ncer de Mamas.<\/p>\n<p style=\"text-align: justify;\">Antes se recomendaba a toda mujer a partir de los cuarenta a\u00f1os que al menos una vez por a\u00f1o se hiciera una mamograf\u00eda, ahora lamentablemente ese piso en la edad ha bajado, ahora es a partir de los 35 a\u00f1os y con eso aumenta considerablemente el riesgo de que puedan producirse m\u00e1s casos, por eso como siempre decimos lo m\u00e1s importante es la prevenci\u00f3n y para prevenir primero debemos estar muy bien informados, no tenerle miedo a la palabra, para luego encarar una verdadera lucha contra dicha patolog\u00eda\u201d<\/p>\n<p style=\"text-align: justify;\">Posteriormente la representante de LALCEC dijo que \u201ccuando tengamos una fecha concreta de la llegada del cami\u00f3n de Avon a Mercedes la vamos dar junto con los horario s y el cronograma de los trabajos que realizar\u00e1n\u201d<\/p>\n","protected":false},"excerpt":{"rendered":"<p>La presidente de la Filial Mercedes de LALCEC, (Liga Argentina de Lucha contra el C\u00e1ncer) L\u00eda Dulevich sostuvo que el &#8230; <a title=\"Lucha contra el c\u00e1ncer: el cami\u00f3n de Av\u00f3n regresa a la ciudad\" class=\"read-more\" href=\"https:\/\/www.hoymercedes.com.ar\/principal\/2010\/11\/19\/lucha-contra-el-cancer-el-camion-de-avon-regresa-a-la-ciudad\/\" aria-label=\"Leer m\u00e1s sobre Lucha contra el c\u00e1ncer: el cami\u00f3n de Av\u00f3n regresa a la ciudad\">Leer m\u00e1s<\/a><\/p>\n","protected":false},"author":1,"featured_media":0,"comment_status":"open","ping_status":"open","sticky":false,"template":"","format":"standard","meta":{"_monsterinsights_skip_tracking":false,"_monsterinsights_sitenote_active":false,"_monsterinsights_sitenote_note":"","_monsterinsights_sitenote_category":0,"jetpack_post_was_ever_published":false,"_jetpack_newsletter_access":"","_jetpack_dont_email_post_to_subs":false,"_jetpack_newsletter_tier_id":0,"_jetpack_memberships_contains_paywalled_content":false,"_jetpack_memberships_contains_paid_content":false,"footnotes":"","jetpack_publicize_message":"","jetpack_publicize_feature_enabled":true,"jetpack_social_post_already_shared":false,"jetpack_social_options":{"image_generator_settings":{"template":"highway","default_image_id":0,"font":"","enabled":false},"version":2},"_wpas_customize_per_network":false},"categories":[8],"tags":[108],"class_list":["post-445","post","type-post","status-publish","format-standard","hentry","category-sociedad","tag-lalcec","generate-columns","tablet-grid-50","mobile-grid-100","grid-parent","grid-50"],"jetpack_publicize_connections":[],"jetpack_featured_media_url":"","wps_subtitle":"","jetpack_sharing_enabled":true,"_links":{"self":[{"href":"https:\/\/www.hoymercedes.com.ar\/principal\/wp-json\/wp\/v2\/posts\/445","targetHints":{"allow":["GET"]}}],"collection":[{"href":"https:\/\/www.hoymercedes.com.ar\/principal\/wp-json\/wp\/v2\/posts"}],"about":[{"href":"https:\/\/www.hoymercedes.com.ar\/principal\/wp-json\/wp\/v2\/types\/post"}],"author":[{"embeddable":true,"href":"https:\/\/www.hoymercedes.com.ar\/principal\/wp-json\/wp\/v2\/users\/1"}],"replies":[{"embeddable":true,"href":"https:\/\/www.hoymercedes.com.ar\/principal\/wp-json\/wp\/v2\/comments?post=445"}],"version-history":[{"count":0,"href":"https:\/\/www.hoymercedes.com.ar\/principal\/wp-json\/wp\/v2\/posts\/445\/revisions"}],"wp:attachment":[{"href":"https:\/\/www.hoymercedes.com.ar\/principal\/wp-json\/wp\/v2\/media?parent=445"}],"wp:term":[{"taxonomy":"category","embeddable":true,"href":"https:\/\/www.hoymercedes.com.ar\/principal\/wp-json\/wp\/v2\/categories?post=445"},{"taxonomy":"post_tag","embeddable":true,"href":"https:\/\/www.hoymercedes.com.ar\/principal\/wp-json\/wp\/v2\/tags?post=445"}],"curies":[{"name":"wp","href":"https:\/\/api.w.org\/{rel}","templated":true}]}}