{"id":44503,"date":"2015-09-10T22:33:29","date_gmt":"2015-09-11T01:33:29","guid":{"rendered":"http:\/\/www.hoymercedes.com.ar\/principal\/?p=44503"},"modified":"2015-09-11T23:29:03","modified_gmt":"2015-09-12T02:29:03","slug":"fal-el-estacionamiento-medido-el-sistema-asi-como-esta-planteado-para-mi-no-sirve","status":"publish","type":"post","link":"https:\/\/www.hoymercedes.com.ar\/principal\/2015\/09\/10\/fal-el-estacionamiento-medido-el-sistema-asi-como-esta-planteado-para-mi-no-sirve\/","title":{"rendered":"Fal: \u00abEl estacionamiento medido as\u00ed como est\u00e1 planteado no sirve\u00bb"},"content":{"rendered":"<p><a href=\"https:\/\/www.hoymercedes.com.ar\/principal\/wp-content\/uploads\/2015\/09\/LucasFal-2015.jpg\"><img loading=\"lazy\" decoding=\"async\" data-attachment-id=\"44505\" data-permalink=\"https:\/\/www.hoymercedes.com.ar\/principal\/2015\/09\/10\/fal-el-estacionamiento-medido-el-sistema-asi-como-esta-planteado-para-mi-no-sirve\/lucasfal-2015\/#main\" data-orig-file=\"https:\/\/www.hoymercedes.com.ar\/principal\/wp-content\/uploads\/2015\/09\/LucasFal-2015.jpg\" data-orig-size=\"620,465\" data-comments-opened=\"1\" data-image-meta=\"{&quot;aperture&quot;:&quot;2.6&quot;,&quot;credit&quot;:&quot;&quot;,&quot;camera&quot;:&quot;SM-G360M&quot;,&quot;caption&quot;:&quot;&quot;,&quot;created_timestamp&quot;:&quot;1441880207&quot;,&quot;copyright&quot;:&quot;&quot;,&quot;focal_length&quot;:&quot;3.31&quot;,&quot;iso&quot;:&quot;250&quot;,&quot;shutter_speed&quot;:&quot;0.058823529411765&quot;,&quot;title&quot;:&quot;&quot;,&quot;orientation&quot;:&quot;0&quot;}\" data-image-title=\"LucasFal-2015\" data-image-description=\"\" data-image-caption=\"\" data-large-file=\"https:\/\/www.hoymercedes.com.ar\/principal\/wp-content\/uploads\/2015\/09\/LucasFal-2015.jpg\" class=\"Img2014 aligncenter wp-image-44505 size-full\" title=\"Lucas Fal, Macrismo Mercedes, Frente Cambiemos \" src=\"https:\/\/www.hoymercedes.com.ar\/principal\/wp-content\/uploads\/2015\/09\/LucasFal-2015.jpg\" alt=\"LucasFal-2015\" width=\"620\" height=\"465\" srcset=\"https:\/\/www.hoymercedes.com.ar\/principal\/wp-content\/uploads\/2015\/09\/LucasFal-2015.jpg 620w, https:\/\/www.hoymercedes.com.ar\/principal\/wp-content\/uploads\/2015\/09\/LucasFal-2015-150x113.jpg 150w, https:\/\/www.hoymercedes.com.ar\/principal\/wp-content\/uploads\/2015\/09\/LucasFal-2015-290x218.jpg 290w, https:\/\/www.hoymercedes.com.ar\/principal\/wp-content\/uploads\/2015\/09\/LucasFal-2015-50x38.jpg 50w, https:\/\/www.hoymercedes.com.ar\/principal\/wp-content\/uploads\/2015\/09\/LucasFal-2015-420x315.jpg 420w\" sizes=\"auto, (max-width: 620px) 100vw, 620px\" \/><\/a><\/p>\n<p>El candidato a intendente Lucas Fal se expres\u00f3 sobre diversos temas de la actualidad, desde el caso Niembro a la decisi\u00f3n de Cestari de no acompa\u00f1ar. Del rol de las redes sociales a temas pos 10 de diciembre en caso de ser gesti\u00f3n. La nota se ver\u00e1 reflejada en las p\u00e1ginas de Semanario D\u00e9cadas el pr\u00f3ximo s\u00e1bado, mientras tanto, un adelanto de lo que opin\u00f3 sobre dos temas actuales.<\/p>\n<p><strong>D: El caso resonante de Niembro que pertenece a Cambiemos \u00bfc\u00f3mo lo observas?<\/strong><\/p>\n<p>Fal: Sinceramente he le\u00eddo poco. S\u00e9 que lo acusan de cobrar unos contratos donde no he visto a fondo. Si veo que es parte de una operaci\u00f3n medi\u00e1tica donde ponen de relieve algunas cuestiones por sobre otras. Si act\u00faa la justicia debemos dejar que se aclare y se resuelva, pero, ciertamente hay ciertas intencionalidades pol\u00edticas en ponerlo de \u00e9sta manera. Es parte de una instancia electoralista, pero est\u00e1 bien investigue la justicia y estar\u00eda bien investiguen a todos los candidatos empezando por Anibal Fern\u00e1ndez.<\/p>\n<p><strong>\u00bfQu\u00e9 pens\u00e1s hacer con el Estacionamiento Medido?<\/strong><\/p>\n<p>Si me toca ser intendente voy a revisar el contrato al d\u00eda siguiente porque me parece hay cosas que no se est\u00e1n cumpliendo. El sistema como est\u00e1 planteado hoy no resuelve ning\u00fan problema, no creo que el tr\u00e1nsito en la ciudad haya mejorado ni que los comerciantes tuvieran m\u00e1s rotaci\u00f3n de veh\u00edculos y clientes. Hoy cualquier juez con 400 pesos por mes deja el auto estacionado en la puerta en Tribunales. Hay una empresa que se lleva el dinero y no tenemos veh\u00edculos en el centro que beneficie al vecino y al comerciante. El estacionamiento medido, el sistema, as\u00ed como est\u00e1 planteado, para m\u00ed, no sirve.<\/p>\n","protected":false},"excerpt":{"rendered":"<p>El candidato a intendente Lucas Fal se expres\u00f3 sobre diversos temas de la actualidad, desde el caso Niembro a la &#8230; <a title=\"Fal: \u00abEl estacionamiento medido as\u00ed como est\u00e1 planteado no sirve\u00bb\" class=\"read-more\" href=\"https:\/\/www.hoymercedes.com.ar\/principal\/2015\/09\/10\/fal-el-estacionamiento-medido-el-sistema-asi-como-esta-planteado-para-mi-no-sirve\/\" aria-label=\"Leer m\u00e1s sobre Fal: \u00abEl estacionamiento medido as\u00ed como est\u00e1 planteado no sirve\u00bb\">Leer m\u00e1s<\/a><\/p>\n","protected":false},"author":1,"featured_media":44505,"comment_status":"open","ping_status":"open","sticky":false,"template":"","format":"standard","meta":{"_monsterinsights_skip_tracking":false,"_monsterinsights_sitenote_active":false,"_monsterinsights_sitenote_note":"","_monsterinsights_sitenote_category":0,"jetpack_post_was_ever_published":false,"_jetpack_newsletter_access":"","_jetpack_dont_email_post_to_subs":false,"_jetpack_newsletter_tier_id":0,"_jetpack_memberships_contains_paywalled_content":false,"_jetpack_memberships_contains_paid_content":false,"footnotes":"","jetpack_publicize_message":"","jetpack_publicize_feature_enabled":true,"jetpack_social_post_already_shared":true,"jetpack_social_options":{"image_generator_settings":{"template":"highway","default_image_id":0,"font":"","enabled":false},"version":2},"_wpas_customize_per_network":false},"categories":[5],"tags":[7492,2008,7815],"class_list":["post-44503","post","type-post","status-publish","format-standard","has-post-thumbnail","hentry","category-politica","tag-frente-cambiemos","tag-lucas-fal","tag-macrismo-mercedes","generate-columns","tablet-grid-50","mobile-grid-100","grid-parent","grid-50"],"jetpack_publicize_connections":[],"jetpack_featured_media_url":"https:\/\/www.hoymercedes.com.ar\/principal\/wp-content\/uploads\/2015\/09\/LucasFal-2015.jpg","wps_subtitle":"Elecciones 2015 ","jetpack_sharing_enabled":true,"jetpack-related-posts":[{"id":44834,"url":"https:\/\/www.hoymercedes.com.ar\/principal\/2015\/09\/25\/carlos-mc-allister-visito-mercedes-y-realizo-actividades-junto-a-lucas-fal\/","url_meta":{"origin":44503,"position":0},"title":"Carlos Mc Allister visit\u00f3 Mercedes y realiz\u00f3 actividades junto a Lucas Fal","author":"hoymercedes","date":"25 septiembre, 2015","format":false,"excerpt":"E l Diputado Nacional del PRO y ex defensor de Boca Juniors, Carlos Mc Allister, estuvo en Mercedes y particip\u00f3 de actividades junto al candidato a intendente Lucas Fal. Tras la conferencia de prensa partieron a un encuentro con j\u00f3venes deportistas del Club Uni\u00f3n de nuestra comunidad. Lucas Fal al\u2026","rel":"","context":"En \u00abPol\u00edtica\u00bb","block_context":{"text":"Pol\u00edtica","link":"https:\/\/www.hoymercedes.com.ar\/principal\/category\/politica\/"},"img":{"alt_text":"","src":"https:\/\/i0.wp.com\/www.hoymercedes.com.ar\/principal\/wp-content\/uploads\/2015\/09\/McAllister-Fal-2.jpg?resize=350%2C200&ssl=1","width":350,"height":200,"srcset":"https:\/\/i0.wp.com\/www.hoymercedes.com.ar\/principal\/wp-content\/uploads\/2015\/09\/McAllister-Fal-2.jpg?resize=350%2C200&ssl=1 1x, https:\/\/i0.wp.com\/www.hoymercedes.com.ar\/principal\/wp-content\/uploads\/2015\/09\/McAllister-Fal-2.jpg?resize=525%2C300&ssl=1 1.5x"},"classes":[]},{"id":45342,"url":"https:\/\/www.hoymercedes.com.ar\/principal\/2015\/10\/15\/mendez-denapole-ya-esta-por-encima-de-fal-en-la-intencion-de-voto-y-sigue-creciendo\/","url_meta":{"origin":44503,"position":1},"title":"M\u00e9ndez: \u00abDen\u00e1pole ya est\u00e1 por encima de Fal en la intenci\u00f3n de voto y sigue creciendo\u00bb","author":"hoymercedes","date":"15 octubre, 2015","format":false,"excerpt":"El candidato a consejero escolar por el Frente Renovador, Roberto Mendez, asegur\u00f3 que \u201cel crecimiento\u201d de su espacio en la ciudad lo posiciona \u201ccon expectativas reales y concretas de ganar las elecciones\u201d y cuestion\u00f3 al postulante a la intendencia de la alianza Cambiemos, el radical Lucas Fal, \u201cporque subestima la\u2026","rel":"","context":"En \u00abSociedad\u00bb","block_context":{"text":"Sociedad","link":"https:\/\/www.hoymercedes.com.ar\/principal\/category\/sociedad\/"},"img":{"alt_text":"","src":"https:\/\/i0.wp.com\/www.hoymercedes.com.ar\/principal\/wp-content\/uploads\/2014\/04\/ArnaldoM%C3%A9ndez-ConcejalFrenteRenovador2.jpg?resize=350%2C200&ssl=1","width":350,"height":200,"srcset":"https:\/\/i0.wp.com\/www.hoymercedes.com.ar\/principal\/wp-content\/uploads\/2014\/04\/ArnaldoM%C3%A9ndez-ConcejalFrenteRenovador2.jpg?resize=350%2C200&ssl=1 1x, https:\/\/i0.wp.com\/www.hoymercedes.com.ar\/principal\/wp-content\/uploads\/2014\/04\/ArnaldoM%C3%A9ndez-ConcejalFrenteRenovador2.jpg?resize=525%2C300&ssl=1 1.5x"},"classes":[]},{"id":45275,"url":"https:\/\/www.hoymercedes.com.ar\/principal\/2015\/10\/12\/fal-somos-los-unicos-que-podemos-ganarle-a-la-campora\/","url_meta":{"origin":44503,"position":2},"title":"Fal \u00abSomos los \u00fanicos que podemos ganarle a la Campora\u00bb","author":"hoymercedes","date":"12 octubre, 2015","format":false,"excerpt":"El candidato a intendente por el Frente Cambiemos, el ingeniero Lucas Fal, habl\u00f3 sobre c\u00f3mo esta viviendo estos \u00faltimos tramos de la campa\u00f1a\u00a0\"Los vecinos nos van a elegir por lo que decimos y sobre todo por c\u00f3mo actuamos. La gente est\u00e1 harta de la pol\u00edtica de la\u00a0descalificaci\u00f3n, el electorado se\u2026","rel":"","context":"En \u00abPol\u00edtica\u00bb","block_context":{"text":"Pol\u00edtica","link":"https:\/\/www.hoymercedes.com.ar\/principal\/category\/politica\/"},"img":{"alt_text":"","src":"https:\/\/i0.wp.com\/www.hoymercedes.com.ar\/principal\/wp-content\/uploads\/2015\/09\/LucasFal-2015.jpg?resize=350%2C200&ssl=1","width":350,"height":200,"srcset":"https:\/\/i0.wp.com\/www.hoymercedes.com.ar\/principal\/wp-content\/uploads\/2015\/09\/LucasFal-2015.jpg?resize=350%2C200&ssl=1 1x, https:\/\/i0.wp.com\/www.hoymercedes.com.ar\/principal\/wp-content\/uploads\/2015\/09\/LucasFal-2015.jpg?resize=525%2C300&ssl=1 1.5x"},"classes":[]},{"id":128866,"url":"https:\/\/www.hoymercedes.com.ar\/principal\/2021\/04\/25\/el-centro-de-ingenieros-recuerda-a-lucas-fal\/","url_meta":{"origin":44503,"position":3},"title":"El Centro de Ingenieros recuerda a Lucas Fal","author":"hoymercedes","date":"25 abril, 2021","format":false,"excerpt":"El venidero 29 de abril se cumplen cinco a\u00f1os del fallecimiento del Ingeniero Lucas Fal. Desde el Centro de Ingenieros de Mercedes hicieron p\u00fablico un recuerdo que resalta \"el amor a la familia\", su \"capacidad profesional\" y su \"enorme vocaci\u00f3n de servicio\". Cabe recordar que Lucas Fal falleci\u00f3 en abril\u2026","rel":"","context":"En \u00abSociedad\u00bb","block_context":{"text":"Sociedad","link":"https:\/\/www.hoymercedes.com.ar\/principal\/category\/sociedad\/"},"img":{"alt_text":"","src":"https:\/\/i0.wp.com\/www.hoymercedes.com.ar\/principal\/wp-content\/uploads\/2016\/04\/LucasFal.jpg?resize=350%2C200&ssl=1","width":350,"height":200,"srcset":"https:\/\/i0.wp.com\/www.hoymercedes.com.ar\/principal\/wp-content\/uploads\/2016\/04\/LucasFal.jpg?resize=350%2C200&ssl=1 1x, https:\/\/i0.wp.com\/www.hoymercedes.com.ar\/principal\/wp-content\/uploads\/2016\/04\/LucasFal.jpg?resize=525%2C300&ssl=1 1.5x"},"classes":[]},{"id":44616,"url":"https:\/\/www.hoymercedes.com.ar\/principal\/2015\/09\/17\/fal-vendra-una-campana-muy-sucia-y-la-gente-tiene-que-saber-que-nosotros-no-vamos-a-estar-de-ese-lado-de-la-politica\/","url_meta":{"origin":44503,"position":4},"title":"Fal: \u201cvendr\u00e1 una campa\u00f1a muy sucia y la gente tiene que saber que nosotros no vamos a estar de ese lado de la pol\u00edtica\u201d","author":"hoymercedes","date":"17 septiembre, 2015","format":false,"excerpt":"\u00a0 El candidato a intendente del \u201cFrente Cambiemos\u201d, Lucas Fal, dialog\u00f3 sobre distintos temas de inter\u00e9s, como lo es la interna Cambiemos, el transporte p\u00fablico de pasajeros o las exposiciones dentro de las redes sociales. Fue una nota publicada en Semanari D\u00e9cadas donde toc\u00f3 diversos temas. D\u00e9cadas: \u00bfC\u00f3mo tomaste la\u2026","rel":"","context":"En \u00abPol\u00edtica\u00bb","block_context":{"text":"Pol\u00edtica","link":"https:\/\/www.hoymercedes.com.ar\/principal\/category\/politica\/"},"img":{"alt_text":"","src":"https:\/\/i0.wp.com\/www.hoymercedes.com.ar\/principal\/wp-content\/uploads\/2015\/09\/LucasFal-2015.jpg?resize=350%2C200&ssl=1","width":350,"height":200,"srcset":"https:\/\/i0.wp.com\/www.hoymercedes.com.ar\/principal\/wp-content\/uploads\/2015\/09\/LucasFal-2015.jpg?resize=350%2C200&ssl=1 1x, https:\/\/i0.wp.com\/www.hoymercedes.com.ar\/principal\/wp-content\/uploads\/2015\/09\/LucasFal-2015.jpg?resize=525%2C300&ssl=1 1.5x"},"classes":[]},{"id":46778,"url":"https:\/\/www.hoymercedes.com.ar\/principal\/2016\/01\/09\/lucas-fal-es-el-nuevo-director-de-la-competitividad-y-la-innovacion-en-la-provincia\/","url_meta":{"origin":44503,"position":5},"title":"Lucas Fal es el nuevo Director de la Competitividad y la innovaci\u00f3n en la Provincia","author":"hoymercedes","date":"9 enero, 2016","format":false,"excerpt":"\u00a0 Lucas Fal, el ex candidato a intendente por el Frente Cambiemos confirm\u00f3 que ser\u00e1 parte del gabinete de Mar\u00eda Eugenia Vidal dado que confirm\u00f3 la aceptaci\u00f3n de la Direcci\u00f3n de Competitividad e Innovaci\u00f3n. Uno de los m\u00e1ximos referentes del Frente Cambiemos en Mercedes confirm\u00f3 que se suma al Ministerio\u2026","rel":"","context":"En \u00abPol\u00edtica\u00bb","block_context":{"text":"Pol\u00edtica","link":"https:\/\/www.hoymercedes.com.ar\/principal\/category\/politica\/"},"img":{"alt_text":"","src":"https:\/\/i0.wp.com\/www.hoymercedes.com.ar\/principal\/wp-content\/uploads\/2015\/09\/LucasFal-2015.jpg?resize=350%2C200&ssl=1","width":350,"height":200,"srcset":"https:\/\/i0.wp.com\/www.hoymercedes.com.ar\/principal\/wp-content\/uploads\/2015\/09\/LucasFal-2015.jpg?resize=350%2C200&ssl=1 1x, https:\/\/i0.wp.com\/www.hoymercedes.com.ar\/principal\/wp-content\/uploads\/2015\/09\/LucasFal-2015.jpg?resize=525%2C300&ssl=1 1.5x"},"classes":[]}],"_links":{"self":[{"href":"https:\/\/www.hoymercedes.com.ar\/principal\/wp-json\/wp\/v2\/posts\/44503","targetHints":{"allow":["GET"]}}],"collection":[{"href":"https:\/\/www.hoymercedes.com.ar\/principal\/wp-json\/wp\/v2\/posts"}],"about":[{"href":"https:\/\/www.hoymercedes.com.ar\/principal\/wp-json\/wp\/v2\/types\/post"}],"author":[{"embeddable":true,"href":"https:\/\/www.hoymercedes.com.ar\/principal\/wp-json\/wp\/v2\/users\/1"}],"replies":[{"embeddable":true,"href":"https:\/\/www.hoymercedes.com.ar\/principal\/wp-json\/wp\/v2\/comments?post=44503"}],"version-history":[{"count":0,"href":"https:\/\/www.hoymercedes.com.ar\/principal\/wp-json\/wp\/v2\/posts\/44503\/revisions"}],"wp:featuredmedia":[{"embeddable":true,"href":"https:\/\/www.hoymercedes.com.ar\/principal\/wp-json\/wp\/v2\/media\/44505"}],"wp:attachment":[{"href":"https:\/\/www.hoymercedes.com.ar\/principal\/wp-json\/wp\/v2\/media?parent=44503"}],"wp:term":[{"taxonomy":"category","embeddable":true,"href":"https:\/\/www.hoymercedes.com.ar\/principal\/wp-json\/wp\/v2\/categories?post=44503"},{"taxonomy":"post_tag","embeddable":true,"href":"https:\/\/www.hoymercedes.com.ar\/principal\/wp-json\/wp\/v2\/tags?post=44503"}],"curies":[{"name":"wp","href":"https:\/\/api.w.org\/{rel}","templated":true}]}}