{"id":44523,"date":"2015-09-11T23:23:14","date_gmt":"2015-09-12T02:23:14","guid":{"rendered":"http:\/\/www.hoymercedes.com.ar\/principal\/?p=44523"},"modified":"2015-09-13T20:39:36","modified_gmt":"2015-09-13T23:39:36","slug":"invitan-a-charla-sobre-la-noche-de-los-lapices-y-el-movimiento-estudiantil","status":"publish","type":"post","link":"https:\/\/www.hoymercedes.com.ar\/principal\/2015\/09\/11\/invitan-a-charla-sobre-la-noche-de-los-lapices-y-el-movimiento-estudiantil\/","title":{"rendered":"Invitan a charla sobre \u00abLa Noche de los L\u00e1pices\u00bb y el movimiento estudiantil"},"content":{"rendered":"<p><em><strong>El pr\u00f3ximo 16 se cumple un nuevo aniversario de la Noche de los l\u00e1pices, los a\u00f1os transcurridos no permiten ver\u00a0 que solamente la organizaci\u00f3n de los estudiantes junto a docentes y no docentes ha sido el motor que permiti\u00f3 este a\u00f1o la aprobaci\u00f3n del boleto estudiantil gratuito.<\/strong><\/em><\/p>\n<p>Con una gran campa\u00f1a que nos llev\u00f3 a juntar firmas en los colegios secundarios e institutos terciarios de toda la provincia se present\u00f3 el Proyecto de Ley a del frente de Izquierda a trav\u00e9s de N\u00e9stor Pitrola, Diputado del Partido Obrero.<\/p>\n<p>Junto a la movilizaci\u00f3n de miles de estudiantes, docentes y no docentes de toda la provincia, la reivindicaci\u00f3n hist\u00f3rica que condensa esta fecha se pudo lograr.<\/p>\n<p>La conclusi\u00f3n es clara, solo la acci\u00f3n directa y real de las bancas del Frente de Izquierda han permitido que se cumpla con la lucha de los estudiantes desaparecidos y detenidos. Durante todos los a\u00f1os en que los partidos tradicionales han ocupado bancas jam\u00e1s se hab\u00eda plasmado en una ley.<\/p>\n<p>Por esto es que convocamos a la juventud mercedina a hacer una experiencia con la izquierda, con el Frente de Izquierda y el Partido Obrero, a debatir y opinar en \u00a0una charla el d\u00eda 18 de septiembre a las 19:00 s en el local del Partido Obrero, Calle 17 e\/ 12 y 14.<\/p>\n<p>Mar\u00eda Maldonado, Partido Obrero Mercedes<\/p>\n","protected":false},"excerpt":{"rendered":"<p>El pr\u00f3ximo 16 se cumple un nuevo aniversario de la Noche de los l\u00e1pices, los a\u00f1os transcurridos no permiten ver\u00a0 &#8230; <a title=\"Invitan a charla sobre \u00abLa Noche de los L\u00e1pices\u00bb y el movimiento estudiantil\" class=\"read-more\" href=\"https:\/\/www.hoymercedes.com.ar\/principal\/2015\/09\/11\/invitan-a-charla-sobre-la-noche-de-los-lapices-y-el-movimiento-estudiantil\/\" aria-label=\"Leer m\u00e1s sobre Invitan a charla sobre \u00abLa Noche de los L\u00e1pices\u00bb y el movimiento estudiantil\">Leer m\u00e1s<\/a><\/p>\n","protected":false},"author":1,"featured_media":40815,"comment_status":"open","ping_status":"open","sticky":false,"template":"","format":"standard","meta":{"_monsterinsights_skip_tracking":false,"_monsterinsights_sitenote_active":false,"_monsterinsights_sitenote_note":"","_monsterinsights_sitenote_category":0,"jetpack_post_was_ever_published":false,"_jetpack_newsletter_access":"","_jetpack_dont_email_post_to_subs":false,"_jetpack_newsletter_tier_id":0,"_jetpack_memberships_contains_paywalled_content":false,"_jetpack_memberships_contains_paid_content":false,"footnotes":"","jetpack_publicize_message":"","jetpack_publicize_feature_enabled":true,"jetpack_social_post_already_shared":true,"jetpack_social_options":{"image_generator_settings":{"template":"highway","default_image_id":0,"font":"","enabled":false},"version":2},"_wpas_customize_per_network":false},"categories":[8],"tags":[6253,1054,7184,1045],"class_list":["post-44523","post","type-post","status-publish","format-standard","has-post-thumbnail","hentry","category-sociedad","tag-fit","tag-frente-de-izquierda","tag-maria-maldonado","tag-partido-obrero","generate-columns","tablet-grid-50","mobile-grid-100","grid-parent","grid-50"],"jetpack_publicize_connections":[],"jetpack_featured_media_url":"https:\/\/www.hoymercedes.com.ar\/principal\/wp-content\/uploads\/2015\/04\/mariamaldonado-partidoobrero.jpg","wps_subtitle":"Organiza Partido Obrero - Fit","jetpack_sharing_enabled":true,"_links":{"self":[{"href":"https:\/\/www.hoymercedes.com.ar\/principal\/wp-json\/wp\/v2\/posts\/44523","targetHints":{"allow":["GET"]}}],"collection":[{"href":"https:\/\/www.hoymercedes.com.ar\/principal\/wp-json\/wp\/v2\/posts"}],"about":[{"href":"https:\/\/www.hoymercedes.com.ar\/principal\/wp-json\/wp\/v2\/types\/post"}],"author":[{"embeddable":true,"href":"https:\/\/www.hoymercedes.com.ar\/principal\/wp-json\/wp\/v2\/users\/1"}],"replies":[{"embeddable":true,"href":"https:\/\/www.hoymercedes.com.ar\/principal\/wp-json\/wp\/v2\/comments?post=44523"}],"version-history":[{"count":0,"href":"https:\/\/www.hoymercedes.com.ar\/principal\/wp-json\/wp\/v2\/posts\/44523\/revisions"}],"wp:featuredmedia":[{"embeddable":true,"href":"https:\/\/www.hoymercedes.com.ar\/principal\/wp-json\/wp\/v2\/media\/40815"}],"wp:attachment":[{"href":"https:\/\/www.hoymercedes.com.ar\/principal\/wp-json\/wp\/v2\/media?parent=44523"}],"wp:term":[{"taxonomy":"category","embeddable":true,"href":"https:\/\/www.hoymercedes.com.ar\/principal\/wp-json\/wp\/v2\/categories?post=44523"},{"taxonomy":"post_tag","embeddable":true,"href":"https:\/\/www.hoymercedes.com.ar\/principal\/wp-json\/wp\/v2\/tags?post=44523"}],"curies":[{"name":"wp","href":"https:\/\/api.w.org\/{rel}","templated":true}]}}