{"id":44542,"date":"2015-09-13T23:14:52","date_gmt":"2015-09-14T02:14:52","guid":{"rendered":"http:\/\/www.hoymercedes.com.ar\/principal\/?p=44542"},"modified":"2015-09-13T23:14:52","modified_gmt":"2015-09-14T02:14:52","slug":"dalma-verdum-se-corono-reina-de-la-fiesta-nacional-del-salame-quintero","status":"publish","type":"post","link":"https:\/\/www.hoymercedes.com.ar\/principal\/2015\/09\/13\/dalma-verdum-se-corono-reina-de-la-fiesta-nacional-del-salame-quintero\/","title":{"rendered":"Dalma Verd\u00fam se coron\u00f3 Reina de la Fiesta Nacional del Salame Quintero"},"content":{"rendered":"<p><a href=\"https:\/\/www.hoymercedes.com.ar\/principal\/wp-content\/uploads\/2015\/09\/verdum-reinafiestadelsalame-2015.jpg\"><img loading=\"lazy\" decoding=\"async\" data-attachment-id=\"44543\" data-permalink=\"https:\/\/www.hoymercedes.com.ar\/principal\/2015\/09\/13\/dalma-verdum-se-corono-reina-de-la-fiesta-nacional-del-salame-quintero\/verdum-reinafiestadelsalame-2015\/#main\" data-orig-file=\"https:\/\/www.hoymercedes.com.ar\/principal\/wp-content\/uploads\/2015\/09\/verdum-reinafiestadelsalame-2015.jpg\" data-orig-size=\"620,383\" data-comments-opened=\"1\" data-image-meta=\"{&quot;aperture&quot;:&quot;0&quot;,&quot;credit&quot;:&quot;&quot;,&quot;camera&quot;:&quot;&quot;,&quot;caption&quot;:&quot;&quot;,&quot;created_timestamp&quot;:&quot;0&quot;,&quot;copyright&quot;:&quot;&quot;,&quot;focal_length&quot;:&quot;0&quot;,&quot;iso&quot;:&quot;0&quot;,&quot;shutter_speed&quot;:&quot;0&quot;,&quot;title&quot;:&quot;&quot;,&quot;orientation&quot;:&quot;0&quot;}\" data-image-title=\"verdum-reinafiestadelsalame-2015\" data-image-description=\"\" data-image-caption=\"\" data-large-file=\"https:\/\/www.hoymercedes.com.ar\/principal\/wp-content\/uploads\/2015\/09\/verdum-reinafiestadelsalame-2015.jpg\" class=\"Img2014 aligncenter wp-image-44543 size-full\" title=\"Fiesta Nacional del Salame Quintero, dalma verd\u00fam, fiesta del salame\" src=\"https:\/\/www.hoymercedes.com.ar\/principal\/wp-content\/uploads\/2015\/09\/verdum-reinafiestadelsalame-2015.jpg\" alt=\"verdum-reinafiestadelsalame-2015\" width=\"620\" height=\"383\" srcset=\"https:\/\/www.hoymercedes.com.ar\/principal\/wp-content\/uploads\/2015\/09\/verdum-reinafiestadelsalame-2015.jpg 620w, https:\/\/www.hoymercedes.com.ar\/principal\/wp-content\/uploads\/2015\/09\/verdum-reinafiestadelsalame-2015-150x93.jpg 150w, https:\/\/www.hoymercedes.com.ar\/principal\/wp-content\/uploads\/2015\/09\/verdum-reinafiestadelsalame-2015-290x179.jpg 290w, https:\/\/www.hoymercedes.com.ar\/principal\/wp-content\/uploads\/2015\/09\/verdum-reinafiestadelsalame-2015-50x31.jpg 50w, https:\/\/www.hoymercedes.com.ar\/principal\/wp-content\/uploads\/2015\/09\/verdum-reinafiestadelsalame-2015-420x259.jpg 420w\" sizes=\"auto, (max-width: 620px) 100vw, 620px\" \/><\/a><\/p>\n<p><em><strong>Dalma Verd\u00fan fue coronada nueva Reina de la Fiesta Nacional del Salame Quintero. La joven mercedina, domiciliada en Gowlnad, fue la elegida entre 12 chicas que se hab\u00edan postulado para obtener el reinado.<\/strong><\/em><\/p>\n<p>Dalma Verd\u00fan fue la elegida por el jurado y representar\u00e1 a nuestra ciudad en participaciones institucionales en encuentros alrededor de todo el pa\u00eds. El jurado estuvo compuesto por Daniel Bernal, estilista, Roc\u00edo Torres, ex reina de la Fiesta, Sebasti\u00e1n Sandoval, productor y Sara Angelinetti, Secretaria de Turismo de la localidad de Dolores.<\/p>\n<p>La flamante reina tiene 20 a\u00f1os de edad y es parte de una familia productora.<\/p>\n<p>Milagros Acu\u00f1a fue la elegida como primera princesa mientras que Tamara Anah\u00ed Fern\u00e1ndez result\u00f3 segunda princesa. Amancay Carela obtuvo el t\u00edtulo de miss simpat\u00eda mientras que Y\u00e9sica Antonela Caliani fue miss elegancia.<\/p>\n<p>La elecci\u00f3n fue en el marco de una nueva edici\u00f3n que cont\u00f3 con un gran acompa\u00f1amiento de p\u00fablico durante las tres jornadas que cont\u00f3 con Tamb\u00f3 Tamb\u00f3, Raly Barrionuevo y el Chaque\u00f1o Palavecino como n\u00fameros principales, entre diversas representaciones de artistas y grupos de danza de nuestra ciudad.<\/p>\n","protected":false},"excerpt":{"rendered":"<p>Dalma Verd\u00fan fue coronada nueva Reina de la Fiesta Nacional del Salame Quintero. La joven mercedina, domiciliada en Gowlnad, fue &#8230; <a title=\"Dalma Verd\u00fam se coron\u00f3 Reina de la Fiesta Nacional del Salame Quintero\" class=\"read-more\" href=\"https:\/\/www.hoymercedes.com.ar\/principal\/2015\/09\/13\/dalma-verdum-se-corono-reina-de-la-fiesta-nacional-del-salame-quintero\/\" aria-label=\"Leer m\u00e1s sobre Dalma Verd\u00fam se coron\u00f3 Reina de la Fiesta Nacional del Salame Quintero\">Leer m\u00e1s<\/a><\/p>\n","protected":false},"author":1,"featured_media":44543,"comment_status":"open","ping_status":"open","sticky":false,"template":"","format":"standard","meta":{"_monsterinsights_skip_tracking":false,"_monsterinsights_sitenote_active":false,"_monsterinsights_sitenote_note":"","_monsterinsights_sitenote_category":0,"jetpack_post_was_ever_published":false,"_jetpack_newsletter_access":"","_jetpack_dont_email_post_to_subs":false,"_jetpack_newsletter_tier_id":0,"_jetpack_memberships_contains_paywalled_content":false,"_jetpack_memberships_contains_paid_content":false,"footnotes":"","jetpack_publicize_message":"","jetpack_publicize_feature_enabled":true,"jetpack_social_post_already_shared":true,"jetpack_social_options":{"image_generator_settings":{"template":"highway","default_image_id":0,"font":"","enabled":false},"version":2},"_wpas_customize_per_network":false},"categories":[8],"tags":[7919,1110,1209,3854],"class_list":["post-44542","post","type-post","status-publish","format-standard","has-post-thumbnail","hentry","category-sociedad","tag-dalma-verdum","tag-fiesta-del-salame","tag-fiesta-nacional-del-salame-quintero","tag-reina-fiesta-del-salame","generate-columns","tablet-grid-50","mobile-grid-100","grid-parent","grid-50"],"jetpack_publicize_connections":[],"jetpack_featured_media_url":"https:\/\/www.hoymercedes.com.ar\/principal\/wp-content\/uploads\/2015\/09\/verdum-reinafiestadelsalame-2015.jpg","wps_subtitle":"La gran fiesta mercedina ","jetpack_sharing_enabled":true,"_links":{"self":[{"href":"https:\/\/www.hoymercedes.com.ar\/principal\/wp-json\/wp\/v2\/posts\/44542","targetHints":{"allow":["GET"]}}],"collection":[{"href":"https:\/\/www.hoymercedes.com.ar\/principal\/wp-json\/wp\/v2\/posts"}],"about":[{"href":"https:\/\/www.hoymercedes.com.ar\/principal\/wp-json\/wp\/v2\/types\/post"}],"author":[{"embeddable":true,"href":"https:\/\/www.hoymercedes.com.ar\/principal\/wp-json\/wp\/v2\/users\/1"}],"replies":[{"embeddable":true,"href":"https:\/\/www.hoymercedes.com.ar\/principal\/wp-json\/wp\/v2\/comments?post=44542"}],"version-history":[{"count":0,"href":"https:\/\/www.hoymercedes.com.ar\/principal\/wp-json\/wp\/v2\/posts\/44542\/revisions"}],"wp:featuredmedia":[{"embeddable":true,"href":"https:\/\/www.hoymercedes.com.ar\/principal\/wp-json\/wp\/v2\/media\/44543"}],"wp:attachment":[{"href":"https:\/\/www.hoymercedes.com.ar\/principal\/wp-json\/wp\/v2\/media?parent=44542"}],"wp:term":[{"taxonomy":"category","embeddable":true,"href":"https:\/\/www.hoymercedes.com.ar\/principal\/wp-json\/wp\/v2\/categories?post=44542"},{"taxonomy":"post_tag","embeddable":true,"href":"https:\/\/www.hoymercedes.com.ar\/principal\/wp-json\/wp\/v2\/tags?post=44542"}],"curies":[{"name":"wp","href":"https:\/\/api.w.org\/{rel}","templated":true}]}}