{"id":44623,"date":"2015-09-17T20:04:18","date_gmt":"2015-09-17T23:04:18","guid":{"rendered":"http:\/\/www.hoymercedes.com.ar\/principal\/?p=44623"},"modified":"2015-09-18T21:17:40","modified_gmt":"2015-09-19T00:17:40","slug":"sindicato-de-trabajadores-municipales-cargaron-contra-ejecutivo-y-gremios","status":"publish","type":"post","link":"https:\/\/www.hoymercedes.com.ar\/principal\/2015\/09\/17\/sindicato-de-trabajadores-municipales-cargaron-contra-ejecutivo-y-gremios\/","title":{"rendered":"Sindicato de Trabajadores Municipales cargaron contra Ejecutivo y Gremios"},"content":{"rendered":"<p><a href=\"https:\/\/www.hoymercedes.com.ar\/principal\/wp-content\/uploads\/2015\/09\/sindicato.municipaloes.mercedes.jpg\"><img loading=\"lazy\" decoding=\"async\" data-attachment-id=\"44624\" data-permalink=\"https:\/\/www.hoymercedes.com.ar\/principal\/2015\/09\/17\/sindicato-de-trabajadores-municipales-cargaron-contra-ejecutivo-y-gremios\/sindicato-municipaloes-mercedes\/#main\" data-orig-file=\"https:\/\/www.hoymercedes.com.ar\/principal\/wp-content\/uploads\/2015\/09\/sindicato.municipaloes.mercedes.jpg\" data-orig-size=\"620,465\" data-comments-opened=\"1\" data-image-meta=\"{&quot;aperture&quot;:&quot;0&quot;,&quot;credit&quot;:&quot;&quot;,&quot;camera&quot;:&quot;&quot;,&quot;caption&quot;:&quot;&quot;,&quot;created_timestamp&quot;:&quot;0&quot;,&quot;copyright&quot;:&quot;&quot;,&quot;focal_length&quot;:&quot;0&quot;,&quot;iso&quot;:&quot;0&quot;,&quot;shutter_speed&quot;:&quot;0&quot;,&quot;title&quot;:&quot;&quot;,&quot;orientation&quot;:&quot;0&quot;}\" data-image-title=\"sindicato.municipaloes.mercedes\" data-image-description=\"\" data-image-caption=\"\" data-large-file=\"https:\/\/www.hoymercedes.com.ar\/principal\/wp-content\/uploads\/2015\/09\/sindicato.municipaloes.mercedes.jpg\" class=\"Img2014 aligncenter wp-image-44624 size-full\" title=\"Sindicato de trabajadores municipales, mercedes\" src=\"https:\/\/www.hoymercedes.com.ar\/principal\/wp-content\/uploads\/2015\/09\/sindicato.municipaloes.mercedes.jpg\" alt=\"sindicato.municipaloes.mercedes\" width=\"620\" height=\"465\" srcset=\"https:\/\/www.hoymercedes.com.ar\/principal\/wp-content\/uploads\/2015\/09\/sindicato.municipaloes.mercedes.jpg 620w, https:\/\/www.hoymercedes.com.ar\/principal\/wp-content\/uploads\/2015\/09\/sindicato.municipaloes.mercedes-150x113.jpg 150w, https:\/\/www.hoymercedes.com.ar\/principal\/wp-content\/uploads\/2015\/09\/sindicato.municipaloes.mercedes-290x218.jpg 290w, https:\/\/www.hoymercedes.com.ar\/principal\/wp-content\/uploads\/2015\/09\/sindicato.municipaloes.mercedes-50x38.jpg 50w, https:\/\/www.hoymercedes.com.ar\/principal\/wp-content\/uploads\/2015\/09\/sindicato.municipaloes.mercedes-420x315.jpg 420w\" sizes=\"auto, (max-width: 620px) 100vw, 620px\" \/><\/a><\/p>\n<p><em><strong>El Sindicato de Trabajadores Municipales de Mercedes brind\u00f3 una conferencia de prensa donde trat\u00f3 el tema de las paritarias. Comentaron la falta de apertura de la mesa y que en otras localidades ya lograron la puesta en marcha del debate. Respecto a otros gremios tuvieron palabras dur\u00edsimas donde los acusaron, como el caso de ATE, que s\u00f3lo quieren \u201clucrar\u201d con los \u201ccompa\u00f1eros municipales\u201d<\/strong><\/em>.<\/p>\n<p>Al inicio el abogado del Sindicato de Trabajadores Municipales de Mercedes, Te\u00f3filo Buffin, coment\u00f3 que \u201cQueremos resaltar que este es un gremio donde la verticalidad se respeta y soy un asesor legal que respeta las decisiones pol\u00edticas de la conducci\u00f3n sindical. Digo que la ley 14656 ha modificado profundamente la relaci\u00f3n laborales con los municipios y ha sido posible gracias al esfuerzo de la federaci\u00f3n, de los legisladores y de los sindicatos, como en este caso Flora que ha participado de todas las instancias y ha instado fundamentalmente la sanci\u00f3n de esta ley y nosotros ac\u00e1 estamos para hacerla respetar\u201d, expres\u00f3.<\/p>\n<p>Antonio Mauriello sostuvo a la hora de tomar la palabra que: \u201cQuisi\u00e9ramos en estos momentos decir c\u00f3mo funcionan las paritarias, pero, no es as\u00ed, no est\u00e1n funcionando como el gremio y nosotros deseamos. Quer\u00edamos dejar en claro que no nos hemos auto excluido ni somos anti democr\u00e1ticos. Cumplimos con todos los requisitos que la ley exige para ser paritarios, no excluimos a nadie si cumplen con los requisitos se sentar\u00e1n en la mesa\u201d coment\u00f3 buscando zanjar pol\u00e9micas remarcando que: \u201ccost\u00f3 mucho esta ley, muchos compa\u00f1eros la pasaron mal para poder obtener la ley derogando una que realmente durante mucho tiempo le quit\u00f3 derechos a los compa\u00f1eros municipales, como vacaciones, porcentajes de antig\u00fcedad, entre otros beneficios\u201d sostuvo.<\/p>\n<p>\u201cQueremos participar. La paritaria no la abri\u00f3 nadie m\u00e1s que esta gremio con cuatro notas que realiz\u00f3 con las presentaciones correspondientes, envi\u00e1ndole la nota al Ejecutivo donde se le notifica los paritarios, los temas a tratar y se lo intima porque hay plazos legales que la ley dice. Hasta el momento no se ha cumplido esto\u201d, afirm\u00f3 Muriello.<\/p>\n<p>\u201cEs una ley provincial, la hemos aceptado como es, no somos m\u00e1s capaces que nadie y lo medir\u00e1n los compa\u00f1eros municipales cuando actuemos y puedan decir si somos capaces o no. Esto dura un a\u00f1o y podr\u00e1n cambiar los paritarios. Vamos a poner todo el esfuerzo necesario. Va a llevar tiempo, hay muchas cosas por hacer\u201d expuso y sostuvo ya en tomo acusatorio que: \u201cM\u00e1s tiempo cuando hay gente que se hace la sorda y no nos recibe cuando tiene que hacerlo para tratar tema por tema y asuntos fundamentales para cambiarle la vida, estamos muy castigados los municipales, en el bolsillo, en las condiciones de trabajo, e incluso hasta con la gente que se la agarra con el compa\u00f1ero municipal y no es el responsable. Estamos esperando que el Municipio, el ejecutivo, nos convoque\u201d, afirm\u00f3 y dijo: \u201cEstamos esperando los compa\u00f1eros nos traiga sus ideas\u201d.<\/p>\n<p>Atenci\u00f3n<\/p>\n<p>Flora Balzategui coment\u00f3 que: \u201cen otras localidades ya est\u00e1n funcionando. Lo importante ser\u00eda que nosotros hubi\u00e9semos tenido la misma suerte. Tendr\u00eda que citarnos el intendente y nos diga quienes son finalmente los paritarios por parte del Ejecutivo\u201d afirm\u00f3 y remarc\u00f3: \u201csi hemos respetado merecemos se nos respeta y nos digan quienes son los paritarios del municipio y si despu\u00e9s de diciembre nos siguen que tambi\u00e9n lo digan\u201d.<\/p>\n<p>Duro contra ATE<\/p>\n<p>Ballestero, por su parte, tuvo duro conceptos contra otros gremios que se sentar\u00edan a la mesa paritaria dado que tiene afiliados municipales y en espacial carg\u00f3 contra ATE. \u201cTodo lo que hagamos ahora son los puntos a seguir\u201d en relaci\u00f3n a qui\u00e9n sea el pr\u00f3ximo intendente y coment\u00f3 que: \u201cse nos tildo siempre de oficialista y creemos es una falta de respeto hablar de esa manera. El hecho de querer representar un gremio como ATE pura y exclusivamente para lucrar con ellos porque no los hemos visto participar nunca en un per\u00edodo de aumentos, si bien reconocemos que cada aumento fue lastimoso, pero siempre pensamos en el bolsillo de los compa\u00f1eros. Sigo sosteniendo que lamentablemente hay compa\u00f1eros municipales que se jubilaron y no tienen ni para comprar remedios y hoy que se aprovechen de \u00e9sta situaci\u00f3n, de esta ley y se sienten tranquilamente en una mesa gente que ha votado la 11.757 que nos sac\u00f3 tantas cosas nos da verg\u00fcenza y un poco de temor y nos hace ver con un rencor que nos lleva a pensar que se han olvidado del compa\u00f1ero municipal\u201d, afirm\u00f3 con duros conceptos hacia la Asociaci\u00f3n Trabajadores del Estado y diciendo que: \u201cojal\u00e1 que puedan discutir algo a trav\u00e9s de lo que logramos nosotros, no nos adue\u00f1amos, tampoco nos creemos m\u00e1s, pero esta ley la logr\u00f3 la Federaci\u00f3n con el tiempo que gast\u00f3 por ejemplo Flora. No somos superiores, pero no nos gusta lo de quienes quieren lucrar con el dinero de los compa\u00f1eros municipales\u201d, coment\u00f3 y narr\u00f3 un caso de una \u201ccompa\u00f1era\u201d que necesit\u00f3 ayuda y la mandaron al Sindicato de Municipales en vez de actuar por su necesidad.<\/p>\n<p>Planta<\/p>\n<p>Consultados sobre la pol\u00e9mica desatada en el Concejo Deliberante d\u00edas atr\u00e1s respecto a la cantidad de empleados que est\u00e1 tomando por \u00e9stos d\u00edas el Intendente Carlos Selva sostuvieron que en el gremio no tiene precisiones ni de la planta actual ni de la que se est\u00e1 confeccionando por \u00e9stos d\u00edas con las mencionadas incorporaciones: \u201cAc\u00e1 no hay informaci\u00f3n de los empleados, los contratados. Se pidi\u00f3 cese no por la estructura, sino para evitar lo que parece es un manotazo de ahogado a \u00faltimo momento meter personal\u201d afirm\u00f3 Buf\u00edn y coment\u00f3: \u201ces tirarle una mochila al que viene, sea del signo que sea\u201d.<\/p>\n<p>Pol\u00e9micas<\/p>\n<p>La pol\u00e9mica est\u00e1 encendida. La mesa no se abri\u00f3 a\u00fan y los gremios que tienen participaciones y afiliaciones est\u00e1n en el debate de la representatividad. Mientras tanto, las paritarias, en Mercedes, siguen en el tintero.<\/p>\n","protected":false},"excerpt":{"rendered":"<p>El Sindicato de Trabajadores Municipales de Mercedes brind\u00f3 una conferencia de prensa donde trat\u00f3 el tema de las paritarias. Comentaron &#8230; <a title=\"Sindicato de Trabajadores Municipales cargaron contra Ejecutivo y Gremios\" class=\"read-more\" href=\"https:\/\/www.hoymercedes.com.ar\/principal\/2015\/09\/17\/sindicato-de-trabajadores-municipales-cargaron-contra-ejecutivo-y-gremios\/\" aria-label=\"Leer m\u00e1s sobre Sindicato de Trabajadores Municipales cargaron contra Ejecutivo y Gremios\">Leer m\u00e1s<\/a><\/p>\n","protected":false},"author":1,"featured_media":44624,"comment_status":"open","ping_status":"open","sticky":false,"template":"","format":"standard","meta":{"_monsterinsights_skip_tracking":false,"_monsterinsights_sitenote_active":false,"_monsterinsights_sitenote_note":"","_monsterinsights_sitenote_category":0,"jetpack_post_was_ever_published":false,"_jetpack_newsletter_access":"","_jetpack_dont_email_post_to_subs":false,"_jetpack_newsletter_tier_id":0,"_jetpack_memberships_contains_paywalled_content":false,"_jetpack_memberships_contains_paid_content":false,"footnotes":"","jetpack_publicize_message":"","jetpack_publicize_feature_enabled":true,"jetpack_social_post_already_shared":true,"jetpack_social_options":{"image_generator_settings":{"template":"highway","default_image_id":0,"font":"","enabled":false},"version":2},"_wpas_customize_per_network":false},"categories":[8],"tags":[10,2525],"class_list":["post-44623","post","type-post","status-publish","format-standard","has-post-thumbnail","hentry","category-sociedad","tag-mercedes","tag-sindicato-de-trabajadores-municipales","generate-columns","tablet-grid-50","mobile-grid-100","grid-parent","grid-50"],"jetpack_publicize_connections":[],"jetpack_featured_media_url":"https:\/\/www.hoymercedes.com.ar\/principal\/wp-content\/uploads\/2015\/09\/sindicato.municipaloes.mercedes.jpg","wps_subtitle":"Sin llamado a Mesa Paritaria","jetpack_sharing_enabled":true,"_links":{"self":[{"href":"https:\/\/www.hoymercedes.com.ar\/principal\/wp-json\/wp\/v2\/posts\/44623","targetHints":{"allow":["GET"]}}],"collection":[{"href":"https:\/\/www.hoymercedes.com.ar\/principal\/wp-json\/wp\/v2\/posts"}],"about":[{"href":"https:\/\/www.hoymercedes.com.ar\/principal\/wp-json\/wp\/v2\/types\/post"}],"author":[{"embeddable":true,"href":"https:\/\/www.hoymercedes.com.ar\/principal\/wp-json\/wp\/v2\/users\/1"}],"replies":[{"embeddable":true,"href":"https:\/\/www.hoymercedes.com.ar\/principal\/wp-json\/wp\/v2\/comments?post=44623"}],"version-history":[{"count":0,"href":"https:\/\/www.hoymercedes.com.ar\/principal\/wp-json\/wp\/v2\/posts\/44623\/revisions"}],"wp:featuredmedia":[{"embeddable":true,"href":"https:\/\/www.hoymercedes.com.ar\/principal\/wp-json\/wp\/v2\/media\/44624"}],"wp:attachment":[{"href":"https:\/\/www.hoymercedes.com.ar\/principal\/wp-json\/wp\/v2\/media?parent=44623"}],"wp:term":[{"taxonomy":"category","embeddable":true,"href":"https:\/\/www.hoymercedes.com.ar\/principal\/wp-json\/wp\/v2\/categories?post=44623"},{"taxonomy":"post_tag","embeddable":true,"href":"https:\/\/www.hoymercedes.com.ar\/principal\/wp-json\/wp\/v2\/tags?post=44623"}],"curies":[{"name":"wp","href":"https:\/\/api.w.org\/{rel}","templated":true}]}}