{"id":44729,"date":"2015-09-21T21:26:00","date_gmt":"2015-09-22T00:26:00","guid":{"rendered":"http:\/\/www.hoymercedes.com.ar\/principal\/?p=44729"},"modified":"2015-09-22T14:35:38","modified_gmt":"2015-09-22T17:35:38","slug":"ustarroz-y-fundacion-banco-nacion-entregan-subsidio-a-jefatura-distrital","status":"publish","type":"post","link":"https:\/\/www.hoymercedes.com.ar\/principal\/2015\/09\/21\/ustarroz-y-fundacion-banco-nacion-entregan-subsidio-a-jefatura-distrital\/","title":{"rendered":"Ustarroz y Fundaci\u00f3n Banco Naci\u00f3n entregan subsidio a jefatura distrital"},"content":{"rendered":"<p><a href=\"https:\/\/www.hoymercedes.com.ar\/principal\/wp-content\/uploads\/2015\/09\/ustarroz.subsidio.policia.mercedes.jpg\"><img loading=\"lazy\" decoding=\"async\" data-attachment-id=\"44730\" data-permalink=\"https:\/\/www.hoymercedes.com.ar\/principal\/2015\/09\/21\/ustarroz-y-fundacion-banco-nacion-entregan-subsidio-a-jefatura-distrital\/ustarroz-subsidio-policia-mercedes\/#main\" data-orig-file=\"https:\/\/www.hoymercedes.com.ar\/principal\/wp-content\/uploads\/2015\/09\/ustarroz.subsidio.policia.mercedes.jpg\" data-orig-size=\"620,411\" data-comments-opened=\"1\" data-image-meta=\"{&quot;aperture&quot;:&quot;0&quot;,&quot;credit&quot;:&quot;Moreira Mario Hugo&quot;,&quot;camera&quot;:&quot;&quot;,&quot;caption&quot;:&quot;&quot;,&quot;created_timestamp&quot;:&quot;0&quot;,&quot;copyright&quot;:&quot;Moreira Mario Hugo&quot;,&quot;focal_length&quot;:&quot;0&quot;,&quot;iso&quot;:&quot;0&quot;,&quot;shutter_speed&quot;:&quot;0&quot;,&quot;title&quot;:&quot;&quot;,&quot;orientation&quot;:&quot;0&quot;}\" data-image-title=\"ustarroz.subsidio.policia.mercedes\" data-image-description=\"\" data-image-caption=\"\" data-large-file=\"https:\/\/www.hoymercedes.com.ar\/principal\/wp-content\/uploads\/2015\/09\/ustarroz.subsidio.policia.mercedes.jpg\" class=\"Img2014 aligncenter wp-image-44730 size-full\" title=\"Juan Ustarroz, Fundaci\u00f3n Banco Provincia\" src=\"https:\/\/www.hoymercedes.com.ar\/principal\/wp-content\/uploads\/2015\/09\/ustarroz.subsidio.policia.mercedes.jpg\" alt=\"ustarroz.subsidio.policia.mercedes\" width=\"620\" height=\"411\" srcset=\"https:\/\/www.hoymercedes.com.ar\/principal\/wp-content\/uploads\/2015\/09\/ustarroz.subsidio.policia.mercedes.jpg 620w, https:\/\/www.hoymercedes.com.ar\/principal\/wp-content\/uploads\/2015\/09\/ustarroz.subsidio.policia.mercedes-150x99.jpg 150w, https:\/\/www.hoymercedes.com.ar\/principal\/wp-content\/uploads\/2015\/09\/ustarroz.subsidio.policia.mercedes-290x192.jpg 290w, https:\/\/www.hoymercedes.com.ar\/principal\/wp-content\/uploads\/2015\/09\/ustarroz.subsidio.policia.mercedes-50x33.jpg 50w, https:\/\/www.hoymercedes.com.ar\/principal\/wp-content\/uploads\/2015\/09\/ustarroz.subsidio.policia.mercedes-420x278.jpg 420w\" sizes=\"auto, (max-width: 620px) 100vw, 620px\" \/><\/a><\/p>\n<p><em><strong>El candidato a intendente del Frente Mercedino para la Victoria, Juan Ignacio Ustarroz, y la Fundaci\u00f3n Banco Naci\u00f3n entregaron hoy un aporte econ\u00f3mico de 20 mil pesos a la Jefatura Distrital Educativa, que usar\u00e1 el dinero en la compra de equipos de computaci\u00f3n.<\/strong><\/em><\/p>\n<p>\u201cLa Fundaci\u00f3n Banco Naci\u00f3n est\u00e1 para este tipo de cosas, tiene que mostrarse presente en todo el pa\u00eds y en todos los lugares que lo necesiten -dijo Oscar Detarcio, gerente de la entidad-. Hace tiempo venimos desarrollando y articulando distintas acciones junto a Juani y hoy nos da mucho orgullo poder hacer esta contribuci\u00f3n a la Jefatura Distrital\u201d.<\/p>\n<p>El encuentro se realiz\u00f3 este mediod\u00eda en la sede de la Jefatura y cont\u00f3 con la presencia de la inspectora Distrital, Elsa Capurro; el inspector regional de la modalidad Adultos, Jorge Luis Montaldo; e integrantes de los equipos de Educaci\u00f3n del Frente Mercedino.<\/p>\n<p>Por su parte, Juani se mostr\u00f3 contento de poder contribuir a mejorar la educaci\u00f3n, uno de los ejes fundamentales de su Plan de Gobierno, presentado la semana pasada. \u201cHace tiempo que venimos trabajando con los inspectores, escuchamos las problem\u00e1ticas y con la Fundaci\u00f3n del Banco Naci\u00f3n entendemos que es importante que los inspectores que trabajan con nuestros hijos tengan las herramientas necesarias para hacer su labor\u201d.<\/p>\n<p>\u201cUno de los ejes m\u00e1s importantes para nosotros es la educaci\u00f3n, y en el caso de ser elegidos en octubre queremos trabajar sobre la base del fondo educativo, hacer una reuni\u00f3n participativa con toda la comunidad educativa, trazar en funci\u00f3n del diagn\u00f3stico un plan de obras e invertir peso a peso en las prioridades de las escuelas\u201d, enfatiz\u00f3.<\/p>\n<p>En efecto, entre las propuestas salientes en Educaci\u00f3n incluidas en la plataforma del FMpV est\u00e1 la firma de un convenio con Naci\u00f3n y con Provincia para que el municipio se haga cargo de todas las obras de infraestructura de las escuelas p\u00fablicas del Partido.<\/p>\n<p>\u201cLo que vemos es que se puede llegar a un rol m\u00e1s participativo y que los directivos y docentes se aboquen a\u00fan m\u00e1s a lo pedag\u00f3gico y educativo y as\u00ed fortalecer la funci\u00f3n de autoridad del docente. Estamos muy contentos de poder llegar con recursos que son producto de la gesti\u00f3n y de moverse es pos de una ciudad mejor. Con una buena gesti\u00f3n se puede conseguir lo que se necesita\u201d, concluy\u00f3 Ustarroz.<\/p>\n","protected":false},"excerpt":{"rendered":"<p>El candidato a intendente del Frente Mercedino para la Victoria, Juan Ignacio Ustarroz, y la Fundaci\u00f3n Banco Naci\u00f3n entregaron hoy &#8230; <a title=\"Ustarroz y Fundaci\u00f3n Banco Naci\u00f3n entregan subsidio a jefatura distrital\" class=\"read-more\" href=\"https:\/\/www.hoymercedes.com.ar\/principal\/2015\/09\/21\/ustarroz-y-fundacion-banco-nacion-entregan-subsidio-a-jefatura-distrital\/\" aria-label=\"Leer m\u00e1s sobre Ustarroz y Fundaci\u00f3n Banco Naci\u00f3n entregan subsidio a jefatura distrital\">Leer m\u00e1s<\/a><\/p>\n","protected":false},"author":1,"featured_media":44730,"comment_status":"open","ping_status":"open","sticky":false,"template":"","format":"standard","meta":{"_monsterinsights_skip_tracking":false,"_monsterinsights_sitenote_active":false,"_monsterinsights_sitenote_note":"","_monsterinsights_sitenote_category":0,"jetpack_post_was_ever_published":false,"_jetpack_newsletter_access":"","_jetpack_dont_email_post_to_subs":false,"_jetpack_newsletter_tier_id":0,"_jetpack_memberships_contains_paywalled_content":false,"_jetpack_memberships_contains_paid_content":false,"footnotes":"","jetpack_publicize_message":"","jetpack_publicize_feature_enabled":true,"jetpack_social_post_already_shared":true,"jetpack_social_options":{"image_generator_settings":{"template":"highway","default_image_id":0,"font":"","enabled":false},"version":2},"_wpas_customize_per_network":false},"categories":[8],"tags":[7946,585,7945],"class_list":["post-44729","post","type-post","status-publish","format-standard","has-post-thumbnail","hentry","category-sociedad","tag-fundacion-banco-nacion","tag-juan-ustarroz","tag-subsidio-policia","generate-columns","tablet-grid-50","mobile-grid-100","grid-parent","grid-50"],"jetpack_publicize_connections":[],"jetpack_featured_media_url":"https:\/\/www.hoymercedes.com.ar\/principal\/wp-content\/uploads\/2015\/09\/ustarroz.subsidio.policia.mercedes.jpg","wps_subtitle":"Beneficio a la comunidad ","jetpack_sharing_enabled":true,"_links":{"self":[{"href":"https:\/\/www.hoymercedes.com.ar\/principal\/wp-json\/wp\/v2\/posts\/44729","targetHints":{"allow":["GET"]}}],"collection":[{"href":"https:\/\/www.hoymercedes.com.ar\/principal\/wp-json\/wp\/v2\/posts"}],"about":[{"href":"https:\/\/www.hoymercedes.com.ar\/principal\/wp-json\/wp\/v2\/types\/post"}],"author":[{"embeddable":true,"href":"https:\/\/www.hoymercedes.com.ar\/principal\/wp-json\/wp\/v2\/users\/1"}],"replies":[{"embeddable":true,"href":"https:\/\/www.hoymercedes.com.ar\/principal\/wp-json\/wp\/v2\/comments?post=44729"}],"version-history":[{"count":0,"href":"https:\/\/www.hoymercedes.com.ar\/principal\/wp-json\/wp\/v2\/posts\/44729\/revisions"}],"wp:featuredmedia":[{"embeddable":true,"href":"https:\/\/www.hoymercedes.com.ar\/principal\/wp-json\/wp\/v2\/media\/44730"}],"wp:attachment":[{"href":"https:\/\/www.hoymercedes.com.ar\/principal\/wp-json\/wp\/v2\/media?parent=44729"}],"wp:term":[{"taxonomy":"category","embeddable":true,"href":"https:\/\/www.hoymercedes.com.ar\/principal\/wp-json\/wp\/v2\/categories?post=44729"},{"taxonomy":"post_tag","embeddable":true,"href":"https:\/\/www.hoymercedes.com.ar\/principal\/wp-json\/wp\/v2\/tags?post=44729"}],"curies":[{"name":"wp","href":"https:\/\/api.w.org\/{rel}","templated":true}]}}