{"id":4478,"date":"2011-05-25T03:22:13","date_gmt":"2011-05-25T03:22:13","guid":{"rendered":"http:\/\/www.hoymercedes.com.ar\/principal\/?p=4478"},"modified":"2011-05-25T03:22:13","modified_gmt":"2011-05-25T03:22:13","slug":"selva-analizo-el-programa-de-venta-de-carne-en-la-ciudad","status":"publish","type":"post","link":"https:\/\/www.hoymercedes.com.ar\/principal\/2011\/05\/25\/selva-analizo-el-programa-de-venta-de-carne-en-la-ciudad\/","title":{"rendered":"Selva analiz\u00f3 el programa de venta de carne en la ciudad"},"content":{"rendered":"<figure id=\"attachment_4480\" aria-describedby=\"caption-attachment-4480\" style=\"width: 290px\" class=\"wp-caption alignleft\"><a href=\"https:\/\/www.hoymercedes.com.ar\/principal\/wp-content\/uploads\/2011\/05\/Selva-Montaldo.jpg\"><img loading=\"lazy\" decoding=\"async\" data-attachment-id=\"4480\" data-permalink=\"https:\/\/www.hoymercedes.com.ar\/principal\/2011\/05\/25\/selva-analizo-el-programa-de-venta-de-carne-en-la-ciudad\/selva-montaldo\/#main\" data-orig-file=\"https:\/\/www.hoymercedes.com.ar\/principal\/wp-content\/uploads\/2011\/05\/Selva-Montaldo.jpg\" data-orig-size=\"400,319\" data-comments-opened=\"1\" data-image-meta=\"{&quot;aperture&quot;:&quot;3.5&quot;,&quot;credit&quot;:&quot;&quot;,&quot;camera&quot;:&quot;KODAK EASYSHARE Z915 DIGITAL CAMERA&quot;,&quot;caption&quot;:&quot;&quot;,&quot;created_timestamp&quot;:&quot;1235724825&quot;,&quot;copyright&quot;:&quot;&quot;,&quot;focal_length&quot;:&quot;6.2&quot;,&quot;iso&quot;:&quot;200&quot;,&quot;shutter_speed&quot;:&quot;0.033333333333333&quot;,&quot;title&quot;:&quot;&quot;}\" data-image-title=\"Selva-Montaldo\" data-image-description=\"&lt;p&gt;Selva &amp;#8211; Montaldo&lt;\/p&gt;\n\" data-image-caption=\"&lt;p&gt;Selva &amp;#8211; Montaldo&lt;\/p&gt;\n\" data-large-file=\"https:\/\/www.hoymercedes.com.ar\/principal\/wp-content\/uploads\/2011\/05\/Selva-Montaldo.jpg\" class=\"size-medium wp-image-4480\" title=\"Selva-Montaldo\" src=\"https:\/\/www.hoymercedes.com.ar\/principal\/wp-content\/uploads\/2011\/05\/Selva-Montaldo-300x239.jpg\" alt=\"Selva-Montaldo\" width=\"300\" height=\"239\" srcset=\"https:\/\/www.hoymercedes.com.ar\/principal\/wp-content\/uploads\/2011\/05\/Selva-Montaldo-300x239.jpg 300w, https:\/\/www.hoymercedes.com.ar\/principal\/wp-content\/uploads\/2011\/05\/Selva-Montaldo.jpg 400w\" sizes=\"auto, (max-width: 300px) 100vw, 300px\" \/><\/a><figcaption id=\"caption-attachment-4480\" class=\"wp-caption-text\">Selva - Montaldo<\/figcaption><\/figure>\n<p>Carlos Selva se reuni\u00f3 ayer con representantes de los medios period\u00edsticos de la ciudad para aclarar algunos aspectos relacionados con la presencia en Mercedes del cami\u00f3n perteneciente a un frigor\u00edfico  a trav\u00e9s de la venta directa entrega al p\u00fablico determinados cortes de carne vacuna a un precio notablemente inferior al del mercado lo cual gener\u00f3 una fuerte reacci\u00f3n entre los comerciantes propietarios de carnicer\u00edas que de alguna manera consideraron dicho hecho como una \u201ccompetencia desleal\u201dy solicitaron una reuni\u00f3n con el jefe comunal.<\/p>\n<p>Selva particip\u00f3 de la conferencia de prensa acompa\u00f1ado por el encargado de la organizaci\u00f3n de los operativos de venta de carne Jorge \u201cYuyo\u201d Montaldo.<\/p>\n<p>Durante el encuentro manifestaron \u201ctuvimos la suerte de contar con la presencia de un determinado frigor\u00edfico d\u00e1ndonos la oportunidad de tener la carne a un precio mucho m\u00e1s accesible para la canasta familiar de muchos vecinos que no cuentan con tantos recursos econ\u00f3micos .<\/p>\n<p>Pero quiero dejar en claro dos cosas,  se que existe una cierta preocupaci\u00f3n del sector de carniceros que l\u00f3gicamente uno tiene que entender, creo que ya se acord\u00f3 una reuni\u00f3n con los mismos para el d\u00eda jueves pr\u00f3ximo, pero debo decir que la venida reiterada del cami\u00f3n, es decir dos veces en tan solo diez d\u00edas se debi\u00f3 a un compromiso que se tomo durante la primera visita porque no se pudo cumplir con las necesidades que se presentaron, nosotros siempre hablamos de la idea de una visita cada veinte d\u00edas contribuyendo al fin que originalmente tuvo este programa que pretende ser un paliativo para determinados sectores de la poblaci\u00f3n.<\/p>\n<p>Lo real es que el segundo operativo, es decir el \u00faltimo de hace pocos d\u00edas, cumpli\u00f3 mucho mejor el objetivo social que el primero y lleg\u00f3 realmente a cubrir la demanda de los sectores con menores recursos econ\u00f3micos.<\/p>\n<p>Nosotros tenemos una poblaci\u00f3n rural cuyos habitantes tambi\u00e9n nos hicieron llegar la inquietud de poder tener la posibilidad que se daba en la ciudad, as\u00ed que hoy confirmamos es que la pr\u00f3xima venida de este equipo tiene que ver con esa demanda de los habitantes de la zona rural, de las diferentes localidades de la zona, opor lo cual estarfemos el 27 de este mes en Gowland para vender a los pobladores de dicha localidad y de Agote, Goldney, La Verde, Tom\u00e1s Jofr\u00e9 y Altamira.<\/p>\n<p>Posteriormente volver\u00e1n al radio c\u00e9ntrico el 10 de junio en los dos puntos de venta habituales que todos conocen\u201d<\/p>\n<p>Posteriormente Selva sostuvo que el tema de la carne realmente \u201ces un tema muy complejo y todos conocemos que en la actualidad los valores del mercado lo fijan especialmente las grandes cadenas de supermercados que luego ponen ofertas que son incre\u00edbles y ello se debe a que la realidad indica que son los que manejan el mercado, y esos precios tambi\u00e9n se pueden ver en nuestra ciudad\u201d para luego agregar que corresponde escuchar la postura de los carniceros pero que se debe llegar a un punto intermedio para atender las dos posturas.<\/p>\n<p>Luego reitero que el segundo operativo la gente que se acerc\u00f3 fue verdaderamente la de los barrios y las compras fueron moderadas, no como  lamentablemente ocurriera en la primera visita del frigor\u00edfico, \u201ccomo todo operador entendemos que debemos actuar como verdaderos reguladores de la demanda\u201d.<\/p>\n<p>Luego se preciso  por parte del municipio que dicho frigor\u00edfico se encontraba perfectamente encuadrado en el tema legal en materia fiscal y que antes de llegar a nuestra ciudad el cami\u00f3n con la carne pasaba por varios controles sanitarios para luego manifestarse \u201ccon este programa lo que se pretende romper es eso que aquel que tenga 35$ para pagar el kilo de asado lo pueda comer y quien no tenga ese dinero no lo puede hacer, queremos acercar carne de buena calidad a un precio m\u00f3dico para cumplir con una finalidad social\u201d<\/p>\n<p>&nbsp;<\/p>\n<p>&nbsp;<\/p>\n<p>&nbsp;<\/p>\n<p>&nbsp;<\/p>\n<p>&nbsp;<\/p>\n<p>&nbsp;<\/p>\n","protected":false},"excerpt":{"rendered":"<p>Carlos Selva se reuni\u00f3 ayer con representantes de los medios period\u00edsticos de la ciudad para aclarar algunos aspectos relacionados con &#8230; <a title=\"Selva analiz\u00f3 el programa de venta de carne en la ciudad\" class=\"read-more\" href=\"https:\/\/www.hoymercedes.com.ar\/principal\/2011\/05\/25\/selva-analizo-el-programa-de-venta-de-carne-en-la-ciudad\/\" aria-label=\"Leer m\u00e1s sobre Selva analiz\u00f3 el programa de venta de carne en la ciudad\">Leer m\u00e1s<\/a><\/p>\n","protected":false},"author":1,"featured_media":0,"comment_status":"open","ping_status":"open","sticky":false,"template":"","format":"standard","meta":{"_monsterinsights_skip_tracking":false,"_monsterinsights_sitenote_active":false,"_monsterinsights_sitenote_note":"","_monsterinsights_sitenote_category":0,"jetpack_post_was_ever_published":false,"_jetpack_newsletter_access":"","_jetpack_dont_email_post_to_subs":false,"_jetpack_newsletter_tier_id":0,"_jetpack_memberships_contains_paywalled_content":false,"_jetpack_memberships_contains_paid_content":false,"footnotes":"","jetpack_publicize_message":"","jetpack_publicize_feature_enabled":true,"jetpack_social_post_already_shared":false,"jetpack_social_options":{"image_generator_settings":{"template":"highway","default_image_id":0,"font":"","enabled":false},"version":2},"_wpas_customize_per_network":false},"categories":[5],"tags":[10,18,835],"class_list":["post-4478","post","type-post","status-publish","format-standard","hentry","category-politica","tag-mercedes","tag-selva","tag-yuyo-montaldo","generate-columns","tablet-grid-50","mobile-grid-100","grid-parent","grid-50"],"jetpack_publicize_connections":[],"jetpack_featured_media_url":"","wps_subtitle":"","jetpack_sharing_enabled":true,"_links":{"self":[{"href":"https:\/\/www.hoymercedes.com.ar\/principal\/wp-json\/wp\/v2\/posts\/4478","targetHints":{"allow":["GET"]}}],"collection":[{"href":"https:\/\/www.hoymercedes.com.ar\/principal\/wp-json\/wp\/v2\/posts"}],"about":[{"href":"https:\/\/www.hoymercedes.com.ar\/principal\/wp-json\/wp\/v2\/types\/post"}],"author":[{"embeddable":true,"href":"https:\/\/www.hoymercedes.com.ar\/principal\/wp-json\/wp\/v2\/users\/1"}],"replies":[{"embeddable":true,"href":"https:\/\/www.hoymercedes.com.ar\/principal\/wp-json\/wp\/v2\/comments?post=4478"}],"version-history":[{"count":0,"href":"https:\/\/www.hoymercedes.com.ar\/principal\/wp-json\/wp\/v2\/posts\/4478\/revisions"}],"wp:attachment":[{"href":"https:\/\/www.hoymercedes.com.ar\/principal\/wp-json\/wp\/v2\/media?parent=4478"}],"wp:term":[{"taxonomy":"category","embeddable":true,"href":"https:\/\/www.hoymercedes.com.ar\/principal\/wp-json\/wp\/v2\/categories?post=4478"},{"taxonomy":"post_tag","embeddable":true,"href":"https:\/\/www.hoymercedes.com.ar\/principal\/wp-json\/wp\/v2\/tags?post=4478"}],"curies":[{"name":"wp","href":"https:\/\/api.w.org\/{rel}","templated":true}]}}