{"id":449,"date":"2010-11-19T02:29:25","date_gmt":"2010-11-19T02:29:25","guid":{"rendered":"http:\/\/www.hoymercedes.com.ar\/principal\/?p=449"},"modified":"2010-11-19T02:29:25","modified_gmt":"2010-11-19T02:29:25","slug":"lanzamiento-y-convocatoria-del-%e2%80%9ccolectivo-de-educacion-popular-carlos-fuentealba%e2%80%9d","status":"publish","type":"post","link":"https:\/\/www.hoymercedes.com.ar\/principal\/2010\/11\/19\/lanzamiento-y-convocatoria-del-%e2%80%9ccolectivo-de-educacion-popular-carlos-fuentealba%e2%80%9d\/","title":{"rendered":"Lanzamiento y convocatoria del \u201cColectivo de Educaci\u00f3n Popular Carlos Fuentealba\u201d"},"content":{"rendered":"<p style=\"text-align: justify;\">Desde el Movimiento Proyecto Sur Mercedes tenemos el agrado de informarle a todos los vecinos de nuestra ciudad sobre la creaci\u00f3n de un nuevo espacio de participaci\u00f3n que hemos denominado Colectivo de Educaci\u00f3n Popular \u201cCarlos Fuentealba\u201d que tiene como principal objetivo brindar clases de apoyo escolar a los ni\u00f1os de distintos barrios que concurran a la educaci\u00f3n primaria que deban realizar compensatorios durante el mes de diciembre.<\/p>\n<p style=\"text-align: justify;\">La concepci\u00f3n de educaci\u00f3n popular propuesta, aspira a desarrollar procesos en principio de fortalecimiento de conocimientos adquiridos durante el a\u00f1o, que los ni\u00f1os no han logrado aprehender y que con el trabajo casi individual de los educadores logren satisfacer las exigencias de la educaci\u00f3n formal, como as\u00ed tambi\u00e9n generar espacios de reflexi\u00f3n cr\u00edtica, sin sesgar la complejidad que se presenta en la realidad actual<\/p>\n<p style=\"text-align: justify;\">De esta manera la educaci\u00f3n popular, como\u00a0 pedagog\u00eda de los oprimidos y oprimidas, como corriente cr\u00edtica, va siendo construida en di\u00e1logo con los ni\u00f1os, desde una perspectiva participativa, el trabajo junto con los padres y\/o entorno barrial, generando un modo de ser, pensar y hacer, que resalta la importancia de la comunicaci\u00f3n y las relaciones humanas y la creaci\u00f3n colectiva de conocimientos. En este sentido se intenta rescatar la creatividad y enorme riqueza con la que cuentan los ni\u00f1os.-<\/p>\n<p style=\"text-align: justify;\">Los\u00a0 procesos de educaci\u00f3n popular buscan\u00a0 contribuir al conocimiento y a la transformaci\u00f3n de la realidad por parte de los sectores populares, promoviendo espacios de participaci\u00f3n que deber\u00edan ser mas largos, pero ante la urgente necesidad en la que se encuentran se hace inevitable trabajar con el poco tiempo que nos queda.<\/p>\n<p style=\"text-align: justify;\">Nuestra intenci\u00f3n es seguir creciendo y lograr generar nuevos espacios de participaci\u00f3n para todos aquellos que no encuentran donde desarrollar sus capacidades y vocaciones solidarias, para mas adelante poder inclusive desarrollar muchas otras actividades que desde la educaci\u00f3n popular podemos llevar adelante.-<\/p>\n<p style=\"text-align: justify;\">Es por todo esto que convocamos a todos los j\u00f3venes, hombres y mujeres mayores de 18 a\u00f1os que hayan finalizado la educaci\u00f3n secundaria y que sientan la necesidad de compartir sus conocimientos y su tiempo con quienes m\u00e1s lo necesitan a sumarse a nuestro colectivo de forma voluntaria, dejando en claro que la participaci\u00f3n en \u00e9l no exige ning\u00fan tipo de compromiso partidario, como seria afiliarse o participar de forma militante en muestro espacio, para el d\u00eda mi\u00e9rcoles 24 de noviembre a las 19 hs. en la Casa del Pueblo (35 e\/ 22 y 24)<\/p>\n","protected":false},"excerpt":{"rendered":"<p>Desde el Movimiento Proyecto Sur Mercedes tenemos el agrado de informarle a todos los vecinos de nuestra ciudad sobre la &#8230; <a title=\"Lanzamiento y convocatoria del \u201cColectivo de Educaci\u00f3n Popular Carlos Fuentealba\u201d\" class=\"read-more\" href=\"https:\/\/www.hoymercedes.com.ar\/principal\/2010\/11\/19\/lanzamiento-y-convocatoria-del-%e2%80%9ccolectivo-de-educacion-popular-carlos-fuentealba%e2%80%9d\/\" aria-label=\"Leer m\u00e1s sobre Lanzamiento y convocatoria del \u201cColectivo de Educaci\u00f3n Popular Carlos Fuentealba\u201d\">Leer m\u00e1s<\/a><\/p>\n","protected":false},"author":1,"featured_media":0,"comment_status":"open","ping_status":"open","sticky":false,"template":"","format":"standard","meta":{"_monsterinsights_skip_tracking":false,"_monsterinsights_sitenote_active":false,"_monsterinsights_sitenote_note":"","_monsterinsights_sitenote_category":0,"jetpack_post_was_ever_published":false,"_jetpack_newsletter_access":"","_jetpack_dont_email_post_to_subs":false,"_jetpack_newsletter_tier_id":0,"_jetpack_memberships_contains_paywalled_content":false,"_jetpack_memberships_contains_paid_content":false,"footnotes":"","jetpack_publicize_message":"","jetpack_publicize_feature_enabled":true,"jetpack_social_post_already_shared":false,"jetpack_social_options":{"image_generator_settings":{"template":"highway","default_image_id":0,"font":"","enabled":false},"version":2},"_wpas_customize_per_network":false},"categories":[23],"tags":[109],"class_list":["post-449","post","type-post","status-publish","format-standard","hentry","category-educacion","tag-proyecto-sur-mercedes","generate-columns","tablet-grid-50","mobile-grid-100","grid-parent","grid-50"],"jetpack_publicize_connections":[],"jetpack_featured_media_url":"","wps_subtitle":"","jetpack_sharing_enabled":true,"_links":{"self":[{"href":"https:\/\/www.hoymercedes.com.ar\/principal\/wp-json\/wp\/v2\/posts\/449","targetHints":{"allow":["GET"]}}],"collection":[{"href":"https:\/\/www.hoymercedes.com.ar\/principal\/wp-json\/wp\/v2\/posts"}],"about":[{"href":"https:\/\/www.hoymercedes.com.ar\/principal\/wp-json\/wp\/v2\/types\/post"}],"author":[{"embeddable":true,"href":"https:\/\/www.hoymercedes.com.ar\/principal\/wp-json\/wp\/v2\/users\/1"}],"replies":[{"embeddable":true,"href":"https:\/\/www.hoymercedes.com.ar\/principal\/wp-json\/wp\/v2\/comments?post=449"}],"version-history":[{"count":0,"href":"https:\/\/www.hoymercedes.com.ar\/principal\/wp-json\/wp\/v2\/posts\/449\/revisions"}],"wp:attachment":[{"href":"https:\/\/www.hoymercedes.com.ar\/principal\/wp-json\/wp\/v2\/media?parent=449"}],"wp:term":[{"taxonomy":"category","embeddable":true,"href":"https:\/\/www.hoymercedes.com.ar\/principal\/wp-json\/wp\/v2\/categories?post=449"},{"taxonomy":"post_tag","embeddable":true,"href":"https:\/\/www.hoymercedes.com.ar\/principal\/wp-json\/wp\/v2\/tags?post=449"}],"curies":[{"name":"wp","href":"https:\/\/api.w.org\/{rel}","templated":true}]}}