{"id":4490,"date":"2011-05-25T18:17:31","date_gmt":"2011-05-25T18:17:31","guid":{"rendered":"http:\/\/www.hoymercedes.com.ar\/principal\/?p=4490"},"modified":"2011-05-25T18:17:31","modified_gmt":"2011-05-25T18:17:31","slug":"nuevo-encuentro-invita-a-charla-debate-transparencia-en-gobiernos-locales","status":"publish","type":"post","link":"https:\/\/www.hoymercedes.com.ar\/principal\/2011\/05\/25\/nuevo-encuentro-invita-a-charla-debate-transparencia-en-gobiernos-locales\/","title":{"rendered":"Nuevo Encuentro invita a charla debate: \u00abtransparencia en gobiernos locales\u00bb"},"content":{"rendered":"<p>A trav\u00e9s de uno de sus representantes, Claudia Lucero, se dio a conocer la noticia de la reuni\u00f3n que se producir\u00e1 en el \u00e1mbito de la C\u00e1mara Econ\u00f3mica de nuestra ciudad que tendr\u00e1 el formato de charla debate alrededor de la \u00abtransparencia en gobiernos locales\u00bb. Disertar\u00e1 para la ocasi\u00f3n el\u00a0Dr. Sergio Zurano (Subsecretario de Transparencia Institucional y Relaciones Internacionales de Mor\u00f3n (2003 &#8211; 2009). Actual jefe de Asesores del Diputado Nacional Mart\u00edn Sabbatella.<\/p>\n<p>La reuni\u00f3n ser\u00e1 el pr\u00f3ximo viernes, 27 de mayo \u00b7 18:30 &#8211; 21:30 en el sal\u00f3n de la\u00a0C\u00e1mara Econ\u00f3mica de Mercedes. Se tratar\u00e1 en particular la experiencia llevada a cabo al respecto en la ciudad de Mor\u00f3n.<\/p>\n<p>&nbsp;<\/p>\n","protected":false},"excerpt":{"rendered":"<p>A trav\u00e9s de uno de sus representantes, Claudia Lucero, se dio a conocer la noticia de la reuni\u00f3n que se &#8230; <a title=\"Nuevo Encuentro invita a charla debate: \u00abtransparencia en gobiernos locales\u00bb\" class=\"read-more\" href=\"https:\/\/www.hoymercedes.com.ar\/principal\/2011\/05\/25\/nuevo-encuentro-invita-a-charla-debate-transparencia-en-gobiernos-locales\/\" aria-label=\"Leer m\u00e1s sobre Nuevo Encuentro invita a charla debate: \u00abtransparencia en gobiernos locales\u00bb\">Leer m\u00e1s<\/a><\/p>\n","protected":false},"author":1,"featured_media":0,"comment_status":"open","ping_status":"open","sticky":false,"template":"","format":"standard","meta":{"_monsterinsights_skip_tracking":false,"_monsterinsights_sitenote_active":false,"_monsterinsights_sitenote_note":"","_monsterinsights_sitenote_category":0,"jetpack_post_was_ever_published":false,"_jetpack_newsletter_access":"","_jetpack_dont_email_post_to_subs":false,"_jetpack_newsletter_tier_id":0,"_jetpack_memberships_contains_paywalled_content":false,"_jetpack_memberships_contains_paid_content":false,"footnotes":"","jetpack_publicize_message":"","jetpack_publicize_feature_enabled":true,"jetpack_social_post_already_shared":false,"jetpack_social_options":{"image_generator_settings":{"template":"highway","default_image_id":0,"font":"","enabled":false},"version":2},"_wpas_customize_per_network":false},"categories":[5],"tags":[51],"class_list":["post-4490","post","type-post","status-publish","format-standard","hentry","category-politica","tag-nuevo-encuentro-mercedes","generate-columns","tablet-grid-50","mobile-grid-100","grid-parent","grid-50"],"jetpack_publicize_connections":[],"jetpack_featured_media_url":"","wps_subtitle":"","jetpack_sharing_enabled":true,"_links":{"self":[{"href":"https:\/\/www.hoymercedes.com.ar\/principal\/wp-json\/wp\/v2\/posts\/4490","targetHints":{"allow":["GET"]}}],"collection":[{"href":"https:\/\/www.hoymercedes.com.ar\/principal\/wp-json\/wp\/v2\/posts"}],"about":[{"href":"https:\/\/www.hoymercedes.com.ar\/principal\/wp-json\/wp\/v2\/types\/post"}],"author":[{"embeddable":true,"href":"https:\/\/www.hoymercedes.com.ar\/principal\/wp-json\/wp\/v2\/users\/1"}],"replies":[{"embeddable":true,"href":"https:\/\/www.hoymercedes.com.ar\/principal\/wp-json\/wp\/v2\/comments?post=4490"}],"version-history":[{"count":0,"href":"https:\/\/www.hoymercedes.com.ar\/principal\/wp-json\/wp\/v2\/posts\/4490\/revisions"}],"wp:attachment":[{"href":"https:\/\/www.hoymercedes.com.ar\/principal\/wp-json\/wp\/v2\/media?parent=4490"}],"wp:term":[{"taxonomy":"category","embeddable":true,"href":"https:\/\/www.hoymercedes.com.ar\/principal\/wp-json\/wp\/v2\/categories?post=4490"},{"taxonomy":"post_tag","embeddable":true,"href":"https:\/\/www.hoymercedes.com.ar\/principal\/wp-json\/wp\/v2\/tags?post=4490"}],"curies":[{"name":"wp","href":"https:\/\/api.w.org\/{rel}","templated":true}]}}