{"id":44925,"date":"2015-09-30T12:53:06","date_gmt":"2015-09-30T15:53:06","guid":{"rendered":"http:\/\/www.hoymercedes.com.ar\/principal\/?p=44925"},"modified":"2015-09-30T22:22:37","modified_gmt":"2015-10-01T01:22:37","slug":"tras-el-paro-y-movilizacion-el-gobierno-bonaerense-convoco-a-estatales","status":"publish","type":"post","link":"https:\/\/www.hoymercedes.com.ar\/principal\/2015\/09\/30\/tras-el-paro-y-movilizacion-el-gobierno-bonaerense-convoco-a-estatales\/","title":{"rendered":"Tras el paro y movilizaci\u00f3n el gobierno bonaerense convoc\u00f3 a estatales"},"content":{"rendered":"<p><a href=\"https:\/\/www.hoymercedes.com.ar\/principal\/wp-content\/uploads\/2015\/09\/judicialesmovilizados.jpg\"><img loading=\"lazy\" decoding=\"async\" data-attachment-id=\"44926\" data-permalink=\"https:\/\/www.hoymercedes.com.ar\/principal\/2015\/09\/30\/tras-el-paro-y-movilizacion-el-gobierno-bonaerense-convoco-a-estatales\/judicialesmovilizados\/#main\" data-orig-file=\"https:\/\/www.hoymercedes.com.ar\/principal\/wp-content\/uploads\/2015\/09\/judicialesmovilizados.jpg\" data-orig-size=\"620,372\" data-comments-opened=\"1\" data-image-meta=\"{&quot;aperture&quot;:&quot;0&quot;,&quot;credit&quot;:&quot;&quot;,&quot;camera&quot;:&quot;&quot;,&quot;caption&quot;:&quot;&quot;,&quot;created_timestamp&quot;:&quot;0&quot;,&quot;copyright&quot;:&quot;&quot;,&quot;focal_length&quot;:&quot;0&quot;,&quot;iso&quot;:&quot;0&quot;,&quot;shutter_speed&quot;:&quot;0&quot;,&quot;title&quot;:&quot;&quot;,&quot;orientation&quot;:&quot;0&quot;}\" data-image-title=\"judicialesmovilizados\" data-image-description=\"\" data-image-caption=\"\" data-large-file=\"https:\/\/www.hoymercedes.com.ar\/principal\/wp-content\/uploads\/2015\/09\/judicialesmovilizados.jpg\" class=\"Img2014 aligncenter wp-image-44926 size-full\" title=\"Paro Judiciales Bonaerense\" src=\"https:\/\/www.hoymercedes.com.ar\/principal\/wp-content\/uploads\/2015\/09\/judicialesmovilizados.jpg\" alt=\"judicialesmovilizados\" width=\"620\" height=\"372\" srcset=\"https:\/\/www.hoymercedes.com.ar\/principal\/wp-content\/uploads\/2015\/09\/judicialesmovilizados.jpg 620w, https:\/\/www.hoymercedes.com.ar\/principal\/wp-content\/uploads\/2015\/09\/judicialesmovilizados-150x90.jpg 150w, https:\/\/www.hoymercedes.com.ar\/principal\/wp-content\/uploads\/2015\/09\/judicialesmovilizados-290x174.jpg 290w, https:\/\/www.hoymercedes.com.ar\/principal\/wp-content\/uploads\/2015\/09\/judicialesmovilizados-50x30.jpg 50w\" sizes=\"auto, (max-width: 620px) 100vw, 620px\" \/><\/a><\/p>\n<p><em><strong>Personal de la administraci\u00f3n p\u00fablica, judiciales, profesionales de la salud y docentes nucleados en la CTA opositora, que ayer\u00a0cumplieron una jornada de paro y se movilizaron a Casa de Gobierno en reclamo de reapertura de paritaria, fueron citados para ma\u00f1ana a una reuni\u00f3n con autoridades provinciales<\/strong><\/em><\/p>\n<p>Personal de la administraci\u00f3n p\u00fablica, judiciales, profesionales de la salud y docentes nucleados en la CTA opositora, que cumplieron una jornada de paro y se movilizaron a Casa de Gobierno en reclamo de reapertura de partiraria, fueron citados para este mi\u00e9rcoles\u00a0a una reuni\u00f3n con autoridades provinciales<\/p>\n<p>La medida de fuerza en la provincia de Buenos Aires fue realizada por personal de la administraci\u00f3n p\u00fablica, judiciales, m\u00e9dicos, profesionales de la salud y docentes de Suteba disidente.<\/p>\n<p>Los gremios marcharon a la Casa de Gobierno acompa\u00f1ados por movimientos sociales y agrupaciones pol\u00edticas de izquierda y universitarias, entre ellas, Teresa Vive, MAS, MST y la Federaci\u00f3n Universitaria de La Plata (Fulp).<\/p>\n<p>En el marco de la protesta, el secretario general de la Asociaci\u00f3n de Trabajadores del Estado (Ate), Oscar de Isasi, inform\u00f3 que los sindicatos fueron convocados por el gobierno provincial para una reuni\u00f3n ma\u00f1ana a las 18 en la sede porte\u00f1a del Banco Provincia, para debatir sobre los reclamos.<\/p>\n<p>\u00abQueremos que reabran la paritaria salarial para que los estatales, m\u00e9dicos, docentes y judiciales tengan un nuevo aumento antes de fin de a\u00f1o\u00bb, expres\u00f3 De Isasi en su discurso frente a la Casa de Gobierno.<\/p>\n<p>El secretario de la Federaci\u00f3n Judicial y ex titular de AJB, Hugo Blasco, por su parte, sostuvo que \u00ablos trabajadores no tenemos calendario electoral\u00bb y advirti\u00f3 que se \u00abrealizar\u00e1n todas las medidas necesarias para concretar nuestro reclamo\u00bb.<\/p>\n<p>\u00abQue se haga realidad en la Legislatura el proyecto de paritaria para los trabajadores judiciales, que hace 5 meses que ingres\u00f3 y no lo tratan\u00bb, exigi\u00f3 el dirigente.<\/p>\n<p>Los gremios de la Cta opositora (ATE, Cicop, AJB) exigen al gobierno de Daniel Scioli la \u00aburgente apertura de paritarias en todos los sectores, estabilidad laboral, nombramiento de personal en las \u00e1reas cr\u00edticas y la plena vigencia de la paritaria en todos los municipios de la provincia\u00bb, entre otros puntos.<\/p>\n<p>El titular de la Cicop, Fernando Corsiglia, explic\u00f3 a La Redonda que \u00abdesde el sector salud de profesionales estamos planteando medidas para pedirle al gobierno que reabra las paritarias, porque queremos volver a discutir condiciones de salarios y adem\u00e1s condiciones de trabajo\u00bb<\/p>\n<p>\u00abQueremos discutir la paritaria de este a\u00f1o que no se ha terminado de completar, por ejemplo el valor de los reemplazos de guardia, y al mismo tiempo que complete una propuesta con respecto a los puntos pendientes por &#8216;desgaste'\u00bb, a\u00f1adi\u00f3.<\/p>\n<p>Corsiglia sostuvo que \u00abnosotros planteamos guardias de doce horas y que a determinado tiempo de guardia se realice el pase de planta. Esto est\u00e1 acordado con el Ministerio de Salud, pero no se ha plasmado en una propuesta concreta.<\/p>\n<p>Por \u00faltimo, remarc\u00f3 que \u00abtodo esto en un contexto general que tiene que ver con una discusi\u00f3n del presupuesto para el pr\u00f3ximo a\u00f1o, porque si no se mejora vamos a seguir padeciendo los problemas de los \u00faltimos a\u00f1os\u00bb.<\/p>\n","protected":false},"excerpt":{"rendered":"<p>Personal de la administraci\u00f3n p\u00fablica, judiciales, profesionales de la salud y docentes nucleados en la CTA opositora, que ayer\u00a0cumplieron una &#8230; <a title=\"Tras el paro y movilizaci\u00f3n el gobierno bonaerense convoc\u00f3 a estatales\" class=\"read-more\" href=\"https:\/\/www.hoymercedes.com.ar\/principal\/2015\/09\/30\/tras-el-paro-y-movilizacion-el-gobierno-bonaerense-convoco-a-estatales\/\" aria-label=\"Leer m\u00e1s sobre Tras el paro y movilizaci\u00f3n el gobierno bonaerense convoc\u00f3 a estatales\">Leer m\u00e1s<\/a><\/p>\n","protected":false},"author":1,"featured_media":44926,"comment_status":"open","ping_status":"open","sticky":false,"template":"","format":"standard","meta":{"_monsterinsights_skip_tracking":false,"_monsterinsights_sitenote_active":false,"_monsterinsights_sitenote_note":"","_monsterinsights_sitenote_category":0,"jetpack_post_was_ever_published":false,"_jetpack_newsletter_access":"","_jetpack_dont_email_post_to_subs":false,"_jetpack_newsletter_tier_id":0,"_jetpack_memberships_contains_paywalled_content":false,"_jetpack_memberships_contains_paid_content":false,"footnotes":"","jetpack_publicize_message":"","jetpack_publicize_feature_enabled":true,"jetpack_social_post_already_shared":true,"jetpack_social_options":{"image_generator_settings":{"template":"highway","default_image_id":0,"font":"","enabled":false},"version":2},"_wpas_customize_per_network":false},"categories":[8],"tags":[7985,7984,7983],"class_list":["post-44925","post","type-post","status-publish","format-standard","has-post-thumbnail","hentry","category-sociedad","tag-la-plata","tag-paro-estatales","tag-paro-judiciales-bonaerense","generate-columns","tablet-grid-50","mobile-grid-100","grid-parent","grid-50"],"jetpack_publicize_connections":[],"jetpack_featured_media_url":"https:\/\/www.hoymercedes.com.ar\/principal\/wp-content\/uploads\/2015\/09\/judicialesmovilizados.jpg","wps_subtitle":"En La Plata","jetpack_sharing_enabled":true,"_links":{"self":[{"href":"https:\/\/www.hoymercedes.com.ar\/principal\/wp-json\/wp\/v2\/posts\/44925","targetHints":{"allow":["GET"]}}],"collection":[{"href":"https:\/\/www.hoymercedes.com.ar\/principal\/wp-json\/wp\/v2\/posts"}],"about":[{"href":"https:\/\/www.hoymercedes.com.ar\/principal\/wp-json\/wp\/v2\/types\/post"}],"author":[{"embeddable":true,"href":"https:\/\/www.hoymercedes.com.ar\/principal\/wp-json\/wp\/v2\/users\/1"}],"replies":[{"embeddable":true,"href":"https:\/\/www.hoymercedes.com.ar\/principal\/wp-json\/wp\/v2\/comments?post=44925"}],"version-history":[{"count":0,"href":"https:\/\/www.hoymercedes.com.ar\/principal\/wp-json\/wp\/v2\/posts\/44925\/revisions"}],"wp:featuredmedia":[{"embeddable":true,"href":"https:\/\/www.hoymercedes.com.ar\/principal\/wp-json\/wp\/v2\/media\/44926"}],"wp:attachment":[{"href":"https:\/\/www.hoymercedes.com.ar\/principal\/wp-json\/wp\/v2\/media?parent=44925"}],"wp:term":[{"taxonomy":"category","embeddable":true,"href":"https:\/\/www.hoymercedes.com.ar\/principal\/wp-json\/wp\/v2\/categories?post=44925"},{"taxonomy":"post_tag","embeddable":true,"href":"https:\/\/www.hoymercedes.com.ar\/principal\/wp-json\/wp\/v2\/tags?post=44925"}],"curies":[{"name":"wp","href":"https:\/\/api.w.org\/{rel}","templated":true}]}}