{"id":4494,"date":"2011-05-25T18:36:01","date_gmt":"2011-05-25T18:36:01","guid":{"rendered":"http:\/\/www.hoymercedes.com.ar\/principal\/?p=4494"},"modified":"2011-05-25T18:36:01","modified_gmt":"2011-05-25T18:36:01","slug":"ocho-anos-distintos-en-la-historia-del-pais","status":"publish","type":"post","link":"https:\/\/www.hoymercedes.com.ar\/principal\/2011\/05\/25\/ocho-anos-distintos-en-la-historia-del-pais\/","title":{"rendered":"Ocho a\u00f1os distintos en la historia del pa\u00eds"},"content":{"rendered":"<p><span style=\"color: #000080;\"><strong>Por Marcelo Melo<\/strong><\/span><br \/>\nPresidente del Partido de la Victoria Mercedes<\/p>\n<p>Han pasado ocho a\u00f1os de la asunci\u00f3n de N\u00e9stor Kirchner como presidente. Acced\u00eda al cargo luego de un per\u00edodo de p\u00e9rdidas sociales claras. La muerte de militantes y ciudadanos reprimidos. La devaluaci\u00f3n asim\u00e9trica. Las leyes de protecci\u00f3n cultural que beneficiaron a grandes grupos econ\u00f3micos. La extensi\u00f3n del asistencialismo focalizado. Crisis de representaci\u00f3n pol\u00edtica. Un panorama dif\u00edcil. No muchos apostaban a un presidente que no hab\u00eda contado con la posibilidad de una victoria clara en la segunda vuelta. Empez\u00f3 con un discurso fuerte, desestructurado y directo que r\u00e1pidamente pas\u00f3 a segundo plano. Lo importante fue lo que vino luego.<\/p>\n<p>Pocos confiaban en lo que podr\u00eda realizar. Recuerdo claramente la l\u00ednea editorial de La Posta, medio que dirig\u00eda en aquel entonces. Nuestros cronistas eran esc\u00e9pticos y lo fueron por mucho tiempo pensando, desde la duda cartesiana que debe tener obligadamente un analista, que era un maquillaje m\u00e1s para calmar las aguas. Sorprend\u00eda tambi\u00e9n, y desde unos a\u00f1os antes, c\u00f3mo qui\u00e9n ser\u00eda intendente de los mercedinos, Carlos Selva, confiaba, y se pon\u00eda a sus hombros su candidatura. Los a\u00f1os cambiaron la l\u00ednea editorial a fuerza de hechos as\u00ed como tambi\u00e9n la voluntad de la mayor\u00eda. Se empezaba a confiar en la figura presidencial y su imagen positiva se disparaba a niveles inimaginables. Se revaloriz\u00f3 la pol\u00edtica como instrumento de mejoras sociales, debate y confrontaci\u00f3n. Esto \u00faltimo es importante ya que el consenso eterno no produce cambios. No se puede consensuar con los sectores de poder. Deben ser enfrentados para el beneficio social.<\/p>\n<p>En su mandato se tomaron medidas fuertes que dieron sustento a profundas acciones posteriores continuadas por la actual presidenta. Pag\u00f3 la totalidad de la deuda ante el FMI siendo intensamente criticado en su momento generando un plaf\u00f3n que durante la crisis internacional de 2009 nos benefici\u00f3 ampliamente como pa\u00eds. Se le atribu\u00eda ser neokeynesiano a partir del rol interventor del Estado a la hora de la creaci\u00f3n de trabajo, fomento a la inversi\u00f3n y b\u00fasqueda del ciclo virtuoso de la econom\u00eda v\u00eda demanda y consumo para disparar la producci\u00f3n. Lo logr\u00f3. El pa\u00eds hace ocho a\u00f1os mantiene un crecimiento econ\u00f3mico mayor que cualquier pa\u00eds latinoamericano y entre los pocos del mundo. Coloc\u00f3 a la Madres y Abuelas en primer plano. Continu\u00f3 buscando justicia. Foment\u00f3 la unidad latinoamericana desde UNASUR y enterr\u00f3 al ALCA en Mar del Plata que era el elemento de convalidaci\u00f3n comercial de EE.UU en la zona pensando en el desventajoso libre comercio. Los juicios a los represores se retomaron y se invirti\u00f3 en educaci\u00f3n, ciencia y tecnolog\u00eda.<\/p>\n<p>Los v\u00ednculos latinoamericanos se convirtieron en algo cotidiano a la par que las relaciones carnales pasaron a la historia. Kirchner empezaba al final de su mandato a adelantar lo que vendr\u00eda anunciando que las medidas m\u00e1s contundentes en t\u00e9rminos de estructura social en la Argentina las dar\u00eda el pr\u00f3ximo gobierno que ser\u00eda \u201cping\u00fcina o ping\u00fcino\u201d como tanto jug\u00f3 desconcertando a m\u00e1s de uno.<\/p>\n<p>Cristina Fern\u00e1ndez de Kirchner llev\u00f3 adelante las medidas m\u00e1s valientes de los \u00faltimos treinta o cuarenta a\u00f1os. S\u00f3lo alguien ideol\u00f3gicamente situado en el espacio opuesto al popular podr\u00eda llegar a negarlo. Nos descoloc\u00f3 a muchos. La l\u00ednea editorial de La Posta volv\u00eda a verse modificada como debe ser ante la din\u00e1mica social y el juego dial\u00e9ctico entre sujetos y sociedad siendo nuestro eslogan que la objetividad es una mentira. Hoy lo anuncia cualquiera, pero, nuestros cronistas no se cansaban de decirlo. Empez\u00e1bamos a graficar que algo diferente hab\u00eda en la realidad. De pronto se vinieron la 125, la Ley de Servicios Audiovisuales, Las ley de Educaci\u00f3n Nacional, la Ley de Matrimonio igualitario con un lema hermoso que era \u201cel mismo amor, el mismo nombre\u201d apelando a la humanidad pura, la re estatizaci\u00f3n de Aerol\u00edneas Argentinas, el regreso al Estado de la administraci\u00f3n de los Fondos de Pensi\u00f3n en manos de empresas privadas denominadas AFJP, la Asignaci\u00f3n Universal por Hijo, el programa Argentina Trabaja bajo cooperativas (re) creando la cultura del trabajo, la b\u00fasqueda de achicamiento real de la brecha digital junto al programa Conectar Igualdad que reparte gratuita y libremente netbooks de alta tecnolog\u00eda entre los j\u00f3venes estudiantes, los actos por el Bicentenario desbordados por la participaci\u00f3n popular, la b\u00fasqueda de justicia en casos como Papel Prensa, la extensi\u00f3n del cronograma oficial de vacunaci\u00f3n en toda la poblaci\u00f3n a cargo del Estado, los varios aumentos anuales que reciben nuestros jubilados que est\u00e1n muy cerca del 82% m\u00f3vil, el desarrollo de la Televisi\u00f3n Digital, el despegue in\u00e9dito de un canal cultural de prestigio internacional como es Encuentro, la creaci\u00f3n de Paka Paka siendo un canal desde la mirada no comercial ni de mercado para los ni\u00f1os desde sus derechos, el Deporte para Todos y muchas medidas m\u00e1s que afectan a la vida de las personas en manera concreta e irrefutable. La realidad es incontrastable con las palabras. Se ha hecho mucho por la Naci\u00f3n.<\/p>\n<p>Es l\u00f3gico pensar los gobiernos de N\u00e9stor y Cristina Kirchner como una continuidad y no por una cuesti\u00f3n de parentesco, sino, de pol\u00edticas de Estado. La restituci\u00f3n del rol del Estado, el valor de la pol\u00edtica y el constante efecto sorpresa que provocan en la poblaci\u00f3n es in\u00e9dita en las \u00faltimas d\u00e9cadas. El principal columnista del diario La Naci\u00f3n, Joaqu\u00edn Morales Sol\u00e1, claramente en un rol opositor, dec\u00eda que el kirchnerismo tiene siempre algo en la galera. Notables palabras que no vienen de alguien af\u00edn reflejando claramente la constante creatividad de quienes conducen este espacio pol\u00edtico. Creatividad absolutamente vital para que un gobierno se refresque y viva el v\u00ednculo con la sociedad.<\/p>\n<p>El debate pol\u00edtico ideol\u00f3gico existente es tambi\u00e9n novedoso. Los j\u00f3venes se sienten parte del proceso. Los m\u00e1s grandes en edad miran con ojos dulces la vitalidad enarbolada. Se cuestiona y enfrenta al poder concentrado sin tragarse m\u00e1s las mentiras. Se ponen en duda las intenciones existentes detr\u00e1s de las comunicaciones siendo algo absolutamente necesario para la cultura cr\u00edtica que se ha empezado a gestar en nuestro pa\u00eds recuperando valores hist\u00f3ricos de cultura popular.<\/p>\n<p>Los ocho a\u00f1os que se cumplen desde la asunci\u00f3n de N\u00e9stor Kirchner y la continuidad profundizada de Cristina Fern\u00e1ndez de Kirchner no son una efem\u00e9ride hist\u00f3rica. Son el reconocimiento de una nueva forma de administrar los recursos del Estado. De debatir la sociedad y de construir colectivamente nuestro destino desde una Latinoam\u00e9rica m\u00e1s unida. Es, sin m\u00e1s, la manera en que empezamos a reconstruir la identidad solidaria del pa\u00eds.<\/p>\n<p>&nbsp;<\/p>\n","protected":false},"excerpt":{"rendered":"<p>Por Marcelo Melo Presidente del Partido de la Victoria Mercedes Han pasado ocho a\u00f1os de la asunci\u00f3n de N\u00e9stor Kirchner &#8230; <a title=\"Ocho a\u00f1os distintos en la historia del pa\u00eds\" class=\"read-more\" href=\"https:\/\/www.hoymercedes.com.ar\/principal\/2011\/05\/25\/ocho-anos-distintos-en-la-historia-del-pais\/\" aria-label=\"Leer m\u00e1s sobre Ocho a\u00f1os distintos en la historia del pa\u00eds\">Leer m\u00e1s<\/a><\/p>\n","protected":false},"author":1,"featured_media":0,"comment_status":"open","ping_status":"open","sticky":false,"template":"","format":"standard","meta":{"_monsterinsights_skip_tracking":false,"_monsterinsights_sitenote_active":false,"_monsterinsights_sitenote_note":"","_monsterinsights_sitenote_category":0,"jetpack_post_was_ever_published":false,"_jetpack_newsletter_access":"","_jetpack_dont_email_post_to_subs":false,"_jetpack_newsletter_tier_id":0,"_jetpack_memberships_contains_paywalled_content":false,"_jetpack_memberships_contains_paid_content":false,"footnotes":"","jetpack_publicize_message":"","jetpack_publicize_feature_enabled":true,"jetpack_social_post_already_shared":false,"jetpack_social_options":{"image_generator_settings":{"template":"highway","default_image_id":0,"font":"","enabled":false},"version":2},"_wpas_customize_per_network":false},"categories":[1,5],"tags":[403,837],"class_list":["post-4494","post","type-post","status-publish","format-standard","hentry","category-opinion","category-politica","tag-marcelo-melo","tag-nestor-kirchner","generate-columns","tablet-grid-50","mobile-grid-100","grid-parent","grid-50"],"jetpack_publicize_connections":[],"jetpack_featured_media_url":"","wps_subtitle":"","jetpack_sharing_enabled":true,"_links":{"self":[{"href":"https:\/\/www.hoymercedes.com.ar\/principal\/wp-json\/wp\/v2\/posts\/4494","targetHints":{"allow":["GET"]}}],"collection":[{"href":"https:\/\/www.hoymercedes.com.ar\/principal\/wp-json\/wp\/v2\/posts"}],"about":[{"href":"https:\/\/www.hoymercedes.com.ar\/principal\/wp-json\/wp\/v2\/types\/post"}],"author":[{"embeddable":true,"href":"https:\/\/www.hoymercedes.com.ar\/principal\/wp-json\/wp\/v2\/users\/1"}],"replies":[{"embeddable":true,"href":"https:\/\/www.hoymercedes.com.ar\/principal\/wp-json\/wp\/v2\/comments?post=4494"}],"version-history":[{"count":0,"href":"https:\/\/www.hoymercedes.com.ar\/principal\/wp-json\/wp\/v2\/posts\/4494\/revisions"}],"wp:attachment":[{"href":"https:\/\/www.hoymercedes.com.ar\/principal\/wp-json\/wp\/v2\/media?parent=4494"}],"wp:term":[{"taxonomy":"category","embeddable":true,"href":"https:\/\/www.hoymercedes.com.ar\/principal\/wp-json\/wp\/v2\/categories?post=4494"},{"taxonomy":"post_tag","embeddable":true,"href":"https:\/\/www.hoymercedes.com.ar\/principal\/wp-json\/wp\/v2\/tags?post=4494"}],"curies":[{"name":"wp","href":"https:\/\/api.w.org\/{rel}","templated":true}]}}