{"id":4502,"date":"2011-05-26T01:37:53","date_gmt":"2011-05-26T01:37:53","guid":{"rendered":"http:\/\/www.hoymercedes.com.ar\/principal\/?p=4502"},"modified":"2011-05-26T01:55:30","modified_gmt":"2011-05-26T01:55:30","slug":"25-de-mayo-homilia-del-monsenor-agustin-radrizzani-en-el-tedeum","status":"publish","type":"post","link":"https:\/\/www.hoymercedes.com.ar\/principal\/2011\/05\/26\/25-de-mayo-homilia-del-monsenor-agustin-radrizzani-en-el-tedeum\/","title":{"rendered":"25 DE Mayo: Homil\u00eda del Monse\u00f1or Agust\u00edn Radrizzani en el Tedeum"},"content":{"rendered":"<figure id=\"attachment_4504\" aria-describedby=\"caption-attachment-4504\" style=\"width: 290px\" class=\"wp-caption alignleft\"><a href=\"https:\/\/www.hoymercedes.com.ar\/principal\/wp-content\/uploads\/2011\/05\/25mayo2011008.jpg\"><img loading=\"lazy\" decoding=\"async\" data-attachment-id=\"4504\" data-permalink=\"https:\/\/www.hoymercedes.com.ar\/principal\/2011\/05\/26\/25-de-mayo-homilia-del-monsenor-agustin-radrizzani-en-el-tedeum\/25mayo2011008\/#main\" data-orig-file=\"https:\/\/www.hoymercedes.com.ar\/principal\/wp-content\/uploads\/2011\/05\/25mayo2011008.jpg\" data-orig-size=\"600,450\" data-comments-opened=\"1\" data-image-meta=\"{&quot;aperture&quot;:&quot;4.2&quot;,&quot;credit&quot;:&quot;&quot;,&quot;camera&quot;:&quot;COOLPIX L10&quot;,&quot;caption&quot;:&quot;&quot;,&quot;created_timestamp&quot;:&quot;1306126116&quot;,&quot;copyright&quot;:&quot;Copyright 2006&quot;,&quot;focal_length&quot;:&quot;12.8&quot;,&quot;iso&quot;:&quot;400&quot;,&quot;shutter_speed&quot;:&quot;0.016666666666667&quot;,&quot;title&quot;:&quot;&quot;}\" data-image-title=\"Monse\u00f1or Radrizzani\" data-image-description=\"&lt;p&gt;Monse\u00f1or Radrizzani&lt;\/p&gt;\n\" data-image-caption=\"&lt;p&gt;Monse\u00f1or Radrizzani&lt;\/p&gt;\n\" data-large-file=\"https:\/\/www.hoymercedes.com.ar\/principal\/wp-content\/uploads\/2011\/05\/25mayo2011008.jpg\" class=\"size-medium wp-image-4504\" title=\"Monse\u00f1or Radrizzani\" src=\"https:\/\/www.hoymercedes.com.ar\/principal\/wp-content\/uploads\/2011\/05\/25mayo2011008-300x225.jpg\" alt=\"Monse\u00f1or Radrizzani\" width=\"300\" height=\"225\" srcset=\"https:\/\/www.hoymercedes.com.ar\/principal\/wp-content\/uploads\/2011\/05\/25mayo2011008-300x225.jpg 300w, https:\/\/www.hoymercedes.com.ar\/principal\/wp-content\/uploads\/2011\/05\/25mayo2011008.jpg 600w\" sizes=\"auto, (max-width: 300px) 100vw, 300px\" \/><\/a><figcaption id=\"caption-attachment-4504\" class=\"wp-caption-text\">Monse\u00f1or Radrizzani<\/figcaption><\/figure>\n<p>Monse\u00f1or Agust\u00edn Radrizzani llamo a los ciudadanos a actuar con responsabilidad<\/p>\n<p>El prelado sostuvo \u201ccomo pueblo argentino tenemos pr\u00f3ximamente un ejercicio de la responsabilidad que nos posibilita el sistema democr\u00e1tico como lo es el voto con que elegimos a nuestros representantes para gobernar.<\/p>\n<p>Con el voto promovemos los derechos de la sociedad, el inter\u00e9s nacional y el bien com\u00fan; con el voto decimos a los dem\u00e1s que estamos de acuerdo con lo que el candidato y su partido  ha prometido desde la campa\u00f1a, cada ciudadano  ejercer\u00e1 su responsabilidad eligiendo a quienes hayan afirmado principios que permitan una convivencia honesta y se comprometan a cumplimentar las aspiraciones de sus hermanos.<\/p>\n<p>De los candidatos esperamos que est\u00e9n verdaderamente comprometidos con el bien com\u00fan y por lo tanto con proyectos que promuevan mejor educaci\u00f3n, m\u00e1s salud y bienestar para la poblaci\u00f3n, viviendas dignas, disminuci\u00f3n delos noveles de pobreza y marginalidad, implementaci\u00f3n de leyes que permitan la desaparici\u00f3n o al menos la disminuci\u00f3n de la inseguridad.<\/p>\n<p>Deber\u00e1n evitar aquellos que se propongan como gobernantes toda vinculaci\u00f3n con las lacras sociales  como son la droga, el juego, la trata de personas, con la convicci\u00f3n de que el dinero mal habido puede ser nunca garant\u00eda de una sana convivencia y en tal sentido deber\u00e1n combatir la corrupci\u00f3n, el desempleo, toda pol\u00edtica que atente contra la moral y la paz social.<\/p>\n<div align=\"center\"><a href=\"https:\/\/www.hoymercedes.com.ar\/principal\/wp-content\/uploads\/2011\/05\/25mayo2011009.jpg\"><img loading=\"lazy\" decoding=\"async\" data-attachment-id=\"4516\" data-permalink=\"https:\/\/www.hoymercedes.com.ar\/principal\/2011\/05\/26\/25-de-mayo-homilia-del-monsenor-agustin-radrizzani-en-el-tedeum\/25mayo2011009\/#main\" data-orig-file=\"https:\/\/www.hoymercedes.com.ar\/principal\/wp-content\/uploads\/2011\/05\/25mayo2011009.jpg\" data-orig-size=\"600,450\" data-comments-opened=\"1\" data-image-meta=\"{&quot;aperture&quot;:&quot;2.8&quot;,&quot;credit&quot;:&quot;&quot;,&quot;camera&quot;:&quot;COOLPIX L10&quot;,&quot;caption&quot;:&quot;&quot;,&quot;created_timestamp&quot;:&quot;1306126282&quot;,&quot;copyright&quot;:&quot;Copyright 2006&quot;,&quot;focal_length&quot;:&quot;6.2&quot;,&quot;iso&quot;:&quot;400&quot;,&quot;shutter_speed&quot;:&quot;0.016666666666667&quot;,&quot;title&quot;:&quot;&quot;}\" data-image-title=\"25mayo2011009\" data-image-description=\"\" data-image-caption=\"\" data-large-file=\"https:\/\/www.hoymercedes.com.ar\/principal\/wp-content\/uploads\/2011\/05\/25mayo2011009.jpg\" class=\"aligncenter size-full wp-image-4516\" title=\"25mayo2011009\" src=\"https:\/\/www.hoymercedes.com.ar\/principal\/wp-content\/uploads\/2011\/05\/25mayo2011009.jpg\" alt=\"\" width=\"600\" height=\"450\" srcset=\"https:\/\/www.hoymercedes.com.ar\/principal\/wp-content\/uploads\/2011\/05\/25mayo2011009.jpg 600w, https:\/\/www.hoymercedes.com.ar\/principal\/wp-content\/uploads\/2011\/05\/25mayo2011009-300x225.jpg 300w\" sizes=\"auto, (max-width: 600px) 100vw, 600px\" \/><\/a><\/div>\n<p>Tambi\u00e9n ser\u00e1 importante el pasado de los candidatos, ha de ser garante de la capacidad para la funci\u00f3n p\u00fablica, con respecto por las minor\u00edas, con sinceras actitudes, tener compromiso con los sectores populares, honestidad en la conducci\u00f3n de la propia campa\u00f1a electoral, ser\u00e1 fundamental que detr\u00e1s de un candidato haya un partido que ser\u00e1 el que presente las propuestas que m\u00e1s nos interesan porque defienden las aspiraciones de nuestro pueblo, la defensa de la vida como principal derecho humano desde su concepci\u00f3n hasta la muerte natural, que asegure la dignidad de la persona, la justicia y la paz para todos, un partido pol\u00edtico democr\u00e1tico no ha de temer al debate, se ha de regir por los valores de la familia, el trabajo, la amistad social, la honestidad, el respeto por las creencias religiosas que sintonizan con la ley natural.<\/p>\n<div align=\"center\"><a href=\"https:\/\/www.hoymercedes.com.ar\/principal\/wp-content\/uploads\/2011\/05\/25mayo2011010.jpg\"><img loading=\"lazy\" decoding=\"async\" data-attachment-id=\"4516\" data-permalink=\"https:\/\/www.hoymercedes.com.ar\/principal\/2011\/05\/26\/25-de-mayo-homilia-del-monsenor-agustin-radrizzani-en-el-tedeum\/25mayo2011009\/#main\" data-orig-file=\"https:\/\/www.hoymercedes.com.ar\/principal\/wp-content\/uploads\/2011\/05\/25mayo2011009.jpg\" data-orig-size=\"600,450\" data-comments-opened=\"1\" data-image-meta=\"{&quot;aperture&quot;:&quot;2.8&quot;,&quot;credit&quot;:&quot;&quot;,&quot;camera&quot;:&quot;COOLPIX L10&quot;,&quot;caption&quot;:&quot;&quot;,&quot;created_timestamp&quot;:&quot;1306126282&quot;,&quot;copyright&quot;:&quot;Copyright 2006&quot;,&quot;focal_length&quot;:&quot;6.2&quot;,&quot;iso&quot;:&quot;400&quot;,&quot;shutter_speed&quot;:&quot;0.016666666666667&quot;,&quot;title&quot;:&quot;&quot;}\" data-image-title=\"25mayo2011009\" data-image-description=\"\" data-image-caption=\"\" data-large-file=\"https:\/\/www.hoymercedes.com.ar\/principal\/wp-content\/uploads\/2011\/05\/25mayo2011009.jpg\" class=\"aligncenter size-full wp-image-4516\" title=\"25mayo2011009\" src=\"https:\/\/www.hoymercedes.com.ar\/principal\/wp-content\/uploads\/2011\/05\/25mayo2011010.jpg\" alt=\"\" width=\"600\" height=\"450\" \/><\/a><\/div>\n<p>En este sentido hay que promover reuniones para el di\u00e1logo familiar, grupal en las escuelas, la universidad, La sociedades de fomento y particularmente los medios masivos de comunicaci\u00f3n como lo son la radio y la televisi\u00f3n.<\/p>\n<div align=\"center\"><a href=\"https:\/\/www.hoymercedes.com.ar\/principal\/wp-content\/uploads\/2011\/05\/25mayo2011011.jpg\"><img loading=\"lazy\" decoding=\"async\" data-attachment-id=\"4516\" data-permalink=\"https:\/\/www.hoymercedes.com.ar\/principal\/2011\/05\/26\/25-de-mayo-homilia-del-monsenor-agustin-radrizzani-en-el-tedeum\/25mayo2011009\/#main\" data-orig-file=\"https:\/\/www.hoymercedes.com.ar\/principal\/wp-content\/uploads\/2011\/05\/25mayo2011009.jpg\" data-orig-size=\"600,450\" data-comments-opened=\"1\" data-image-meta=\"{&quot;aperture&quot;:&quot;2.8&quot;,&quot;credit&quot;:&quot;&quot;,&quot;camera&quot;:&quot;COOLPIX L10&quot;,&quot;caption&quot;:&quot;&quot;,&quot;created_timestamp&quot;:&quot;1306126282&quot;,&quot;copyright&quot;:&quot;Copyright 2006&quot;,&quot;focal_length&quot;:&quot;6.2&quot;,&quot;iso&quot;:&quot;400&quot;,&quot;shutter_speed&quot;:&quot;0.016666666666667&quot;,&quot;title&quot;:&quot;&quot;}\" data-image-title=\"25mayo2011009\" data-image-description=\"\" data-image-caption=\"\" data-large-file=\"https:\/\/www.hoymercedes.com.ar\/principal\/wp-content\/uploads\/2011\/05\/25mayo2011009.jpg\" class=\"aligncenter size-full wp-image-4516\" title=\"25mayo2011009\" src=\"https:\/\/www.hoymercedes.com.ar\/principal\/wp-content\/uploads\/2011\/05\/25mayo2011011.jpg\" alt=\"\" width=\"600\" height=\"450\" \/><\/a><\/div>\n<p>Vivamos con esperanza este particular a\u00f1o de nuestra bicentenaria historia, una esperanza que nos permita so\u00f1ar con mayor calidad en los servicios, con el combate del desempleo, la inclusi\u00f3n social delos pobres y marginados, una reforma agraria que favorezca a toda la poblaci\u00f3n un reforma fiscal progresiva que promueva la industria nacional, una mayor seguridad y todo aquello que necesita nuestro pueblo<\/p>\n<p>Con nuestro compromiso social iluminado por la Fe, apoyemos todo aquello que sea para el bien com\u00fan  y tambi\u00e9n estemos atentos para fiscalizar  que se cumplan los compromisos de campa\u00f1a y as\u00ed avanzar hacia un pa\u00eds m\u00e1s humano, m\u00e1s fraterno,  libre, que es como decir m\u00e1s acorde con los valores del Evangelio.<\/p>\n<p>Que la Sant\u00edsima Virgen de Lujan, patrona de nuestra Patria nos ayude a vivir este tiempo con un coraz\u00f3n agradecido y con un compromiso verdadero\u201d.<\/p>\n<p>&nbsp;<\/p>\n","protected":false},"excerpt":{"rendered":"<p>Monse\u00f1or Agust\u00edn Radrizzani llamo a los ciudadanos a actuar con responsabilidad El prelado sostuvo \u201ccomo pueblo argentino tenemos pr\u00f3ximamente un &#8230; <a title=\"25 DE Mayo: Homil\u00eda del Monse\u00f1or Agust\u00edn Radrizzani en el Tedeum\" class=\"read-more\" href=\"https:\/\/www.hoymercedes.com.ar\/principal\/2011\/05\/26\/25-de-mayo-homilia-del-monsenor-agustin-radrizzani-en-el-tedeum\/\" aria-label=\"Leer m\u00e1s sobre 25 DE Mayo: Homil\u00eda del Monse\u00f1or Agust\u00edn Radrizzani en el Tedeum\">Leer m\u00e1s<\/a><\/p>\n","protected":false},"author":1,"featured_media":0,"comment_status":"open","ping_status":"open","sticky":false,"template":"","format":"standard","meta":{"_monsterinsights_skip_tracking":false,"_monsterinsights_sitenote_active":false,"_monsterinsights_sitenote_note":"","_monsterinsights_sitenote_category":0,"jetpack_post_was_ever_published":false,"_jetpack_newsletter_access":"","_jetpack_dont_email_post_to_subs":false,"_jetpack_newsletter_tier_id":0,"_jetpack_memberships_contains_paywalled_content":false,"_jetpack_memberships_contains_paid_content":false,"footnotes":"","jetpack_publicize_message":"","jetpack_publicize_feature_enabled":true,"jetpack_social_post_already_shared":false,"jetpack_social_options":{"image_generator_settings":{"template":"highway","default_image_id":0,"font":"","enabled":false},"version":2},"_wpas_customize_per_network":false},"categories":[8],"tags":[839],"class_list":["post-4502","post","type-post","status-publish","format-standard","hentry","category-sociedad","tag-monsenor-radrizzani","generate-columns","tablet-grid-50","mobile-grid-100","grid-parent","grid-50"],"jetpack_publicize_connections":[],"jetpack_featured_media_url":"","wps_subtitle":"","jetpack_sharing_enabled":true,"_links":{"self":[{"href":"https:\/\/www.hoymercedes.com.ar\/principal\/wp-json\/wp\/v2\/posts\/4502","targetHints":{"allow":["GET"]}}],"collection":[{"href":"https:\/\/www.hoymercedes.com.ar\/principal\/wp-json\/wp\/v2\/posts"}],"about":[{"href":"https:\/\/www.hoymercedes.com.ar\/principal\/wp-json\/wp\/v2\/types\/post"}],"author":[{"embeddable":true,"href":"https:\/\/www.hoymercedes.com.ar\/principal\/wp-json\/wp\/v2\/users\/1"}],"replies":[{"embeddable":true,"href":"https:\/\/www.hoymercedes.com.ar\/principal\/wp-json\/wp\/v2\/comments?post=4502"}],"version-history":[{"count":0,"href":"https:\/\/www.hoymercedes.com.ar\/principal\/wp-json\/wp\/v2\/posts\/4502\/revisions"}],"wp:attachment":[{"href":"https:\/\/www.hoymercedes.com.ar\/principal\/wp-json\/wp\/v2\/media?parent=4502"}],"wp:term":[{"taxonomy":"category","embeddable":true,"href":"https:\/\/www.hoymercedes.com.ar\/principal\/wp-json\/wp\/v2\/categories?post=4502"},{"taxonomy":"post_tag","embeddable":true,"href":"https:\/\/www.hoymercedes.com.ar\/principal\/wp-json\/wp\/v2\/tags?post=4502"}],"curies":[{"name":"wp","href":"https:\/\/api.w.org\/{rel}","templated":true}]}}