{"id":45169,"date":"2015-10-07T20:52:01","date_gmt":"2015-10-07T23:52:01","guid":{"rendered":"http:\/\/www.hoymercedes.com.ar\/principal\/?p=45169"},"modified":"2015-10-08T21:51:50","modified_gmt":"2015-10-09T00:51:50","slug":"pitu-flores-mucha-gente-de-buena-madera-se-fue-del-pro-por-el-caso-niembro","status":"publish","type":"post","link":"https:\/\/www.hoymercedes.com.ar\/principal\/2015\/10\/07\/pitu-flores-mucha-gente-de-buena-madera-se-fue-del-pro-por-el-caso-niembro\/","title":{"rendered":"Pitu Flores: \u00abMucha gente de buena madera se fue del PRO por el caso Niembro\u00bb"},"content":{"rendered":"<p><em><strong>El abogado y ex referente macrista Eduardo \u2018Pitu\u2019 Flores asegur\u00f3 que \u201cmucha gente de buena madera se fue el PRO\u201d luego del esc\u00e1ndalo que estall\u00f3 con el periodista Fernando Niembro, quien debi\u00f3 renunciar a su candidatura a diputado nacional por la alianza Cambiemos envuelto en sospechas de corrupci\u00f3n.<\/strong><\/em><\/p>\n<p>\u201cVos no pod\u00e9s pregonar una cosa y hacer otra. Ven\u00edan a cambiar la pol\u00edtica y aparece esto: el caso Niembro, el tema de las pautas falsas a medios del Interior del pa\u00eds\u2026 Yo tengo muchos amigos que estaban dentro del PRO y no aguantaron esta situaci\u00f3n, mucha gente importante y de buena madera que se fue el PRO no porque perd\u00edan votos, sino por la decepci\u00f3n\u201d, dijo el \u2018Pitu\u2019 Flores.<\/p>\n<p>Y agreg\u00f3: \u201cLa gente se sinti\u00f3 muy mal porque la defraudaron. Ahora no pod\u00e9s decir somos los distintos, somos los puros como se quer\u00edan presentar, somos el cambio, somos los \u00fanicos\u201d.<br \/>\nFernando Niembro debi\u00f3 renunciar a su candidatura a primer diputado nacional por el PRO de Macri tras conocerse que, a trav\u00e9s de una empresa de su propiedad (La Usina), recibi\u00f3 pagos irregulares por m\u00e1s de 21 millones de pesos de parte del gobierno de la Ciudad de Buenos Aires. Y luego sigui\u00f3 el esc\u00e1ndalo de las pautas irregulares a medios de comunicaci\u00f3n, que denunciaron recibir un monto notoriamente inferior al informado por la CABA.<\/p>\n<p>En di\u00e1logo con el programa Pensar en voz alta, de FM La Tribuna, Flores tambi\u00e9n se mostr\u00f3 \u201caliviado\u201d por haberse ido meses atr\u00e1s del mismo PRO. \u201cMi mujer me dice ahora: \u2018menos mal que te fuiste\u2019, y tiene raz\u00f3n, porque tambi\u00e9n hubiese sido una decepci\u00f3n muy grande para m\u00ed\u201d.<\/p>\n<p>\u201cPero mi alejamiento tuvo que ver con otra cosa \u2013aclar\u00f3-. Fue el primero en instalar el nombre de Mauricio Macri en Mercedes y lamentablemente me \u2018ningunearon\u2019. Le dieron boleta a (Jos\u00e9) Cestari, a (Juan Carlos) Ben\u00edtez, a (Lucas) Fal\u2026 Y a m\u00ed no. Y no fue una cuesti\u00f3n de que yo no med\u00eda porque sab\u00edan que otros candidatos tampoco sumaban mucho, como de hecho pas\u00f3. Estuve seis a\u00f1os adentro del PRO, llevando arriba el nombre de Mauricio, y se comportaron mal conmigo\u201d.<\/p>\n<p>Para Flores, quien respalda la candidatura de Marcelo Denapole como intendente (del Frente Renovador), el PRO est\u00e1 condenado a ser un espacio testimonial en nuestra ciudad.<\/p>\n<p>El abogado tambi\u00e9n cont\u00f3 su enojo por el salto de Jorge Espa\u00f1a (quien lleg\u00f3 de su mano y era candidato a consejero escolar del Frente Renovador) a la Alianza Cambiemos. \u201cMe cay\u00f3 muy mal porque no era lo acordado. Yo no muerdo la mano del que me da de comer. No analiz\u00f3 el da\u00f1o personal que pod\u00eda hacerme con su decisi\u00f3n, fue una postura unilateral e inconsulta\u201d.<\/p>\n<p>\u201cPero bueno, el candidato de Cambiemos necesita sumar y elige estos m\u00e9todos para hacerlo. Lamento que lo haga as\u00ed, pero bueno, algunos radicales se comportan de esa manera \u2013cerr\u00f3-. No llegu\u00e9 a la pol\u00edtica para reproducir estas pr\u00e1cticas sino para intentar cambiarlas. Es mi forma de ser y soy un hombre de palabra. Por eso estoy trabajando intensamente en el espacio de Den\u00e1pole, tratando de sumar cada d\u00eda para llegar de la mejor manera a las elecciones\u201d.<\/p>\n","protected":false},"excerpt":{"rendered":"<p>El abogado y ex referente macrista Eduardo \u2018Pitu\u2019 Flores asegur\u00f3 que \u201cmucha gente de buena madera se fue el PRO\u201d &#8230; <a title=\"Pitu Flores: \u00abMucha gente de buena madera se fue del PRO por el caso Niembro\u00bb\" class=\"read-more\" href=\"https:\/\/www.hoymercedes.com.ar\/principal\/2015\/10\/07\/pitu-flores-mucha-gente-de-buena-madera-se-fue-del-pro-por-el-caso-niembro\/\" aria-label=\"Leer m\u00e1s sobre Pitu Flores: \u00abMucha gente de buena madera se fue del PRO por el caso Niembro\u00bb\">Leer m\u00e1s<\/a><\/p>\n","protected":false},"author":1,"featured_media":45190,"comment_status":"open","ping_status":"open","sticky":false,"template":"","format":"standard","meta":{"_monsterinsights_skip_tracking":false,"_monsterinsights_sitenote_active":false,"_monsterinsights_sitenote_note":"","_monsterinsights_sitenote_category":0,"jetpack_post_was_ever_published":false,"_jetpack_newsletter_access":"","_jetpack_dont_email_post_to_subs":false,"_jetpack_newsletter_tier_id":0,"_jetpack_memberships_contains_paywalled_content":false,"_jetpack_memberships_contains_paid_content":false,"footnotes":"","jetpack_publicize_message":"","jetpack_publicize_feature_enabled":true,"jetpack_social_post_already_shared":true,"jetpack_social_options":{"image_generator_settings":{"template":"highway","default_image_id":0,"font":"","enabled":false},"version":2},"_wpas_customize_per_network":false},"categories":[5],"tags":[8027,6275],"class_list":["post-45169","post","type-post","status-publish","format-standard","has-post-thumbnail","hentry","category-politica","tag-caso-niembro","tag-pitu-flores","generate-columns","tablet-grid-50","mobile-grid-100","grid-parent","grid-50"],"jetpack_publicize_connections":[],"jetpack_featured_media_url":"https:\/\/www.hoymercedes.com.ar\/principal\/wp-content\/uploads\/2015\/10\/pituflores2.jpg","wps_subtitle":"Opina un ex macrista","jetpack_sharing_enabled":true,"_links":{"self":[{"href":"https:\/\/www.hoymercedes.com.ar\/principal\/wp-json\/wp\/v2\/posts\/45169","targetHints":{"allow":["GET"]}}],"collection":[{"href":"https:\/\/www.hoymercedes.com.ar\/principal\/wp-json\/wp\/v2\/posts"}],"about":[{"href":"https:\/\/www.hoymercedes.com.ar\/principal\/wp-json\/wp\/v2\/types\/post"}],"author":[{"embeddable":true,"href":"https:\/\/www.hoymercedes.com.ar\/principal\/wp-json\/wp\/v2\/users\/1"}],"replies":[{"embeddable":true,"href":"https:\/\/www.hoymercedes.com.ar\/principal\/wp-json\/wp\/v2\/comments?post=45169"}],"version-history":[{"count":0,"href":"https:\/\/www.hoymercedes.com.ar\/principal\/wp-json\/wp\/v2\/posts\/45169\/revisions"}],"wp:featuredmedia":[{"embeddable":true,"href":"https:\/\/www.hoymercedes.com.ar\/principal\/wp-json\/wp\/v2\/media\/45190"}],"wp:attachment":[{"href":"https:\/\/www.hoymercedes.com.ar\/principal\/wp-json\/wp\/v2\/media?parent=45169"}],"wp:term":[{"taxonomy":"category","embeddable":true,"href":"https:\/\/www.hoymercedes.com.ar\/principal\/wp-json\/wp\/v2\/categories?post=45169"},{"taxonomy":"post_tag","embeddable":true,"href":"https:\/\/www.hoymercedes.com.ar\/principal\/wp-json\/wp\/v2\/tags?post=45169"}],"curies":[{"name":"wp","href":"https:\/\/api.w.org\/{rel}","templated":true}]}}