{"id":45184,"date":"2015-10-07T22:30:31","date_gmt":"2015-10-08T01:30:31","guid":{"rendered":"http:\/\/www.hoymercedes.com.ar\/principal\/?p=45184"},"modified":"2015-10-08T21:52:06","modified_gmt":"2015-10-09T00:52:06","slug":"amplian-instalaciones-de-la-direccion-de-salud-inaugurando-nuevo-piso","status":"publish","type":"post","link":"https:\/\/www.hoymercedes.com.ar\/principal\/2015\/10\/07\/amplian-instalaciones-de-la-direccion-de-salud-inaugurando-nuevo-piso\/","title":{"rendered":"Ampl\u00edan instalaciones de la Direcci\u00f3n de Salud inaugurando nuevo piso"},"content":{"rendered":"<p>&nbsp;<\/p>\n<p><em><strong>La Direcci\u00f3n de Salud, una de las \u00e1reas que m\u00e1s ha crecido en la gesti\u00f3n de Carlos Selva inaugur\u00f3 un nuevo piso en el edificio que ocupa en calle 25 entre 28 y 30. Las flamantes instalaciones permitir\u00e1n trabajar con mayor comodidad y continuar ampliando las prestaciones que brinda, tanto en dicho espacio como en los descentralizados en diversos barrios.<\/strong><\/em><\/p>\n<p>La obra estuvo a cargo de la Municipalidad de Mercedes que contin\u00faa no s\u00f3lo poniendo en valor el edificio sino, lo m\u00e1s importante es que dar\u00e1 mejores condiciones de trabajo para quienes desde dichas dependencias atienden a los mercedinos.<\/p>\n<p>Se trata del segundo piso del edificio que est\u00e1 concentrando actividades de la mencionada Direcci\u00f3n.<\/p>\n<p>La inauguraci\u00f3n la encabez\u00f3 Carlos Selva y Marcelo Den\u00e1pole junto a la Directora de Salud, Liliana Masserio.<\/p>\n<p>Durante el acto protocolar, tom\u00f3 la palabra la directora del \u00e1rea, Liliana Masserio, explic\u00f3 la satisfacci\u00f3n de poder habilitar el nuevo sector donde funcionar\u00e1 la Oficina de Atenci\u00f3n a la V\u00edctima de Violencia, y as\u00ed poder brindarle a las v\u00edctimas un espacio privado para que puedan ser atendidas en un ambiente de mayor contenci\u00f3n.<\/p>\n<p>En una de las alas del segundo piso funcionar\u00e1n las nuevas oficinas donde atender\u00e1n a las victimas la abogada y la psic\u00f3loga del \u00e1rea. Por otro lado, en la otra \u00e1rea, con otro ingreso diferente, tambi\u00e9n funcionar\u00e1 Bromatolog\u00eda y Veterinaria municipal.<\/p>\n<p><strong>Secretaria<\/strong><\/p>\n<p>En el encuentro Marcelo Den\u00e1pole, coment\u00f3 que si arribara a ser el intendente tras las pr\u00f3ximas elecciones la Direcci\u00f3n la modificar\u00e1 d\u00e1ndole rango de Secretar\u00eda.<\/p>\n<p>&nbsp;<\/p>\n<p><iframe loading=\"lazy\" src=\"https:\/\/vine.co\/v\/e23qlwrBO55\/embed\/simple\" width=\"600\" height=\"600\" frameborder=\"0\"><\/iframe><script src=\"https:\/\/platform.vine.co\/static\/scripts\/embed.js\"><\/script><\/p>\n<p><iframe loading=\"lazy\" src=\"https:\/\/vine.co\/v\/e23qlwrBO55\/embed\/simple\" width=\"600\" height=\"600\" frameborder=\"0\"><\/iframe><script src=\"https:\/\/platform.vine.co\/static\/scripts\/embed.js\"><\/script><\/p>\n","protected":false},"excerpt":{"rendered":"<p>&nbsp; La Direcci\u00f3n de Salud, una de las \u00e1reas que m\u00e1s ha crecido en la gesti\u00f3n de Carlos Selva inaugur\u00f3 &#8230; <a title=\"Ampl\u00edan instalaciones de la Direcci\u00f3n de Salud inaugurando nuevo piso\" class=\"read-more\" href=\"https:\/\/www.hoymercedes.com.ar\/principal\/2015\/10\/07\/amplian-instalaciones-de-la-direccion-de-salud-inaugurando-nuevo-piso\/\" aria-label=\"Leer m\u00e1s sobre Ampl\u00edan instalaciones de la Direcci\u00f3n de Salud inaugurando nuevo piso\">Leer m\u00e1s<\/a><\/p>\n","protected":false},"author":1,"featured_media":45188,"comment_status":"open","ping_status":"open","sticky":false,"template":"","format":"standard","meta":{"_monsterinsights_skip_tracking":false,"_monsterinsights_sitenote_active":false,"_monsterinsights_sitenote_note":"","_monsterinsights_sitenote_category":0,"jetpack_post_was_ever_published":false,"_jetpack_newsletter_access":"","_jetpack_dont_email_post_to_subs":false,"_jetpack_newsletter_tier_id":0,"_jetpack_memberships_contains_paywalled_content":false,"_jetpack_memberships_contains_paid_content":false,"footnotes":"","jetpack_publicize_message":"","jetpack_publicize_feature_enabled":true,"jetpack_social_post_already_shared":true,"jetpack_social_options":{"image_generator_settings":{"template":"highway","default_image_id":0,"font":"","enabled":false},"version":2},"_wpas_customize_per_network":false},"categories":[30],"tags":[2998,197,8033],"class_list":["post-45184","post","type-post","status-publish","format-standard","has-post-thumbnail","hentry","category-municipio","tag-direccion-de-salud","tag-municipalidad-de-mercedes","tag-obras-municipalidad","generate-columns","tablet-grid-50","mobile-grid-100","grid-parent","grid-50"],"jetpack_publicize_connections":[],"jetpack_featured_media_url":"https:\/\/www.hoymercedes.com.ar\/principal\/wp-content\/uploads\/2015\/10\/salud.inauguracion.2piso.jpg","wps_subtitle":"Mejoras municipales ","jetpack_sharing_enabled":true,"_links":{"self":[{"href":"https:\/\/www.hoymercedes.com.ar\/principal\/wp-json\/wp\/v2\/posts\/45184","targetHints":{"allow":["GET"]}}],"collection":[{"href":"https:\/\/www.hoymercedes.com.ar\/principal\/wp-json\/wp\/v2\/posts"}],"about":[{"href":"https:\/\/www.hoymercedes.com.ar\/principal\/wp-json\/wp\/v2\/types\/post"}],"author":[{"embeddable":true,"href":"https:\/\/www.hoymercedes.com.ar\/principal\/wp-json\/wp\/v2\/users\/1"}],"replies":[{"embeddable":true,"href":"https:\/\/www.hoymercedes.com.ar\/principal\/wp-json\/wp\/v2\/comments?post=45184"}],"version-history":[{"count":0,"href":"https:\/\/www.hoymercedes.com.ar\/principal\/wp-json\/wp\/v2\/posts\/45184\/revisions"}],"wp:featuredmedia":[{"embeddable":true,"href":"https:\/\/www.hoymercedes.com.ar\/principal\/wp-json\/wp\/v2\/media\/45188"}],"wp:attachment":[{"href":"https:\/\/www.hoymercedes.com.ar\/principal\/wp-json\/wp\/v2\/media?parent=45184"}],"wp:term":[{"taxonomy":"category","embeddable":true,"href":"https:\/\/www.hoymercedes.com.ar\/principal\/wp-json\/wp\/v2\/categories?post=45184"},{"taxonomy":"post_tag","embeddable":true,"href":"https:\/\/www.hoymercedes.com.ar\/principal\/wp-json\/wp\/v2\/tags?post=45184"}],"curies":[{"name":"wp","href":"https:\/\/api.w.org\/{rel}","templated":true}]}}