{"id":4521,"date":"2011-05-26T14:41:22","date_gmt":"2011-05-26T14:41:22","guid":{"rendered":"http:\/\/www.hoymercedes.com.ar\/principal\/?p=4521"},"modified":"2011-05-26T14:42:14","modified_gmt":"2011-05-26T14:42:14","slug":"policias-en-jornada-de-extension-universitaria-sobre-violencia-familiar-sexualidad-y-relaciones-de-genero","status":"publish","type":"post","link":"https:\/\/www.hoymercedes.com.ar\/principal\/2011\/05\/26\/policias-en-jornada-de-extension-universitaria-sobre-violencia-familiar-sexualidad-y-relaciones-de-genero\/","title":{"rendered":"Polic\u00edas en Jornada de Extensi\u00f3n Universitaria sobre \u00abViolencia Familiar, Sexualidad y Relaciones de Genero\u00bb"},"content":{"rendered":"<figure id=\"attachment_4523\" aria-describedby=\"caption-attachment-4523\" style=\"width: 290px\" class=\"wp-caption alignleft\"><a href=\"https:\/\/www.hoymercedes.com.ar\/principal\/wp-content\/uploads\/2011\/05\/policiamercedes.jpg\"><img loading=\"lazy\" decoding=\"async\" data-attachment-id=\"4523\" data-permalink=\"https:\/\/www.hoymercedes.com.ar\/principal\/2011\/05\/26\/policias-en-jornada-de-extension-universitaria-sobre-violencia-familiar-sexualidad-y-relaciones-de-genero\/policiamercedes\/#main\" data-orig-file=\"https:\/\/www.hoymercedes.com.ar\/principal\/wp-content\/uploads\/2011\/05\/policiamercedes.jpg\" data-orig-size=\"300,225\" data-comments-opened=\"1\" data-image-meta=\"{&quot;aperture&quot;:&quot;2.8&quot;,&quot;credit&quot;:&quot;&quot;,&quot;camera&quot;:&quot;KODAK Z1275 ZOOM DIGITAL CAMERA&quot;,&quot;caption&quot;:&quot;&quot;,&quot;created_timestamp&quot;:&quot;1167810083&quot;,&quot;copyright&quot;:&quot;&quot;,&quot;focal_length&quot;:&quot;7.54&quot;,&quot;iso&quot;:&quot;200&quot;,&quot;shutter_speed&quot;:&quot;0.033333333333333&quot;,&quot;title&quot;:&quot;&quot;}\" data-image-title=\"policiamercedes\" data-image-description=\"&lt;p&gt;Personal de extensi\u00f3n Universitaria de Gendarmeria Nacional . Miembro del Cuerpo de Carabineros de Chile, Personal de la Policia de la Pcia de Bs As&lt;\/p&gt;\n\" data-image-caption=\"&lt;p&gt;Personal de extensi\u00f3n Universitaria de Gendarmeria Nacional . Miembro del Cuerpo de Carabineros de Chile, Personal de la Policia de la Pcia de Bs As&lt;\/p&gt;\n\" data-large-file=\"https:\/\/www.hoymercedes.com.ar\/principal\/wp-content\/uploads\/2011\/05\/policiamercedes.jpg\" class=\"size-full wp-image-4523\" title=\"policiamercedes\" src=\"https:\/\/www.hoymercedes.com.ar\/principal\/wp-content\/uploads\/2011\/05\/policiamercedes.jpg\" alt=\"\" width=\"300\" height=\"225\" \/><\/a><figcaption id=\"caption-attachment-4523\" class=\"wp-caption-text\">Personal de extensi\u00f3n Universitaria de Gendarmeria Nacional . Miembro del Cuerpo de Carabineros de Chile, Personal de la Policia de la Pcia de Bs As<\/figcaption><\/figure>\n<p>Durante el Lunes 23 y martes 24 El Instituto de Capacitaci\u00f3n Especializada \u00abCabo Juan Aldolfo Romero a trav\u00e9s de su Unidad Acad\u00e9mica de Extensi\u00f3n universitaria, realizo las Jornadas de \u00bb Violencia Familiar, Sexualidad y Relaciones de Genero \u00ab. Con objetivos enfocados a la comprensi\u00f3n del funcionamiento del sistema sexo-genero y su  construcci\u00f3n sociocultural, An\u00e1lisis criticos de los aspectos sociales y culturales de la conformaci\u00f3n de los estereotipos sexistas, las diversas disertaciones se desarrollaron y ahondaron  en las pol\u00edticas de genero que regulan el accionar de la mujer en diversas actividades en las fuerzas, con un trabajo de taller participativo inter disciplinarios que estuvo dirigido a distinguir objetivamente las actitudes discriminatorias en las relaciones interpersonales como as\u00ed en tareas grupales o comunitarias.<\/p>\n<p>En este aspecto ademas de personal de la fuerza organizadora de estas jornadas, fueron invitados con cupos limitados, Policia Federal Argentina , Cuerpo de Carabineros de Chile, Docentes, Asistentes sociales, del Municipio de Mercedes, Facultativos, personal de la Unidad Pentienciaria, policia de la Provincia de Buenos Aires y miembros Peacekepars de la Organizaci\u00f3n de las Naciones Unidas (O.N.U.)<\/p>\n<p>En este aspecto el Sr Superintendente  de Seguridad Zona Interior de la Policia de la Pcia de Bs As el Comisario General SERGIO GABRIEL ZUDAIRE  selecciono a cuatro representantes de la fuerza para su capacitaci\u00f3n la que luego de finalizadas las jornadas seran quienes tengan que reproducir a sus pares los conocimientos obtenidos , ricos en contenidos y aplicables a la funci\u00f3n diaria del Policia  , en tal sentido asistieron por la Jefatura Departamental Mercedes el Jefe Departamental Comisario Inspector ROQUE HORACIO CAPUTO, por la Superintendencia de Seguridad Zona Interior el Teniente Primero SERGIO RAUL MAINERI Jefe de Ceremonial y Protocolo. Por la Estaci\u00f3n de Polic\u00eda Comunal Mercedes la Subcomisaria CLAUDIA LANGUILLA y por la Estacion de Policia Comunal Alberti la Oficial Principal MARIA LUJAN FERNANDEZ del Gabinete de Prevenci\u00f3n de Violencia Familiar.<\/p>\n<p>La jornada tuvo su apertura con el tema Conceptos de sexo, genero, estereotipos y roles a cargo de la 1er Alferes Ruth Rojas Jalley , Gendarme de 2da Ivana Chmiellewski, Licenciada Loana Gomez y la Licenciada Maria Lezcano. Luego se abordo el tema Visiones de las Naciones Unidad sobre genero en operaciones de Mantenimiento de la Paz a cargo del 2do Comandante Walter Walkosz del CENCAOPAz, prosigui\u00f3 la tem\u00e1tica del marco legal regulatorio sobre genero a cargo de la 1er Alf,.Guadalupe Moreno, el ultimo tema de la primera jornada fue Violencia de genero, sus dimensiones de epidemia. a cargo de la 1er ald Ruth Rojas KJalley, la Gendarme de 2da Ivana Chimielewski, licenciadas Marilina Garcia, Loana Gomez t Maria Lescano.<\/p>\n<p>Los ultimos temas del primer dia  fue abordado por el tema Violencia Sexual, acoso sexual , acoso laboral a cargo de la Dra Viviana Cerisola y trata de personas a cargo de la Dra Monica Martines.<\/p>\n<p>El Segundo dia de la Jornada fue abordado por el tema rol de la mujer en operaciones de mantenimiento de la paz . Mujeres en Fuerzas armadas y Fuerzas de Seguridad en Latinoamerica llevada adelante por integrantes de a Red de Seguridad y Defensa de America Latina \/ Resdal) luego se realizaron las conclusiones de los talleres y posterior entrega de certificados a los asistentes.<\/p>\n<p>Este es el tercer a\u00f1o que Gendarmeria Nacional organiza estas jornadas las cuales tienen un enfoque por demas de interesante, asi lo demostro la participacion de quienes asistieron a verdaderas exposiciones profesionales de sus organizadores y disertantes.<\/p>\n<p>FOTO : ( izquierda a derecha)  Personal de extensi\u00f3n Universitaria de Gendarmeria Nacional . Miembro del Cuerpo de Carabineros de Chile, Personal de la Policia de la Pcia de Bs As<\/p>\n<p>&nbsp;<\/p>\n","protected":false},"excerpt":{"rendered":"<p>Durante el Lunes 23 y martes 24 El Instituto de Capacitaci\u00f3n Especializada \u00abCabo Juan Aldolfo Romero a trav\u00e9s de su &#8230; <a title=\"Polic\u00edas en Jornada de Extensi\u00f3n Universitaria sobre \u00abViolencia Familiar, Sexualidad y Relaciones de Genero\u00bb\" class=\"read-more\" href=\"https:\/\/www.hoymercedes.com.ar\/principal\/2011\/05\/26\/policias-en-jornada-de-extension-universitaria-sobre-violencia-familiar-sexualidad-y-relaciones-de-genero\/\" aria-label=\"Leer m\u00e1s sobre Polic\u00edas en Jornada de Extensi\u00f3n Universitaria sobre \u00abViolencia Familiar, Sexualidad y Relaciones de Genero\u00bb\">Leer m\u00e1s<\/a><\/p>\n","protected":false},"author":1,"featured_media":0,"comment_status":"open","ping_status":"open","sticky":false,"template":"","format":"standard","meta":{"_monsterinsights_skip_tracking":false,"_monsterinsights_sitenote_active":false,"_monsterinsights_sitenote_note":"","_monsterinsights_sitenote_category":0,"jetpack_post_was_ever_published":false,"_jetpack_newsletter_access":"","_jetpack_dont_email_post_to_subs":false,"_jetpack_newsletter_tier_id":0,"_jetpack_memberships_contains_paywalled_content":false,"_jetpack_memberships_contains_paid_content":false,"footnotes":"","jetpack_publicize_message":"","jetpack_publicize_feature_enabled":true,"jetpack_social_post_already_shared":false,"jetpack_social_options":{"image_generator_settings":{"template":"highway","default_image_id":0,"font":"","enabled":false},"version":2},"_wpas_customize_per_network":false},"categories":[85],"tags":[126],"class_list":["post-4521","post","type-post","status-publish","format-standard","hentry","category-policial","tag-policia-mercedes","generate-columns","tablet-grid-50","mobile-grid-100","grid-parent","grid-50"],"jetpack_publicize_connections":[],"jetpack_featured_media_url":"","wps_subtitle":"","jetpack_sharing_enabled":true,"_links":{"self":[{"href":"https:\/\/www.hoymercedes.com.ar\/principal\/wp-json\/wp\/v2\/posts\/4521","targetHints":{"allow":["GET"]}}],"collection":[{"href":"https:\/\/www.hoymercedes.com.ar\/principal\/wp-json\/wp\/v2\/posts"}],"about":[{"href":"https:\/\/www.hoymercedes.com.ar\/principal\/wp-json\/wp\/v2\/types\/post"}],"author":[{"embeddable":true,"href":"https:\/\/www.hoymercedes.com.ar\/principal\/wp-json\/wp\/v2\/users\/1"}],"replies":[{"embeddable":true,"href":"https:\/\/www.hoymercedes.com.ar\/principal\/wp-json\/wp\/v2\/comments?post=4521"}],"version-history":[{"count":0,"href":"https:\/\/www.hoymercedes.com.ar\/principal\/wp-json\/wp\/v2\/posts\/4521\/revisions"}],"wp:attachment":[{"href":"https:\/\/www.hoymercedes.com.ar\/principal\/wp-json\/wp\/v2\/media?parent=4521"}],"wp:term":[{"taxonomy":"category","embeddable":true,"href":"https:\/\/www.hoymercedes.com.ar\/principal\/wp-json\/wp\/v2\/categories?post=4521"},{"taxonomy":"post_tag","embeddable":true,"href":"https:\/\/www.hoymercedes.com.ar\/principal\/wp-json\/wp\/v2\/tags?post=4521"}],"curies":[{"name":"wp","href":"https:\/\/api.w.org\/{rel}","templated":true}]}}