{"id":45255,"date":"2015-10-11T18:43:08","date_gmt":"2015-10-11T21:43:08","guid":{"rendered":"http:\/\/www.hoymercedes.com.ar\/principal\/?p=45255"},"modified":"2015-10-12T20:13:14","modified_gmt":"2015-10-12T23:13:14","slug":"cestari-continua-presentando-proyectos-de-interes-comunal-en-el-h-c-d","status":"publish","type":"post","link":"https:\/\/www.hoymercedes.com.ar\/principal\/2015\/10\/11\/cestari-continua-presentando-proyectos-de-interes-comunal-en-el-h-c-d\/","title":{"rendered":"Cestari contin\u00faa presentando proyectos de inter\u00e9s comunal en el H.C.D"},"content":{"rendered":"<p><em><strong>El edil del MIC, Jos\u00e9 Cestari, pedir\u00e1 la modificaci\u00f3n de la ordenanza de veedur\u00edas ciudadanas para la obra p\u00fablica y una serie de propuestas para la zona de Altamira a instancias de un trabajo de campo de la juventud de su Partido, en sus proyectos m\u00e1s destacados para la sesi\u00f3n del martes del Honorable Concejo Deliberante.<\/strong><\/em><\/p>\n<p>Cestari tambi\u00e9n plantear\u00e1 en otros proyectos el derribo de los terraplenes de los barrios Altos de Mercedes y Santa Catalina y un pedido de informes por la instalaci\u00f3n de un refugio en una parada de colectivos sin pasar por el HCD.<\/p>\n<p>En la primera de sus propuestas, la modificaci\u00f3n de las veedur\u00edas (un proyecto de 2008 de Luis Colao y \u2018Pancho\u2019 Torres nunca ejecutado), Cestari indica: \u201cVisto las Ordenanzas 6515\/08 y 6622\/08, sobre las Veedur\u00edas Ciudadanas; se promueve: disp\u00f3nese como agregado al art\u00edculo 2\u00b0 de la Ordenanza 6515\/08 (con su modificatoria 6622\/08):<\/p>\n<p>\u201cEl Ejecutivo invitar\u00e1 a participar y abrir\u00e1 un registro p\u00fablico de libre acceso a vecinos y ONG\u2019s y designar\u00e1 seg\u00fan el tipo de obra de que se trate, a un n\u00famero de hasta cinco personas f\u00edsicas (siempre integrantes impares) o una ONG con acciones dentro del Municipio para desempe\u00f1arse en car\u00e1cter de Veedur\u00eda Ciudadana, durante las etapas de contrataci\u00f3n (tener acceso al expediente durante la licitaci\u00f3n y otorgamiento de la misma) y la etapa de ejecuci\u00f3n de obras p\u00fablicas que se encuentren en la \u00f3rbita de su dependencia. En cada caso, el Intendente, con acuerdo del Concejo Deliberante, proceder\u00e1 a nombrar a los integrantes de la comisi\u00f3n de veedores\u201d<\/p>\n<p>Disp\u00f3nese como agregado al art\u00edculo 5\u00b0 de la Ordenanza 6515\/08: \u201cSe establece que las Veedur\u00edas Ciudadanas tendr\u00e1n atribuciones exclusivamente de observaci\u00f3n, seguimiento y auditor\u00eda financiera en todo lo concerniente a las obras p\u00fablicas que les asignan, quedando facultadas para presentar ante el Departamento Ejecutivo todos los informes, observaciones y\/o sugerencias que estimen pertinentes con el fin de ser considerados en \u2018orden de revista\u2019 en el desarrollo de la obra. La participaci\u00f3n de la veedur\u00eda concluir\u00e1 con la finalizaci\u00f3n de la obra que se trate\u201d.<\/p>\n<p>Se dispone como agregado al art\u00edculo 6\u00b0 de la Ordenanza 6515\/08 lo siguiente: \u201cEl personal de la municipalidad, administrativo o de obra, o el personal de la\/s empresa\/s a cargo de la obra p\u00fablica en la cual se establezca una Veedur\u00eda Ciudadana, estar\u00e1n obligadas a colaborar con el trabajo de observaci\u00f3n que realice la veedur\u00eda designada. Se deja expresa constancia que la participaci\u00f3n de todos los integrantes de las Veedur\u00edas Ciudadanas es Ad Honorem. Se publicar\u00e1 por internet, desde el comienzo hasta la finalizaci\u00f3n de la obra, todo el historial financiero y de ejecuci\u00f3n de la misma\u201d.<\/p>\n<p>En tanto, en otro proyecto y para la localidad de Altamira, el MIC propondr\u00e1:<\/p>\n<p>Visto: varias problem\u00e1ticas que afectan a los vecinos de Altamira. Y considerando: que en la visita al territorio y en di\u00e1logo con los vecinos de Altamira surgieron varias necesidades; que los vecinos pagan las Tasas Municipales; que los vecinos tienen derecho a transitar en caminos adecuados, a no inundarse, asistir a la escuela y a los trabajos diarios, a tener iluminaci\u00f3n apropiada en la nocturnidad, a tener un transporte p\u00fablico automotor de pasajeros (micro \u00f3mnibus), etc.<\/p>\n<p>Resoluci\u00f3n: El HCD se dirige al DE, para que a trav\u00e9s de las \u00e1reas correspondientes, eval\u00fae y emita opini\u00f3n al respecto de las siguientes necesidades de los vecinos de Altamira, asimismo considere presupuestar las obras necesarias en etapas:<\/p>\n<p>. Mejoramiento de las calles 621 y 626 y su respectivo zanjeo.<\/p>\n<p>. Realizaci\u00f3n de una vereda\/bicicenda desde la colectora de ruta N\u00ba5 hasta la Escuela Primaria N\u00ba17.<\/p>\n<p>. Completar las luminarias en las respectivas calles mencionadas en el inciso a).<\/p>\n<p>. Recorrido de un transporte p\u00fablico automotor (micro \u00f3mnibus) para los emprendimientos productivos y la escuela.<\/p>\n","protected":false},"excerpt":{"rendered":"<p>El edil del MIC, Jos\u00e9 Cestari, pedir\u00e1 la modificaci\u00f3n de la ordenanza de veedur\u00edas ciudadanas para la obra p\u00fablica y &#8230; <a title=\"Cestari contin\u00faa presentando proyectos de inter\u00e9s comunal en el H.C.D\" class=\"read-more\" href=\"https:\/\/www.hoymercedes.com.ar\/principal\/2015\/10\/11\/cestari-continua-presentando-proyectos-de-interes-comunal-en-el-h-c-d\/\" aria-label=\"Leer m\u00e1s sobre Cestari contin\u00faa presentando proyectos de inter\u00e9s comunal en el H.C.D\">Leer m\u00e1s<\/a><\/p>\n","protected":false},"author":1,"featured_media":40600,"comment_status":"open","ping_status":"open","sticky":false,"template":"","format":"standard","meta":{"_monsterinsights_skip_tracking":false,"_monsterinsights_sitenote_active":false,"_monsterinsights_sitenote_note":"","_monsterinsights_sitenote_category":0,"jetpack_post_was_ever_published":false,"_jetpack_newsletter_access":"","_jetpack_dont_email_post_to_subs":false,"_jetpack_newsletter_tier_id":0,"_jetpack_memberships_contains_paywalled_content":false,"_jetpack_memberships_contains_paid_content":false,"footnotes":"","jetpack_publicize_message":"","jetpack_publicize_feature_enabled":true,"jetpack_social_post_already_shared":true,"jetpack_social_options":{"image_generator_settings":{"template":"highway","default_image_id":0,"font":"","enabled":false},"version":2},"_wpas_customize_per_network":false},"categories":[5],"tags":[3714],"class_list":["post-45255","post","type-post","status-publish","format-standard","has-post-thumbnail","hentry","category-politica","tag-jose-cestai","generate-columns","tablet-grid-50","mobile-grid-100","grid-parent","grid-50"],"jetpack_publicize_connections":[],"jetpack_featured_media_url":"https:\/\/www.hoymercedes.com.ar\/principal\/wp-content\/uploads\/2015\/04\/jos\u00e9cestari.jpg","wps_subtitle":"Labor parlamentaria","jetpack_sharing_enabled":true,"_links":{"self":[{"href":"https:\/\/www.hoymercedes.com.ar\/principal\/wp-json\/wp\/v2\/posts\/45255","targetHints":{"allow":["GET"]}}],"collection":[{"href":"https:\/\/www.hoymercedes.com.ar\/principal\/wp-json\/wp\/v2\/posts"}],"about":[{"href":"https:\/\/www.hoymercedes.com.ar\/principal\/wp-json\/wp\/v2\/types\/post"}],"author":[{"embeddable":true,"href":"https:\/\/www.hoymercedes.com.ar\/principal\/wp-json\/wp\/v2\/users\/1"}],"replies":[{"embeddable":true,"href":"https:\/\/www.hoymercedes.com.ar\/principal\/wp-json\/wp\/v2\/comments?post=45255"}],"version-history":[{"count":0,"href":"https:\/\/www.hoymercedes.com.ar\/principal\/wp-json\/wp\/v2\/posts\/45255\/revisions"}],"wp:featuredmedia":[{"embeddable":true,"href":"https:\/\/www.hoymercedes.com.ar\/principal\/wp-json\/wp\/v2\/media\/40600"}],"wp:attachment":[{"href":"https:\/\/www.hoymercedes.com.ar\/principal\/wp-json\/wp\/v2\/media?parent=45255"}],"wp:term":[{"taxonomy":"category","embeddable":true,"href":"https:\/\/www.hoymercedes.com.ar\/principal\/wp-json\/wp\/v2\/categories?post=45255"},{"taxonomy":"post_tag","embeddable":true,"href":"https:\/\/www.hoymercedes.com.ar\/principal\/wp-json\/wp\/v2\/tags?post=45255"}],"curies":[{"name":"wp","href":"https:\/\/api.w.org\/{rel}","templated":true}]}}