{"id":4526,"date":"2011-05-26T21:01:11","date_gmt":"2011-05-26T21:01:11","guid":{"rendered":"http:\/\/www.hoymercedes.com.ar\/principal\/?p=4526"},"modified":"2011-05-26T21:01:11","modified_gmt":"2011-05-26T21:01:11","slug":"allanamientos-de-departamental-mercedes-dejan-varios-detenidos","status":"publish","type":"post","link":"https:\/\/www.hoymercedes.com.ar\/principal\/2011\/05\/26\/allanamientos-de-departamental-mercedes-dejan-varios-detenidos\/","title":{"rendered":"Allanamientos de Departamental Mercedes dejan varios detenidos"},"content":{"rendered":"<p>En la fecha en horas de la madrugada y a raiz de una minuciosa investigaci\u00f3n llevada adelante por el Dr Juan Bidone titular de la UFI Nro 1 del Departamento Judicial Mercedes, Fiscalia de Delito Complejos Mercedes, Personal del Ambito de la Superintendencia de Seguridad Zona Interior a cargo del Comisario General Sergio Gabriel Zudaire, Jefaturas Distritales de Lujan, San Andres de Giles, Navarro y Jefaturas de Policias comunales Mercedes, Suipacha, Chivilcoy y Alberti, DDI Mercedes, Grupo de Apoyo Departamental de Mercedes y Merlo, materializaron 31 ordenes de allanamientos en domicilios de las localidades de Merlo, Marcos Paz, Gral Las Heras y La Matanza.<\/p>\n<p>Se procedi\u00f3 a la aprehensi\u00f3n de 9 personas del sexo masculino y 1 femenina, los cuales serian autores de al menos 16 hechos delictivos en la zona rural de Lujan, Mercedes, Marcos Paz y aleda\u00f1as, logr\u00e1ndose secuestrar varias armas de fuego de grueso calibre, como as\u00ed variados art\u00edculos electrodom\u00e9sticos y herramientas que les fueron despojadas a las victimas.<\/p>\n<p>Estos individuos no serian ajenos a ilicitos perpetrados en esta Ciudad de Mercedes con fecha 14 del cte en zona rural y otras Localidades, como asi tambien del hecho ocurrido el 6 de Mayo en jurisdicci\u00f3n de la Comisar\u00eda de Lujan 2da, lugares estos a los que ingresaron a las viviendas portando armas de fuego y en forma violenta sustrajeron dinero en efectivo y electrodom\u00e9sticos.<\/p>\n<p>En consecuencia se prosigue la investigaci\u00f3n para determinar la posible participaci\u00f3n de los aprehendidos en otros hechos delictivos en cual se habria utilizado el mismo modus operandi.<\/p>\n<p><span style=\"color: #888888;\">Fuente: Departamental Mercedes<\/span><\/p>\n<p>&nbsp;<\/p>\n","protected":false},"excerpt":{"rendered":"<p>En la fecha en horas de la madrugada y a raiz de una minuciosa investigaci\u00f3n llevada adelante por el Dr &#8230; <a title=\"Allanamientos de Departamental Mercedes dejan varios detenidos\" class=\"read-more\" href=\"https:\/\/www.hoymercedes.com.ar\/principal\/2011\/05\/26\/allanamientos-de-departamental-mercedes-dejan-varios-detenidos\/\" aria-label=\"Leer m\u00e1s sobre Allanamientos de Departamental Mercedes dejan varios detenidos\">Leer m\u00e1s<\/a><\/p>\n","protected":false},"author":1,"featured_media":0,"comment_status":"open","ping_status":"open","sticky":false,"template":"","format":"standard","meta":{"_monsterinsights_skip_tracking":false,"_monsterinsights_sitenote_active":false,"_monsterinsights_sitenote_note":"","_monsterinsights_sitenote_category":0,"jetpack_post_was_ever_published":false,"_jetpack_newsletter_access":"","_jetpack_dont_email_post_to_subs":false,"_jetpack_newsletter_tier_id":0,"_jetpack_memberships_contains_paywalled_content":false,"_jetpack_memberships_contains_paid_content":false,"footnotes":"","jetpack_publicize_message":"","jetpack_publicize_feature_enabled":true,"jetpack_social_post_already_shared":false,"jetpack_social_options":{"image_generator_settings":{"template":"highway","default_image_id":0,"font":"","enabled":false},"version":2},"_wpas_customize_per_network":false},"categories":[5],"tags":[126],"class_list":["post-4526","post","type-post","status-publish","format-standard","hentry","category-politica","tag-policia-mercedes","generate-columns","tablet-grid-50","mobile-grid-100","grid-parent","grid-50"],"jetpack_publicize_connections":[],"jetpack_featured_media_url":"","wps_subtitle":"","jetpack_sharing_enabled":true,"_links":{"self":[{"href":"https:\/\/www.hoymercedes.com.ar\/principal\/wp-json\/wp\/v2\/posts\/4526","targetHints":{"allow":["GET"]}}],"collection":[{"href":"https:\/\/www.hoymercedes.com.ar\/principal\/wp-json\/wp\/v2\/posts"}],"about":[{"href":"https:\/\/www.hoymercedes.com.ar\/principal\/wp-json\/wp\/v2\/types\/post"}],"author":[{"embeddable":true,"href":"https:\/\/www.hoymercedes.com.ar\/principal\/wp-json\/wp\/v2\/users\/1"}],"replies":[{"embeddable":true,"href":"https:\/\/www.hoymercedes.com.ar\/principal\/wp-json\/wp\/v2\/comments?post=4526"}],"version-history":[{"count":0,"href":"https:\/\/www.hoymercedes.com.ar\/principal\/wp-json\/wp\/v2\/posts\/4526\/revisions"}],"wp:attachment":[{"href":"https:\/\/www.hoymercedes.com.ar\/principal\/wp-json\/wp\/v2\/media?parent=4526"}],"wp:term":[{"taxonomy":"category","embeddable":true,"href":"https:\/\/www.hoymercedes.com.ar\/principal\/wp-json\/wp\/v2\/categories?post=4526"},{"taxonomy":"post_tag","embeddable":true,"href":"https:\/\/www.hoymercedes.com.ar\/principal\/wp-json\/wp\/v2\/tags?post=4526"}],"curies":[{"name":"wp","href":"https:\/\/api.w.org\/{rel}","templated":true}]}}