{"id":453,"date":"2010-11-19T02:34:14","date_gmt":"2010-11-19T02:34:14","guid":{"rendered":"http:\/\/www.hoymercedes.com.ar\/principal\/?p=453"},"modified":"2010-11-19T02:34:14","modified_gmt":"2010-11-19T02:34:14","slug":"nueva-visita-a-mercedes-de-cfk-a-fin-de-mes","status":"publish","type":"post","link":"https:\/\/www.hoymercedes.com.ar\/principal\/2010\/11\/19\/nueva-visita-a-mercedes-de-cfk-a-fin-de-mes\/","title":{"rendered":"Nueva visita a Mercedes de CFK a fin de mes"},"content":{"rendered":"<figure id=\"attachment_154\" aria-describedby=\"caption-attachment-154\" style=\"width: 290px\" class=\"wp-caption alignleft\"><a href=\"https:\/\/www.hoymercedes.com.ar\/principal\/wp-content\/uploads\/2010\/11\/cfk.jpg\"><img loading=\"lazy\" decoding=\"async\" data-attachment-id=\"154\" data-permalink=\"https:\/\/www.hoymercedes.com.ar\/principal\/2010\/11\/10\/cristina-fernandez-estaria-en-mercedes-nuevamente-el-3-de-diciembre\/cfk\/#main\" data-orig-file=\"https:\/\/www.hoymercedes.com.ar\/principal\/wp-content\/uploads\/2010\/11\/cfk.jpg\" data-orig-size=\"720,574\" data-comments-opened=\"1\" data-image-meta=\"{&quot;aperture&quot;:&quot;0&quot;,&quot;credit&quot;:&quot;&quot;,&quot;camera&quot;:&quot;&quot;,&quot;caption&quot;:&quot;&quot;,&quot;created_timestamp&quot;:&quot;0&quot;,&quot;copyright&quot;:&quot;&quot;,&quot;focal_length&quot;:&quot;0&quot;,&quot;iso&quot;:&quot;0&quot;,&quot;shutter_speed&quot;:&quot;0&quot;,&quot;title&quot;:&quot;&quot;}\" data-image-title=\"cfk\" data-image-description=\"\" data-image-caption=\"\" data-large-file=\"https:\/\/www.hoymercedes.com.ar\/principal\/wp-content\/uploads\/2010\/11\/cfk.jpg\" class=\"size-medium wp-image-154\" title=\"cfk\" src=\"https:\/\/www.hoymercedes.com.ar\/principal\/wp-content\/uploads\/2010\/11\/cfk-300x239.jpg\" alt=\"\" width=\"300\" height=\"239\" srcset=\"https:\/\/www.hoymercedes.com.ar\/principal\/wp-content\/uploads\/2010\/11\/cfk-300x239.jpg 300w, https:\/\/www.hoymercedes.com.ar\/principal\/wp-content\/uploads\/2010\/11\/cfk.jpg 720w\" sizes=\"auto, (max-width: 300px) 100vw, 300px\" \/><\/a><figcaption id=\"caption-attachment-154\" class=\"wp-caption-text\">Cristina Fern\u00e1ndez en Mercedes - Foto: Alejandro Cabrejos<\/figcaption><\/figure>\n<p style=\"text-align: justify;\">La presidente de los argentinos, Cristina Fern\u00e1ndez de Kirchner estar\u00e1 por segunda vez en el a\u00f1o en nuestra ciudad el lunes 29 de este mes de acuerdo a un informe dado a conocer por el Secretario de Obras Publicas del municipio Ingeniero Gustavo Salomone.<\/p>\n<p style=\"text-align: justify;\">El funcionario municipal\u00a0 precis\u00f3 \u201cha quedado plenamente confirmada la visita de la se\u00f1ora Cristina Fern\u00e1ndez de Kirchner a nuestra ciudad para el d\u00eda 29 de este mes en lugar del 3 de diciembre como en un primer momento lleg\u00f3 a decirse. Se estima que estar\u00eda legando a la ciudad alrededor de las 17.00.<\/p>\n<p style=\"text-align: justify;\">Si bien las actividades que realizar\u00e1 est\u00e1n siendo preparadas por los responsables del \u00e1rea de trabajo\u00a0 de protocolo de la Presidencia de la Naci\u00f3n que como ya se sabe siempre que concurre a un lugar una persona de tal magnitud como es la m\u00e1xima autoridad pol\u00edtica del pa\u00eds, prefiere que se instale en un solo lugar haciendo en\u00a0 el mismo el acto m\u00e1s importante de su visita\u201d.<\/p>\n<p style=\"text-align: justify;\">M\u00e1s adelante Salomone agreg\u00f3\u00a0 \u201cpor tal motivo desde el municipio estamos tratando de ver la posibilidad que una parte de los actos se desarrollen en la Avenida 1 para dejar inaugurado el \u00faltimo tramo construido de lo que en definitiva es la Avenida de Circunvalaci\u00f3n y posteriormente se\u00a0 pueda efectuar el traslado hasta la Plaza de la Estaci\u00f3n para en dicho lugar concretar un acto mucho m\u00e1s abarcativo.<\/p>\n<p style=\"text-align: justify;\">Es el propio intendente Carlos Selva quien se encuentra personalmente llevando adelante dicha gesti\u00f3n, m\u00e1s all\u00e1 que en definitiva los que resuelven son los responsables del protocolo del gobierno nacional\u201d.<\/p>\n<p style=\"text-align: justify;\">Por otra parte Salomone manifest\u00f3\u00a0 \u201cnosotros estamos trabajando de manera muy intensa para poder llegar a tiempo con la instalaci\u00f3n de las nuevas barreras autom\u00e1ticas en el cruce de los dos ferrocarriles.<\/p>\n<p style=\"text-align: justify;\">En estos momentos se trabaja hasta los fines de semana, se encuentra la empresa Siemens\u00a0 que\u00a0 aport\u00f3 todo el equipamiento tecnol\u00f3gico de la barrera autom\u00e1tica, tambi\u00e9n una empresa de obras electromec\u00e1nicas de la localidad de Wilde que es la encargada de las obras civiles como las plataformas de hormig\u00f3n para los laberintos de los pasos peatonales , el amurado de todo el sistema de barrera, la construcci\u00f3n de dos casitas de comando una en cada ferrocarril\u00a0 y adem\u00e1s durante la jornada de hoy (por ayer) se comenz\u00f3 con otra dura pelea que debi\u00f3 mantener el Intendente, la concreci\u00f3n de lo que llamamos cama de rieles, esto es la colocaci\u00f3n entre las v\u00edas principales de rieles para que la doble mano\u00a0 de la avenida 1 se conserve mejor y no nos pase lo de las avenidas 17 y 29\u00a0 que permanentemente se rompen los sectores como dije entre las v\u00edas provocando que en muchos casos las v\u00eda queden practicamente descalzadas.<\/p>\n<p style=\"text-align: justify;\">Una vez que se preparen esas camas de v\u00edas,la semana pr\u00f3xima con la empresa Usimix le vamos a estar poniendo la carpeta asf\u00e1ltica con la cual pavimentaremos los pocos sectores\u00a0 que aun faltan cubrir.<\/p>\n<p style=\"text-align: justify;\">Todo est\u00e1 encaminado, siempre y cuando el tiempo nos acompa\u00f1e para que al finalizar la semana que viene estemos en condiciones de dejar habilitado la circulaci\u00f3n de todo tipo de veh\u00edculos en dicho sector de la Avenida 1y en definitiva si no se puede dar la inauguraci\u00f3n oficial el d\u00eda de la visita de la se\u00f1ora presidente veremos de que manera hacemos algo nosotros\u201d<\/p>\n<p style=\"text-align: justify;\">\n","protected":false},"excerpt":{"rendered":"<p>La presidente de los argentinos, Cristina Fern\u00e1ndez de Kirchner estar\u00e1 por segunda vez en el a\u00f1o en nuestra ciudad el &#8230; <a title=\"Nueva visita a Mercedes de CFK a fin de mes\" class=\"read-more\" href=\"https:\/\/www.hoymercedes.com.ar\/principal\/2010\/11\/19\/nueva-visita-a-mercedes-de-cfk-a-fin-de-mes\/\" aria-label=\"Leer m\u00e1s sobre Nueva visita a Mercedes de CFK a fin de mes\">Leer m\u00e1s<\/a><\/p>\n","protected":false},"author":1,"featured_media":0,"comment_status":"open","ping_status":"open","sticky":false,"template":"","format":"standard","meta":{"_monsterinsights_skip_tracking":false,"_monsterinsights_sitenote_active":false,"_monsterinsights_sitenote_note":"","_monsterinsights_sitenote_category":0,"jetpack_post_was_ever_published":false,"_jetpack_newsletter_access":"","_jetpack_dont_email_post_to_subs":false,"_jetpack_newsletter_tier_id":0,"_jetpack_memberships_contains_paywalled_content":false,"_jetpack_memberships_contains_paid_content":false,"footnotes":"","jetpack_publicize_message":"","jetpack_publicize_feature_enabled":true,"jetpack_social_post_already_shared":false,"jetpack_social_options":{"image_generator_settings":{"template":"highway","default_image_id":0,"font":"","enabled":false},"version":2},"_wpas_customize_per_network":false},"categories":[5],"tags":[110],"class_list":["post-453","post","type-post","status-publish","format-standard","hentry","category-politica","tag-cristina-fernandez-de-kirchner-en-mercedes","generate-columns","tablet-grid-50","mobile-grid-100","grid-parent","grid-50"],"jetpack_publicize_connections":[],"jetpack_featured_media_url":"","wps_subtitle":"","jetpack_sharing_enabled":true,"_links":{"self":[{"href":"https:\/\/www.hoymercedes.com.ar\/principal\/wp-json\/wp\/v2\/posts\/453","targetHints":{"allow":["GET"]}}],"collection":[{"href":"https:\/\/www.hoymercedes.com.ar\/principal\/wp-json\/wp\/v2\/posts"}],"about":[{"href":"https:\/\/www.hoymercedes.com.ar\/principal\/wp-json\/wp\/v2\/types\/post"}],"author":[{"embeddable":true,"href":"https:\/\/www.hoymercedes.com.ar\/principal\/wp-json\/wp\/v2\/users\/1"}],"replies":[{"embeddable":true,"href":"https:\/\/www.hoymercedes.com.ar\/principal\/wp-json\/wp\/v2\/comments?post=453"}],"version-history":[{"count":0,"href":"https:\/\/www.hoymercedes.com.ar\/principal\/wp-json\/wp\/v2\/posts\/453\/revisions"}],"wp:attachment":[{"href":"https:\/\/www.hoymercedes.com.ar\/principal\/wp-json\/wp\/v2\/media?parent=453"}],"wp:term":[{"taxonomy":"category","embeddable":true,"href":"https:\/\/www.hoymercedes.com.ar\/principal\/wp-json\/wp\/v2\/categories?post=453"},{"taxonomy":"post_tag","embeddable":true,"href":"https:\/\/www.hoymercedes.com.ar\/principal\/wp-json\/wp\/v2\/tags?post=453"}],"curies":[{"name":"wp","href":"https:\/\/api.w.org\/{rel}","templated":true}]}}