{"id":45370,"date":"2015-10-17T23:17:23","date_gmt":"2015-10-18T02:17:23","guid":{"rendered":"http:\/\/www.hoymercedes.com.ar\/principal\/?p=45370"},"modified":"2015-10-18T21:01:36","modified_gmt":"2015-10-19T00:01:36","slug":"lucas-fal-cerro-su-campana-ante-una-multitud-en-el-club-quilmes","status":"publish","type":"post","link":"https:\/\/www.hoymercedes.com.ar\/principal\/2015\/10\/17\/lucas-fal-cerro-su-campana-ante-una-multitud-en-el-club-quilmes\/","title":{"rendered":"Lucas Fal cerr\u00f3 su campa\u00f1a ante una multitud en el Club Quilmes"},"content":{"rendered":"<p><a href=\"https:\/\/www.hoymercedes.com.ar\/principal\/wp-content\/uploads\/2015\/10\/fal-cierredecampa\u00f1a-2015-1.jpg\"><img loading=\"lazy\" decoding=\"async\" data-attachment-id=\"45371\" data-permalink=\"https:\/\/www.hoymercedes.com.ar\/principal\/2015\/10\/17\/lucas-fal-cerro-su-campana-ante-una-multitud-en-el-club-quilmes\/fal-cierredecampana-2015-1\/#main\" data-orig-file=\"https:\/\/www.hoymercedes.com.ar\/principal\/wp-content\/uploads\/2015\/10\/fal-cierredecampa\u00f1a-2015-1.jpg\" data-orig-size=\"620,412\" data-comments-opened=\"1\" data-image-meta=\"{&quot;aperture&quot;:&quot;0&quot;,&quot;credit&quot;:&quot;&quot;,&quot;camera&quot;:&quot;&quot;,&quot;caption&quot;:&quot;&quot;,&quot;created_timestamp&quot;:&quot;0&quot;,&quot;copyright&quot;:&quot;&quot;,&quot;focal_length&quot;:&quot;0&quot;,&quot;iso&quot;:&quot;0&quot;,&quot;shutter_speed&quot;:&quot;0&quot;,&quot;title&quot;:&quot;&quot;,&quot;orientation&quot;:&quot;0&quot;}\" data-image-title=\"fal-cierredecampa\u00f1a-2015-1\" data-image-description=\"\" data-image-caption=\"\" data-large-file=\"https:\/\/www.hoymercedes.com.ar\/principal\/wp-content\/uploads\/2015\/10\/fal-cierredecampa\u00f1a-2015-1.jpg\" class=\"Img2014 aligncenter wp-image-45371 size-full\" src=\"https:\/\/www.hoymercedes.com.ar\/principal\/wp-content\/uploads\/2015\/10\/fal-cierredecampa\u00f1a-2015-1.jpg\" alt=\"fal-cierredecampa\u00f1a-2015-1\" width=\"620\" height=\"412\" srcset=\"https:\/\/www.hoymercedes.com.ar\/principal\/wp-content\/uploads\/2015\/10\/fal-cierredecampa\u00f1a-2015-1.jpg 620w, https:\/\/www.hoymercedes.com.ar\/principal\/wp-content\/uploads\/2015\/10\/fal-cierredecampa\u00f1a-2015-1-150x100.jpg 150w, https:\/\/www.hoymercedes.com.ar\/principal\/wp-content\/uploads\/2015\/10\/fal-cierredecampa\u00f1a-2015-1-290x193.jpg 290w, https:\/\/www.hoymercedes.com.ar\/principal\/wp-content\/uploads\/2015\/10\/fal-cierredecampa\u00f1a-2015-1-50x33.jpg 50w\" sizes=\"auto, (max-width: 620px) 100vw, 620px\" \/><\/a><\/p>\n<p><em><strong>El viernes por la noche en el Club Quilmes el candidato del Frente Cambiemos, Lucas Fal, cerr\u00f3 su campa\u00f1a a intendente bajo un marco de p\u00fablico destacable que logr\u00f3 reunir a distintos sectores del espacio en el que se emergi\u00f3 tras ganar la interna de las \u00faltimas PASO.<\/strong><\/em><\/p>\n<p>Juventud, globos, iluminaci\u00f3n, humo de la parrilla, sonido, todos los condimentos estuvieron en la noche en que Lucas Fal areng\u00f3 a los presentes para el \u00faltimo empuj\u00f3n con miras a las elecciones del pr\u00f3ximo 25 que lo tiene como un gran protagonista.<\/p>\n<p>Una cancha de b\u00e1squet repleta fue la escena que ve\u00eda Lucas Fal desde el escenario cada vez que emit\u00eda una palaba. Estuvo acompa\u00f1ado no s\u00f3lo por los integrantes de su lista, sino, tambi\u00e9n, por algunos de los que podr\u00edan eventualmente componer su gabinete en caso de erigirse como intendente.<\/p>\n<p>Oscar Albini y Ana Darritchon, primeros en la lista de Concejal y Consejero Escolar tambi\u00e9n tomaron la palabra mientras que la conducci\u00f3n recay\u00f3 sobre Esteban Biagini, Presidente de la Juventud de la UCR.<\/p>\n<p><a href=\"https:\/\/www.hoymercedes.com.ar\/principal\/wp-content\/uploads\/2015\/10\/fal-cierredecampa\u00f1a-2015-3.jpg\"><img loading=\"lazy\" decoding=\"async\" data-attachment-id=\"45373\" data-permalink=\"https:\/\/www.hoymercedes.com.ar\/principal\/2015\/10\/17\/lucas-fal-cerro-su-campana-ante-una-multitud-en-el-club-quilmes\/fal-cierredecampana-2015-3\/#main\" data-orig-file=\"https:\/\/www.hoymercedes.com.ar\/principal\/wp-content\/uploads\/2015\/10\/fal-cierredecampa\u00f1a-2015-3.jpg\" data-orig-size=\"620,412\" data-comments-opened=\"1\" data-image-meta=\"{&quot;aperture&quot;:&quot;0&quot;,&quot;credit&quot;:&quot;&quot;,&quot;camera&quot;:&quot;&quot;,&quot;caption&quot;:&quot;&quot;,&quot;created_timestamp&quot;:&quot;0&quot;,&quot;copyright&quot;:&quot;&quot;,&quot;focal_length&quot;:&quot;0&quot;,&quot;iso&quot;:&quot;0&quot;,&quot;shutter_speed&quot;:&quot;0&quot;,&quot;title&quot;:&quot;&quot;,&quot;orientation&quot;:&quot;0&quot;}\" data-image-title=\"fal-cierredecampa\u00f1a-2015-3\" data-image-description=\"\" data-image-caption=\"\" data-large-file=\"https:\/\/www.hoymercedes.com.ar\/principal\/wp-content\/uploads\/2015\/10\/fal-cierredecampa\u00f1a-2015-3.jpg\" class=\"Img2014 aligncenter wp-image-45373 size-full\" title=\"Lucas Fal, cierre de campa\u00f1a, acto Fal club quilmes\" src=\"https:\/\/www.hoymercedes.com.ar\/principal\/wp-content\/uploads\/2015\/10\/fal-cierredecampa\u00f1a-2015-3.jpg\" alt=\"fal-cierredecampa\u00f1a-2015-3\" width=\"620\" height=\"412\" srcset=\"https:\/\/www.hoymercedes.com.ar\/principal\/wp-content\/uploads\/2015\/10\/fal-cierredecampa\u00f1a-2015-3.jpg 620w, https:\/\/www.hoymercedes.com.ar\/principal\/wp-content\/uploads\/2015\/10\/fal-cierredecampa\u00f1a-2015-3-150x100.jpg 150w, https:\/\/www.hoymercedes.com.ar\/principal\/wp-content\/uploads\/2015\/10\/fal-cierredecampa\u00f1a-2015-3-290x193.jpg 290w, https:\/\/www.hoymercedes.com.ar\/principal\/wp-content\/uploads\/2015\/10\/fal-cierredecampa\u00f1a-2015-3-50x33.jpg 50w\" sizes=\"auto, (max-width: 620px) 100vw, 620px\" \/><\/a><\/p>\n<p>\u201cEl cambio es posible\u201d, les dec\u00eda a los presentes el primer candidato a Concejal y \u201chagamos el esfuerzo que nos queda. Son nuestros recursos las manos\u201d afirmaba y areng\u00f3: \u201cles pido que se multipliquen, que entreguen la boleta y que los vecinos la pidan as\u00ed van con la suya\u201d sosten\u00eda Albini.<\/p>\n<p>Por su parte Lucas Fal remarc\u00f3 que todo fue con pocos recursos, con un \u00fanico folleto y que deben estar todos orgullosos porque \u201csi hay algo que gastamos fue la suela de nuestros zapatos caminando cada barrio de Mercedes\u201d.<\/p>\n<p>Tuvo un momento para pedir el voto de todos y remarc\u00f3 que muchos peronistas lo acompa\u00f1ar\u00e1n, porque \u201cnosotros tambi\u00e9n queremos la justicia social para nuestro pueblo. Y el Estado debe garantizarla para que pueda hacer la diferencia y acortar la distancia entre los que m\u00e1s tienen y los que menos tienen\u201d, sosten\u00eda<\/p>\n<p>En cuanto a la presidencial coment\u00f3 que el pr\u00f3ximo \u201c25 no vamos a elegir presidente, lo que haremos es garantizar el balotaje\u201d destacando que \u201cVan a ganar Macri y Vidal\u201d y que \u201cHan gastado plata y no se les cae una idea para hacer en su pueblo\u201d en referencia al Frente para la Victoria.<\/p>\n<p>\u201cTuvimos los mercedinos cuatro a\u00f1os de pelea, ahora parece que son amigos. Se prestan la Trocha entre ellos un ratito\u201d comentaba en relaci\u00f3n a los v\u00ednculos entre el intendente Selva y el espacio de Ustarroz para decir luego que: \u201ctenemos miedo que se quieran prestar el municipio entre ellos pero no los vamos a dejar\u201d sostuvo disparando contra sus contrincantes.<\/p>\n<p>Juan Carlos Ben\u00edtez y Jorge Pirotta, parte de la interna de las PASO dieron su acompa\u00f1amiento a Lucas Fal en lo que fue su acto de cierre de la campa\u00f1a que lo tuvo como uno de los m\u00e1ximos protagonistas ante cientos de mercedinos que lo aplaud\u00edan de pie.<\/p>\n","protected":false},"excerpt":{"rendered":"<p>El viernes por la noche en el Club Quilmes el candidato del Frente Cambiemos, Lucas Fal, cerr\u00f3 su campa\u00f1a a &#8230; <a title=\"Lucas Fal cerr\u00f3 su campa\u00f1a ante una multitud en el Club Quilmes\" class=\"read-more\" href=\"https:\/\/www.hoymercedes.com.ar\/principal\/2015\/10\/17\/lucas-fal-cerro-su-campana-ante-una-multitud-en-el-club-quilmes\/\" aria-label=\"Leer m\u00e1s sobre Lucas Fal cerr\u00f3 su campa\u00f1a ante una multitud en el Club Quilmes\">Leer m\u00e1s<\/a><\/p>\n","protected":false},"author":1,"featured_media":45371,"comment_status":"open","ping_status":"open","sticky":false,"template":"","format":"standard","meta":{"_monsterinsights_skip_tracking":false,"_monsterinsights_sitenote_active":false,"_monsterinsights_sitenote_note":"","_monsterinsights_sitenote_category":0,"jetpack_post_was_ever_published":false,"_jetpack_newsletter_access":"","_jetpack_dont_email_post_to_subs":false,"_jetpack_newsletter_tier_id":0,"_jetpack_memberships_contains_paywalled_content":false,"_jetpack_memberships_contains_paid_content":false,"footnotes":"","jetpack_publicize_message":"","jetpack_publicize_feature_enabled":true,"jetpack_social_post_already_shared":true,"jetpack_social_options":{"image_generator_settings":{"template":"highway","default_image_id":0,"font":"","enabled":false},"version":2},"_wpas_customize_per_network":false},"categories":[5],"tags":[8075,8074,2008],"class_list":["post-45370","post","type-post","status-publish","format-standard","has-post-thumbnail","hentry","category-politica","tag-acto-fal-club-quilmes","tag-cierre-de-campana","tag-lucas-fal","generate-columns","tablet-grid-50","mobile-grid-100","grid-parent","grid-50"],"jetpack_publicize_connections":[],"jetpack_featured_media_url":"https:\/\/www.hoymercedes.com.ar\/principal\/wp-content\/uploads\/2015\/10\/fal-cierredecampa\u00f1a-2015-1.jpg","wps_subtitle":"Elecciones 2015","jetpack_sharing_enabled":true,"jetpack-related-posts":[{"id":109998,"url":"https:\/\/www.hoymercedes.com.ar\/principal\/2020\/04\/29\/ingenieros-recuerdan-a-lucas-fal\/","url_meta":{"origin":45370,"position":0},"title":"Ingenieros recuerdan a Lucas Fal","author":"hoymercedes","date":"29 abril, 2020","format":false,"excerpt":"El Centro de Ingenieros de Mercedes recuerda al Bioingeniero Lucas Fal, fallecido hace cuatro a\u00f1os, meses despu\u00e9s de haber sido candidato a Intendente de la ciudad. Compartimos el recuerdo: Ingeniero Lucas FALEl Centro de Ingenieros de Mercedes ha fijado en su memoria, los d\u00edas 29 de abril, como una fecha\u00a0\u2026","rel":"","context":"En \u00abSociedad\u00bb","block_context":{"text":"Sociedad","link":"https:\/\/www.hoymercedes.com.ar\/principal\/category\/sociedad\/"},"img":{"alt_text":"","src":"https:\/\/i0.wp.com\/www.hoymercedes.com.ar\/principal\/wp-content\/uploads\/2015\/10\/LucasFal-Cambiemos.jpg?resize=350%2C200&ssl=1","width":350,"height":200,"srcset":"https:\/\/i0.wp.com\/www.hoymercedes.com.ar\/principal\/wp-content\/uploads\/2015\/10\/LucasFal-Cambiemos.jpg?resize=350%2C200&ssl=1 1x, https:\/\/i0.wp.com\/www.hoymercedes.com.ar\/principal\/wp-content\/uploads\/2015\/10\/LucasFal-Cambiemos.jpg?resize=525%2C300&ssl=1 1.5x"},"classes":[]},{"id":128866,"url":"https:\/\/www.hoymercedes.com.ar\/principal\/2021\/04\/25\/el-centro-de-ingenieros-recuerda-a-lucas-fal\/","url_meta":{"origin":45370,"position":1},"title":"El Centro de Ingenieros recuerda a Lucas Fal","author":"hoymercedes","date":"25 abril, 2021","format":false,"excerpt":"El venidero 29 de abril se cumplen cinco a\u00f1os del fallecimiento del Ingeniero Lucas Fal. Desde el Centro de Ingenieros de Mercedes hicieron p\u00fablico un recuerdo que resalta \"el amor a la familia\", su \"capacidad profesional\" y su \"enorme vocaci\u00f3n de servicio\". Cabe recordar que Lucas Fal falleci\u00f3 en abril\u2026","rel":"","context":"En \u00abSociedad\u00bb","block_context":{"text":"Sociedad","link":"https:\/\/www.hoymercedes.com.ar\/principal\/category\/sociedad\/"},"img":{"alt_text":"","src":"https:\/\/i0.wp.com\/www.hoymercedes.com.ar\/principal\/wp-content\/uploads\/2016\/04\/LucasFal.jpg?resize=350%2C200&ssl=1","width":350,"height":200,"srcset":"https:\/\/i0.wp.com\/www.hoymercedes.com.ar\/principal\/wp-content\/uploads\/2016\/04\/LucasFal.jpg?resize=350%2C200&ssl=1 1x, https:\/\/i0.wp.com\/www.hoymercedes.com.ar\/principal\/wp-content\/uploads\/2016\/04\/LucasFal.jpg?resize=525%2C300&ssl=1 1.5x"},"classes":[]},{"id":170469,"url":"https:\/\/www.hoymercedes.com.ar\/principal\/2023\/12\/09\/calle-y-paseo-en-homenaje-a-lucas-fal\/","url_meta":{"origin":45370,"position":2},"title":"Calle y paseo en homenaje a Lucas Fal","author":"hoymercedes","date":"9 diciembre, 2023","format":false,"excerpt":"Durante la ma\u00f1ana de este s\u00e1bado 9 de diciembre, a pocas horas de celebrarse los 40 a\u00f1os de Democracia ininterrumpida en Argentina, en la plaza que est\u00e1 entre las principales estaciones de trenes y que se conoce como Paseo de la Juventud se oficializ\u00f3 la imposici\u00f3n de nombre a la\u2026","rel":"","context":"En \u00abSociedad\u00bb","block_context":{"text":"Sociedad","link":"https:\/\/www.hoymercedes.com.ar\/principal\/category\/sociedad\/"},"img":{"alt_text":"","src":"https:\/\/i0.wp.com\/www.hoymercedes.com.ar\/principal\/wp-content\/uploads\/2023\/12\/pasaje-lucas-fal-1.jpg?resize=350%2C200&ssl=1","width":350,"height":200,"srcset":"https:\/\/i0.wp.com\/www.hoymercedes.com.ar\/principal\/wp-content\/uploads\/2023\/12\/pasaje-lucas-fal-1.jpg?resize=350%2C200&ssl=1 1x, https:\/\/i0.wp.com\/www.hoymercedes.com.ar\/principal\/wp-content\/uploads\/2023\/12\/pasaje-lucas-fal-1.jpg?resize=525%2C300&ssl=1 1.5x, https:\/\/i0.wp.com\/www.hoymercedes.com.ar\/principal\/wp-content\/uploads\/2023\/12\/pasaje-lucas-fal-1.jpg?resize=700%2C400&ssl=1 2x"},"classes":[]},{"id":129178,"url":"https:\/\/www.hoymercedes.com.ar\/principal\/2021\/04\/29\/la-jr-recuerda-a-lucas-fal-a-5-anos-de-su-fallecimiento\/","url_meta":{"origin":45370,"position":3},"title":"La JR recuerda a Lucas Fal a 5 a\u00f1os de su fallecimiento","author":"hoymercedes","date":"29 abril, 2021","format":false,"excerpt":"Desde la Juventud Radical de Mercedes recordaron al dirigente radical Lucas Fal que falleci\u00f3 hace 5 a\u00f1os. Como gu\u00eda de la l\u00ednea juvenil, evocan al referente pol\u00edtico con las palabras que los inst\u00f3 a seguir en la militancia de la UCR. \"Nuestro recuerdo a Lucas, quien supo ser gu\u00eda y\u2026","rel":"","context":"En \u00abPol\u00edtica\u00bb","block_context":{"text":"Pol\u00edtica","link":"https:\/\/www.hoymercedes.com.ar\/principal\/category\/politica\/"},"img":{"alt_text":"","src":"https:\/\/i0.wp.com\/www.hoymercedes.com.ar\/principal\/wp-content\/uploads\/2021\/04\/29-lucas-fal-JR.jpeg?resize=350%2C200&ssl=1","width":350,"height":200,"srcset":"https:\/\/i0.wp.com\/www.hoymercedes.com.ar\/principal\/wp-content\/uploads\/2021\/04\/29-lucas-fal-JR.jpeg?resize=350%2C200&ssl=1 1x, https:\/\/i0.wp.com\/www.hoymercedes.com.ar\/principal\/wp-content\/uploads\/2021\/04\/29-lucas-fal-JR.jpeg?resize=525%2C300&ssl=1 1.5x, https:\/\/i0.wp.com\/www.hoymercedes.com.ar\/principal\/wp-content\/uploads\/2021\/04\/29-lucas-fal-JR.jpeg?resize=700%2C400&ssl=1 2x, https:\/\/i0.wp.com\/www.hoymercedes.com.ar\/principal\/wp-content\/uploads\/2021\/04\/29-lucas-fal-JR.jpeg?resize=1050%2C600&ssl=1 3x"},"classes":[]},{"id":43335,"url":"https:\/\/www.hoymercedes.com.ar\/principal\/2015\/07\/25\/lucas-fal-realizo-acto-en-el-quilmes-con-importante-participacion-y-apoyo\/","url_meta":{"origin":45370,"position":4},"title":"Lucas Fal realiz\u00f3 acto en el Quilmes con importante participaci\u00f3n y apoyo","author":"hoymercedes","date":"25 julio, 2015","format":false,"excerpt":"El candidato a Intendente del frente cambiemos, presento sus ideas de gobierno de cara a las pr\u00f3ximas elecciones, se dieron cita casi mil vecinos. \u201ctengan la certeza que si ganamos el 9 de agosto\u00a0 se le cae los pantalones los chicos de la campora,\u00a0 porque le vamos a ganar las\u2026","rel":"","context":"En \u00abPol\u00edtica\u00bb","block_context":{"text":"Pol\u00edtica","link":"https:\/\/www.hoymercedes.com.ar\/principal\/category\/politica\/"},"img":{"alt_text":"","src":"https:\/\/i0.wp.com\/www.hoymercedes.com.ar\/principal\/wp-content\/uploads\/2015\/07\/acto-fal.jpg?resize=350%2C200&ssl=1","width":350,"height":200,"srcset":"https:\/\/i0.wp.com\/www.hoymercedes.com.ar\/principal\/wp-content\/uploads\/2015\/07\/acto-fal.jpg?resize=350%2C200&ssl=1 1x, https:\/\/i0.wp.com\/www.hoymercedes.com.ar\/principal\/wp-content\/uploads\/2015\/07\/acto-fal.jpg?resize=525%2C300&ssl=1 1.5x"},"classes":[]},{"id":43318,"url":"https:\/\/www.hoymercedes.com.ar\/principal\/2015\/07\/23\/la-juventud-radical-continua-trabajando-para-que-fal-sea-el-proximo-intendente\/","url_meta":{"origin":45370,"position":5},"title":"La Juventud Radical contin\u00faa trabajando para que Fal sea el pr\u00f3ximo Intendente","author":"hoymercedes","date":"23 julio, 2015","format":false,"excerpt":"Lo remarco su presidente, Esteban Biagini, quien integra la lista de candidatos a concejeros escolares en segundo t\u00e9rmino, adem\u00e1s trabajan para la realizaci\u00f3n del acto del pr\u00f3ximo viernes 24 en el Club Quilmes, donde el candidato presentara sus ideas de gobierno. Biagini manifest\u00f3 que \u201cvenimos trabajando desde hace ya un\u2026","rel":"","context":"En \u00abPol\u00edtica\u00bb","block_context":{"text":"Pol\u00edtica","link":"https:\/\/www.hoymercedes.com.ar\/principal\/category\/politica\/"},"img":{"alt_text":"","src":"https:\/\/i0.wp.com\/www.hoymercedes.com.ar\/principal\/wp-content\/uploads\/2015\/07\/juventud-radical.jpg?resize=350%2C200&ssl=1","width":350,"height":200,"srcset":"https:\/\/i0.wp.com\/www.hoymercedes.com.ar\/principal\/wp-content\/uploads\/2015\/07\/juventud-radical.jpg?resize=350%2C200&ssl=1 1x, https:\/\/i0.wp.com\/www.hoymercedes.com.ar\/principal\/wp-content\/uploads\/2015\/07\/juventud-radical.jpg?resize=525%2C300&ssl=1 1.5x"},"classes":[]}],"_links":{"self":[{"href":"https:\/\/www.hoymercedes.com.ar\/principal\/wp-json\/wp\/v2\/posts\/45370","targetHints":{"allow":["GET"]}}],"collection":[{"href":"https:\/\/www.hoymercedes.com.ar\/principal\/wp-json\/wp\/v2\/posts"}],"about":[{"href":"https:\/\/www.hoymercedes.com.ar\/principal\/wp-json\/wp\/v2\/types\/post"}],"author":[{"embeddable":true,"href":"https:\/\/www.hoymercedes.com.ar\/principal\/wp-json\/wp\/v2\/users\/1"}],"replies":[{"embeddable":true,"href":"https:\/\/www.hoymercedes.com.ar\/principal\/wp-json\/wp\/v2\/comments?post=45370"}],"version-history":[{"count":0,"href":"https:\/\/www.hoymercedes.com.ar\/principal\/wp-json\/wp\/v2\/posts\/45370\/revisions"}],"wp:featuredmedia":[{"embeddable":true,"href":"https:\/\/www.hoymercedes.com.ar\/principal\/wp-json\/wp\/v2\/media\/45371"}],"wp:attachment":[{"href":"https:\/\/www.hoymercedes.com.ar\/principal\/wp-json\/wp\/v2\/media?parent=45370"}],"wp:term":[{"taxonomy":"category","embeddable":true,"href":"https:\/\/www.hoymercedes.com.ar\/principal\/wp-json\/wp\/v2\/categories?post=45370"},{"taxonomy":"post_tag","embeddable":true,"href":"https:\/\/www.hoymercedes.com.ar\/principal\/wp-json\/wp\/v2\/tags?post=45370"}],"curies":[{"name":"wp","href":"https:\/\/api.w.org\/{rel}","templated":true}]}}