{"id":4538,"date":"2011-05-27T15:19:19","date_gmt":"2011-05-27T15:19:19","guid":{"rendered":"http:\/\/www.hoymercedes.com.ar\/principal\/?p=4538"},"modified":"2011-05-27T15:26:24","modified_gmt":"2011-05-27T15:26:24","slug":"unidad-y-lealtad-celebro-el-cumpleanos-patrio","status":"publish","type":"post","link":"https:\/\/www.hoymercedes.com.ar\/principal\/2011\/05\/27\/unidad-y-lealtad-celebro-el-cumpleanos-patrio\/","title":{"rendered":"\u00abUnidad y Lealtad\u00bb celebr\u00f3 el cumplea\u00f1os patrio"},"content":{"rendered":"<p>En adhesi\u00f3n al doscientos un aniversario de la Revoluci\u00f3n de Mayo, la Agrupaci\u00f3n Justicialista \u00abUnidad y Lealtad\u00bb, junto a la rama juvenil enrolada bajo el r\u00f3tulo de \u00abHerederos de Per\u00f3n\u00bb, en la noche del martes 24 participaron de una abundosa cena de empanadas y locro servida en instalaciones del Club Belgrano.<\/p>\n<p><a href=\"https:\/\/www.hoymercedes.com.ar\/principal\/wp-content\/uploads\/2011\/05\/locrouyl008.jpg\"><img loading=\"lazy\" decoding=\"async\" data-attachment-id=\"4549\" data-permalink=\"https:\/\/www.hoymercedes.com.ar\/principal\/2011\/05\/27\/unidad-y-lealtad-celebro-el-cumpleanos-patrio\/attachment\/4549\/#main\" data-orig-file=\"https:\/\/www.hoymercedes.com.ar\/principal\/wp-content\/uploads\/2011\/05\/locrouyl008.jpg\" data-orig-size=\"600,450\" data-comments-opened=\"1\" data-image-meta=\"{&quot;aperture&quot;:&quot;3.2&quot;,&quot;credit&quot;:&quot;&quot;,&quot;camera&quot;:&quot;SAMSUNG ES15 \/ VLUU ES15 \/ SAMSUNG SL30&quot;,&quot;caption&quot;:&quot;&quot;,&quot;created_timestamp&quot;:&quot;1306277662&quot;,&quot;copyright&quot;:&quot;COPYRIGHT, 2009&quot;,&quot;focal_length&quot;:&quot;6.3&quot;,&quot;iso&quot;:&quot;200&quot;,&quot;shutter_speed&quot;:&quot;0.022222222222222&quot;,&quot;title&quot;:&quot;&lt;SAMSUNG DIGITAL CAMERA&gt;&quot;}\" data-image-title=\"Unidad y Lealtad\" data-image-description=\"\" data-image-caption=\"\" data-large-file=\"https:\/\/www.hoymercedes.com.ar\/principal\/wp-content\/uploads\/2011\/05\/locrouyl008.jpg\" class=\"aligncenter size-full wp-image-4549\" title=\"Unidad y Lealtad\" src=\"https:\/\/www.hoymercedes.com.ar\/principal\/wp-content\/uploads\/2011\/05\/locrouyl008.jpg\" alt=\"\" width=\"600\" height=\"450\" \/><\/a><\/p>\n<p>Pese a la lluvia que se adue\u00f1\u00f3 del atardecer y la noche, la sede social de calle 31 entre 32 y 34 estuvo totalmente colmada y engalanada con los colores identificatorios del ser nacional.<\/p>\n<p><a href=\"https:\/\/www.hoymercedes.com.ar\/principal\/wp-content\/uploads\/2011\/05\/locrouyl007.jpg\"><img loading=\"lazy\" decoding=\"async\" data-attachment-id=\"4549\" data-permalink=\"https:\/\/www.hoymercedes.com.ar\/principal\/2011\/05\/27\/unidad-y-lealtad-celebro-el-cumpleanos-patrio\/attachment\/4549\/#main\" data-orig-file=\"https:\/\/www.hoymercedes.com.ar\/principal\/wp-content\/uploads\/2011\/05\/locrouyl008.jpg\" data-orig-size=\"600,450\" data-comments-opened=\"1\" data-image-meta=\"{&quot;aperture&quot;:&quot;3.2&quot;,&quot;credit&quot;:&quot;&quot;,&quot;camera&quot;:&quot;SAMSUNG ES15 \/ VLUU ES15 \/ SAMSUNG SL30&quot;,&quot;caption&quot;:&quot;&quot;,&quot;created_timestamp&quot;:&quot;1306277662&quot;,&quot;copyright&quot;:&quot;COPYRIGHT, 2009&quot;,&quot;focal_length&quot;:&quot;6.3&quot;,&quot;iso&quot;:&quot;200&quot;,&quot;shutter_speed&quot;:&quot;0.022222222222222&quot;,&quot;title&quot;:&quot;&lt;SAMSUNG DIGITAL CAMERA&gt;&quot;}\" data-image-title=\"Unidad y Lealtad\" data-image-description=\"\" data-image-caption=\"\" data-large-file=\"https:\/\/www.hoymercedes.com.ar\/principal\/wp-content\/uploads\/2011\/05\/locrouyl008.jpg\" class=\"aligncenter size-full wp-image-4549\" title=\"Unidad y Lealtad\" src=\"https:\/\/www.hoymercedes.com.ar\/principal\/wp-content\/uploads\/2011\/05\/locrouyl007.jpg\" alt=\"\" width=\"600\" height=\"450\" \/><\/a><\/p>\n<p>A la hora del postre us\u00f3 de la palabra Alejandro Francisco Molle quien muy brevemente se\u00f1al\u00f3  el significado del acontecimiento conmemorativo y, adem\u00e1s, puso de relieve algunos aspectos de las tareas de campa\u00f1a en favor de Juan Carlos Benitez, figura de la cual adhieren los mercedinos nucleados en el local de calle 27 entre 28 y 30.<\/p>\n<p><a href=\"https:\/\/www.hoymercedes.com.ar\/principal\/wp-content\/uploads\/2011\/05\/locrouyl006.jpg\"><img loading=\"lazy\" decoding=\"async\" data-attachment-id=\"4549\" data-permalink=\"https:\/\/www.hoymercedes.com.ar\/principal\/2011\/05\/27\/unidad-y-lealtad-celebro-el-cumpleanos-patrio\/attachment\/4549\/#main\" data-orig-file=\"https:\/\/www.hoymercedes.com.ar\/principal\/wp-content\/uploads\/2011\/05\/locrouyl008.jpg\" data-orig-size=\"600,450\" data-comments-opened=\"1\" data-image-meta=\"{&quot;aperture&quot;:&quot;3.2&quot;,&quot;credit&quot;:&quot;&quot;,&quot;camera&quot;:&quot;SAMSUNG ES15 \/ VLUU ES15 \/ SAMSUNG SL30&quot;,&quot;caption&quot;:&quot;&quot;,&quot;created_timestamp&quot;:&quot;1306277662&quot;,&quot;copyright&quot;:&quot;COPYRIGHT, 2009&quot;,&quot;focal_length&quot;:&quot;6.3&quot;,&quot;iso&quot;:&quot;200&quot;,&quot;shutter_speed&quot;:&quot;0.022222222222222&quot;,&quot;title&quot;:&quot;&lt;SAMSUNG DIGITAL CAMERA&gt;&quot;}\" data-image-title=\"Unidad y Lealtad\" data-image-description=\"\" data-image-caption=\"\" data-large-file=\"https:\/\/www.hoymercedes.com.ar\/principal\/wp-content\/uploads\/2011\/05\/locrouyl008.jpg\" class=\"aligncenter size-full wp-image-4549\" title=\"Unidad y Lealtad\" src=\"https:\/\/www.hoymercedes.com.ar\/principal\/wp-content\/uploads\/2011\/05\/locrouyl006.jpg\" alt=\"\" width=\"600\" height=\"450\" \/><\/a><\/p>\n<p>Luego, el candidato a Intendente municipal, Juan Carlos Benitez, explic\u00f3 \u2013en l\u00edneas generales \u2013 algunos de los proyectos que habr\u00e1n de impulsar en el gobierno comunal, haciendo hincapi\u00e9 en dos cruciales ejes: la promoci\u00f3n de mayores fuentes de trabajo y viviendas, porque ambos son indisolubles para el bienestar de toda familia. Benitez puso, tambi\u00e9n, especial \u00e9nfasis en el compromiso de incrementar nuevos establecimientos educativos y maternales en zonas densamente pobladas. Asimismo exhort\u00f3 a ser part\u00edcipes de una campa\u00f1a  sin agravios de \u00edndole personal, sino fundada en la difusi\u00f3n de las propuestas elaboradas en base a los propios aportes recibidos del vecindario y luego tomados por los equipos t\u00e9cnicos que los asisten.<\/p>\n<p><a href=\"https:\/\/www.hoymercedes.com.ar\/principal\/wp-content\/uploads\/2011\/05\/locrouyl005.jpg\"><img loading=\"lazy\" decoding=\"async\" data-attachment-id=\"4549\" data-permalink=\"https:\/\/www.hoymercedes.com.ar\/principal\/2011\/05\/27\/unidad-y-lealtad-celebro-el-cumpleanos-patrio\/attachment\/4549\/#main\" data-orig-file=\"https:\/\/www.hoymercedes.com.ar\/principal\/wp-content\/uploads\/2011\/05\/locrouyl008.jpg\" data-orig-size=\"600,450\" data-comments-opened=\"1\" data-image-meta=\"{&quot;aperture&quot;:&quot;3.2&quot;,&quot;credit&quot;:&quot;&quot;,&quot;camera&quot;:&quot;SAMSUNG ES15 \/ VLUU ES15 \/ SAMSUNG SL30&quot;,&quot;caption&quot;:&quot;&quot;,&quot;created_timestamp&quot;:&quot;1306277662&quot;,&quot;copyright&quot;:&quot;COPYRIGHT, 2009&quot;,&quot;focal_length&quot;:&quot;6.3&quot;,&quot;iso&quot;:&quot;200&quot;,&quot;shutter_speed&quot;:&quot;0.022222222222222&quot;,&quot;title&quot;:&quot;&lt;SAMSUNG DIGITAL CAMERA&gt;&quot;}\" data-image-title=\"Unidad y Lealtad\" data-image-description=\"\" data-image-caption=\"\" data-large-file=\"https:\/\/www.hoymercedes.com.ar\/principal\/wp-content\/uploads\/2011\/05\/locrouyl008.jpg\" class=\"aligncenter size-full wp-image-4549\" title=\"Unidad y Lealtad\" src=\"https:\/\/www.hoymercedes.com.ar\/principal\/wp-content\/uploads\/2011\/05\/locrouyl005.jpg\" alt=\"\" width=\"600\" height=\"450\" \/><\/a><\/p>\n<p>A la hora cero del 25 los concurrentes entonaron el Himno Nacional Argentino y m\u00e1s tarde se dedicaron a bailar como ya es habitual en los acontecimientos sociales que promueven.<\/p>\n<p><a href=\"https:\/\/www.hoymercedes.com.ar\/principal\/wp-content\/uploads\/2011\/05\/locrouyl004.jpg\"><img loading=\"lazy\" decoding=\"async\" data-attachment-id=\"4549\" data-permalink=\"https:\/\/www.hoymercedes.com.ar\/principal\/2011\/05\/27\/unidad-y-lealtad-celebro-el-cumpleanos-patrio\/attachment\/4549\/#main\" data-orig-file=\"https:\/\/www.hoymercedes.com.ar\/principal\/wp-content\/uploads\/2011\/05\/locrouyl008.jpg\" data-orig-size=\"600,450\" data-comments-opened=\"1\" data-image-meta=\"{&quot;aperture&quot;:&quot;3.2&quot;,&quot;credit&quot;:&quot;&quot;,&quot;camera&quot;:&quot;SAMSUNG ES15 \/ VLUU ES15 \/ SAMSUNG SL30&quot;,&quot;caption&quot;:&quot;&quot;,&quot;created_timestamp&quot;:&quot;1306277662&quot;,&quot;copyright&quot;:&quot;COPYRIGHT, 2009&quot;,&quot;focal_length&quot;:&quot;6.3&quot;,&quot;iso&quot;:&quot;200&quot;,&quot;shutter_speed&quot;:&quot;0.022222222222222&quot;,&quot;title&quot;:&quot;&lt;SAMSUNG DIGITAL CAMERA&gt;&quot;}\" data-image-title=\"Unidad y Lealtad\" data-image-description=\"\" data-image-caption=\"\" data-large-file=\"https:\/\/www.hoymercedes.com.ar\/principal\/wp-content\/uploads\/2011\/05\/locrouyl008.jpg\" class=\"aligncenter size-full wp-image-4549\" title=\"Unidad y Lealtad\" src=\"https:\/\/www.hoymercedes.com.ar\/principal\/wp-content\/uploads\/2011\/05\/locrouyl004.jpg\" alt=\"\" width=\"600\" height=\"450\" \/><\/a><br \/>\n&nbsp;<\/p>\n","protected":false},"excerpt":{"rendered":"<p>En adhesi\u00f3n al doscientos un aniversario de la Revoluci\u00f3n de Mayo, la Agrupaci\u00f3n Justicialista \u00abUnidad y Lealtad\u00bb, junto a la &#8230; <a title=\"\u00abUnidad y Lealtad\u00bb celebr\u00f3 el cumplea\u00f1os patrio\" class=\"read-more\" href=\"https:\/\/www.hoymercedes.com.ar\/principal\/2011\/05\/27\/unidad-y-lealtad-celebro-el-cumpleanos-patrio\/\" aria-label=\"Leer m\u00e1s sobre \u00abUnidad y Lealtad\u00bb celebr\u00f3 el cumplea\u00f1os patrio\">Leer m\u00e1s<\/a><\/p>\n","protected":false},"author":1,"featured_media":0,"comment_status":"open","ping_status":"open","sticky":false,"template":"","format":"standard","meta":{"_monsterinsights_skip_tracking":false,"_monsterinsights_sitenote_active":false,"_monsterinsights_sitenote_note":"","_monsterinsights_sitenote_category":0,"jetpack_post_was_ever_published":false,"_jetpack_newsletter_access":"","_jetpack_dont_email_post_to_subs":false,"_jetpack_newsletter_tier_id":0,"_jetpack_memberships_contains_paywalled_content":false,"_jetpack_memberships_contains_paid_content":false,"footnotes":"","jetpack_publicize_message":"","jetpack_publicize_feature_enabled":true,"jetpack_social_post_already_shared":false,"jetpack_social_options":{"image_generator_settings":{"template":"highway","default_image_id":0,"font":"","enabled":false},"version":2},"_wpas_customize_per_network":false},"categories":[5],"tags":[129],"class_list":["post-4538","post","type-post","status-publish","format-standard","hentry","category-politica","tag-unidad-y-lealtad","generate-columns","tablet-grid-50","mobile-grid-100","grid-parent","grid-50"],"jetpack_publicize_connections":[],"jetpack_featured_media_url":"","wps_subtitle":"","jetpack_sharing_enabled":true,"_links":{"self":[{"href":"https:\/\/www.hoymercedes.com.ar\/principal\/wp-json\/wp\/v2\/posts\/4538","targetHints":{"allow":["GET"]}}],"collection":[{"href":"https:\/\/www.hoymercedes.com.ar\/principal\/wp-json\/wp\/v2\/posts"}],"about":[{"href":"https:\/\/www.hoymercedes.com.ar\/principal\/wp-json\/wp\/v2\/types\/post"}],"author":[{"embeddable":true,"href":"https:\/\/www.hoymercedes.com.ar\/principal\/wp-json\/wp\/v2\/users\/1"}],"replies":[{"embeddable":true,"href":"https:\/\/www.hoymercedes.com.ar\/principal\/wp-json\/wp\/v2\/comments?post=4538"}],"version-history":[{"count":0,"href":"https:\/\/www.hoymercedes.com.ar\/principal\/wp-json\/wp\/v2\/posts\/4538\/revisions"}],"wp:attachment":[{"href":"https:\/\/www.hoymercedes.com.ar\/principal\/wp-json\/wp\/v2\/media?parent=4538"}],"wp:term":[{"taxonomy":"category","embeddable":true,"href":"https:\/\/www.hoymercedes.com.ar\/principal\/wp-json\/wp\/v2\/categories?post=4538"},{"taxonomy":"post_tag","embeddable":true,"href":"https:\/\/www.hoymercedes.com.ar\/principal\/wp-json\/wp\/v2\/tags?post=4538"}],"curies":[{"name":"wp","href":"https:\/\/api.w.org\/{rel}","templated":true}]}}